{"id":131605,"date":"2026-06-10T07:32:08","date_gmt":"2026-06-10T07:32:08","guid":{"rendered":"https:\/\/www.europesays.com\/hu\/131605\/"},"modified":"2026-06-10T07:32:08","modified_gmt":"2026-06-10T07:32:08","slug":"telex-felgyujtott-autok-ego-lakohazak-egesz-ejszaka-folytatodtak-a-zavargasok-belfastban","status":"publish","type":"post","link":"https:\/\/www.europesays.com\/hu\/131605\/","title":{"rendered":"Telex: Felgy\u00fajtott aut\u00f3k, \u00e9g\u0151 lak\u00f3h\u00e1zak \u2013 eg\u00e9sz \u00e9jszaka folytat\u00f3dtak a zavarg\u00e1sok Belfastban"},"content":{"rendered":"<p><img decoding=\"async\" src=\"https:\/\/www.europesays.com\/hu\/wp-content\/uploads\/2026\/06\/1781074905-temp-masibceu7rtq1jeadcd_hero-normal:xl.jpg\"  loading=\"eager\" alt=\"Felgy\u00fajtott aut\u00f3k, \u00e9g\u0151 lak\u00f3h\u00e1zak \u2013 eg\u00e9sz \u00e9jszaka folytat\u00f3dtak a zavarg\u00e1sok Belfastban\" class=\"placeholder_\"\/><\/p>\n<p>\u00c9g\u0151 aut\u00f3 Belfast keleti r\u00e9sz\u00e9n, a zavarg\u00e1sok ut\u00e1n, 2026. j\u00fanius 9-\u00e9n \u2013 Fot\u00f3: Isabel Infantes \/ Reuters<\/p>\n<p><a href=\"https:\/\/telex.hu\/szerzo\/pupli-anna-sara\" class=\"author__avatar\" rel=\"nofollow noopener\" target=\"_blank\"><img decoding=\"async\" src=\"https:\/\/www.europesays.com\/hu\/wp-content\/uploads\/2026\/06\/1780498093_46_1717599487-temp-AbDBcA_avatar@4x.jpg\" alt=\"Pupli Anna S\u00e1ra\" class=\"avatar\" loading=\"lazy\"\/><\/a><\/p>\n<p>\u00c1ll\u00edtsd be a Telexet megb\u00edzhat\u00f3 forr\u00e1snak!<\/p>\n<p>Keddr\u0151l szerd\u00e1ra virrad\u00f3an is folytat\u00f3dtak a zavarg\u00e1sok az \u00e9szak-\u00edrorsz\u00e1gi Belfastban, a t\u0171zolt\u00f3k 62 esethez vonultak ki az \u00e9jszaka folyam\u00e1n. A <a href=\"https:\/\/www.bbc.com\/news\/live\/cr47x99k5n6t\" target=\"_blank\" rel=\"nofollow noopener\">BBC helysz\u00edni tud\u00f3s\u00edt\u00f3ja<\/a> szerda reggel apokaliptikus \u00e1llapotokr\u00f3l sz\u00e1molt be. \u00c9szak-\u00cdrorsz\u00e1g m\u00e1s r\u00e9szein is utc\u00e1ra vonultak a tiltakoz\u00f3k, t\u00f6bbek k\u00f6z\u00f6tt Newtownabbeyben \u00e9s Portadownban.<\/p>\n<p>A kedden kezd\u0151d\u00f6tt <a href=\"https:\/\/telex.hu\/kulfold\/2026\/06\/09\/belfast-zavargasok-szudan-gyilkossagi-kiserlet\" class=\"\" rel=\"nofollow noopener\" target=\"_blank\">bev\u00e1ndorl\u00e1sellenes t\u00fcntet\u00e9s el\u0151zm\u00e9nye<\/a>, hogy h\u00e9tf\u0151n Belfastban egy 30 \u00e9ves szud\u00e1ni f\u00e9rfi lefogott \u00e9s k\u00e9ssel megpr\u00f3b\u00e1lt meg\u00f6lni egy m\u00e1sik f\u00e9rfit. Az esetr\u0151l k\u00e9sz\u00fclt vide\u00f3 szerint az elk\u00f6vet\u0151 a k\u00e9ssel megpr\u00f3b\u00e1lta szab\u00e1lyosan lefejezni \u00e1ldozat\u00e1t. A t\u00e1mad\u00e1st \u00e9szlel\u0151 j\u00e1r\u00f3kel\u0151k k\u00f6z\u00fcl t\u00f6bben beavatkoztak, \u00edgy siker\u00fclt megakad\u00e1lyozni a lefejez\u00e9st. A szud\u00e1ni f\u00e9rfit a helysz\u00ednen elkapt\u00e1k, az \u00e1ldozat\u00e1t s\u00falyos szem-, fej- \u00e9s h\u00e1ts\u00e9r\u00fcl\u00e9sekkel sz\u00e1ll\u00edtott\u00e1k k\u00f3rh\u00e1zba. Az elk\u00f6vet\u0151t gyilkoss\u00e1gi k\u00eds\u00e9rlettel gyan\u00fas\u00edtj\u00e1k.<\/p>\n<p>Az \u00e9jszakai zavarg\u00e1sokat az \u00e9szak-\u00edrorsz\u00e1gi vezet\u0151k egyhang\u00falag el\u00edt\u00e9lt\u00e9k, Michelle O\u2019Neill els\u0151 miniszter \u201eny\u00edlt gaztettnek\u201d nevezte a t\u00f6rt\u00e9nteket. \u201eAz, hogy maszkos f\u00e9rfiak csoportjai kif\u00fcst\u00f6lik a csal\u00e1dokat otthonaikb\u00f3l, nem m\u00e1s, mint undor\u00edt\u00f3 gy\u00e1vas\u00e1g\u201d \u2013 mondta O\u2019Neill. Egy belfasti k\u00e9pvisel\u0151 faji alap\u00f3 pogromr\u00f3l, \u00c9szak-\u00cdrorsz\u00e1g igazs\u00e1g\u00fcgyi minisztere sz\u00e9ls\u0151jobboldali online usz\u00edt\u00f3kr\u00f3l besz\u00e9lt, \u00e9s \u201emegvetend\u0151 cselekedetnek\u201d nevezte, hogy azok a h\u00e9tf\u0151n t\u00f6rt\u00e9nteket a bev\u00e1ndorl\u00e1sellenes narrat\u00edva terjeszt\u00e9s\u00e9re haszn\u00e1lj\u00e1k fel.<\/p>\n<p>A 30 \u00e9ves szud\u00e1ni elk\u00f6vet\u0151nek szerda reggel kell megjelennie a b\u00edr\u00f3s\u00e1gon. Az \u00e9szak\u00edr rend\u0151rs\u00e9g szerint az elk\u00f6vet\u0151 Szud\u00e1nb\u00f3l el\u0151sz\u00f6r P\u00e1rizsba, majd az \u00cdr K\u00f6zt\u00e1rsas\u00e1gban tal\u00e1lhat\u00f3 Dublinba utazott, ahonnan 2023. febru\u00e1rj\u00e1ban busszal \u00e9rkezett meg Belfastba. M\u00e9g aznap menek\u00fcltst\u00e1tusz\u00e9rt folyamodott, a k\u00e9rv\u00e9nye nyom\u00e1n pedig f\u00e9l \u00e9vvel k\u00e9s\u0151bb \u00f6t \u00e9vre tart\u00f3zkod\u00e1si enged\u00e9lyt kapott. A rend\u0151rs\u00e9g szerint az elk\u00f6vet\u0151nek kor\u00e1bban nem voltak rend\u0151rs\u00e9gi \u00fcgyei \u00e9s nem szerepelt a nemzetbiztons\u00e1gi adatb\u00e1zisukban.<\/p>\n<p>A h\u00e9tf\u0151i t\u00e1mad\u00e1s el\u0151tt hetekig egy szikh bev\u00e1ndorl\u00f3 \u00e1ltal elk\u00f6vetett k\u00e9ses gyilkoss\u00e1g tartotta l\u00e1zban az Egyes\u00fclt Kir\u00e1lys\u00e1got. Abban az \u00fcgyben a rend\u0151r\u00f6k s\u00falyos hib\u00e1t elk\u00f6vetve az elk\u00f6vet\u0151nek hittek, \u00e9s az \u00e1ldozatot seg\u00edts\u00e9gny\u00fajt\u00e1s helyett megbilincselt\u00e9k. Az akkori t\u00f6rt\u00e9ntek <a href=\"https:\/\/telex.hu\/kulfold\/2026\/06\/09\/henry-nowak-gyilkossag-rasszizmus-nagy-britannia-szikhek-forrnak-az-indulatok-itelet-birosag\" class=\"\" rel=\"nofollow noopener\" target=\"_blank\">miatt fell\u00e1ngolt az orsz\u00e1gban a bev\u00e1ndorl\u00e1st\u00f3l sz\u00f3l\u00f3 vita<\/a>. Ebben a hangulatban \u00e9rte az orsz\u00e1got a belfasti lefejez\u00e9si k\u00eds\u00e9rletr\u0151l sz\u00f3l\u00f3 vide\u00f3, amelyre azonnal r\u00e1ugrottak brit \u00e9s amerikai jobboldali politikai komment\u00e1torok, k\u00f6zt\u00fck Elon Musk is.<\/p>\n<p>Partnereinkt\u0151l<\/p>\n<p>K\u00f6vess minket Facebookon is!<\/p>\n","protected":false},"excerpt":{"rendered":"\u00c9g\u0151 aut\u00f3 Belfast keleti r\u00e9sz\u00e9n, a zavarg\u00e1sok ut\u00e1n, 2026. j\u00fanius 9-\u00e9n \u2013 Fot\u00f3: Isabel Infantes \/ Reuters \u00c1ll\u00edtsd&hellip;\n","protected":false},"author":2,"featured_media":131606,"comment_status":"","ping_status":"","sticky":false,"template":"","format":"standard","meta":{"footnotes":"","_share_on_mastodon":"0"},"categories":[8],"tags":[4157,1316,19977,42,6145,64,43,41392,34,94,93,92,36173],"class_list":["post-131605","post","type-post","status-publish","format-standard","has-post-thumbnail","category-vilag","tag-belfast","tag-egyesult-kiralysag","tag-eszak-irorszag","tag-hungarian","tag-irorszag","tag-kulfold","tag-magyar","tag-michelle-o","tag-news","tag-vilag","tag-world","tag-world-news","tag-zavargas"],"share_on_mastodon":{"url":"https:\/\/pubeurope.com\/@hu\/116724652464981223","error":""},"_links":{"self":[{"href":"https:\/\/www.europesays.com\/hu\/wp-json\/wp\/v2\/posts\/131605","targetHints":{"allow":["GET"]}}],"collection":[{"href":"https:\/\/www.europesays.com\/hu\/wp-json\/wp\/v2\/posts"}],"about":[{"href":"https:\/\/www.europesays.com\/hu\/wp-json\/wp\/v2\/types\/post"}],"author":[{"embeddable":true,"href":"https:\/\/www.europesays.com\/hu\/wp-json\/wp\/v2\/users\/2"}],"replies":[{"embeddable":true,"href":"https:\/\/www.europesays.com\/hu\/wp-json\/wp\/v2\/comments?post=131605"}],"version-history":[{"count":0,"href":"https:\/\/www.europesays.com\/hu\/wp-json\/wp\/v2\/posts\/131605\/revisions"}],"wp:featuredmedia":[{"embeddable":true,"href":"https:\/\/www.europesays.com\/hu\/wp-json\/wp\/v2\/media\/131606"}],"wp:attachment":[{"href":"https:\/\/www.europesays.com\/hu\/wp-json\/wp\/v2\/media?parent=131605"}],"wp:term":[{"taxonomy":"category","embeddable":true,"href":"https:\/\/www.europesays.com\/hu\/wp-json\/wp\/v2\/categories?post=131605"},{"taxonomy":"post_tag","embeddable":true,"href":"https:\/\/www.europesays.com\/hu\/wp-json\/wp\/v2\/tags?post=131605"}],"curies":[{"name":"wp","href":"https:\/\/api.w.org\/{rel}","templated":true}]}}