{"id":131649,"date":"2026-06-10T08:16:10","date_gmt":"2026-06-10T08:16:10","guid":{"rendered":"https:\/\/www.europesays.com\/hu\/131649\/"},"modified":"2026-06-10T08:16:10","modified_gmt":"2026-06-10T08:16:10","slug":"a-tisza-atirja-a-parlamenti-szabalyokat-8000-milliard-oka-van-a-hazszabaly-modositasanak","status":"publish","type":"post","link":"https:\/\/www.europesays.com\/hu\/131649\/","title":{"rendered":"A Tisza \u00e1t\u00edrja a parlamenti szab\u00e1lyokat, 8000 milli\u00e1rd oka van a h\u00e1zszab\u00e1ly m\u00f3dos\u00edt\u00e1s\u00e1nak"},"content":{"rendered":"<p class=\"\">\n    Orsz\u00e1ggy\u0171l\u00e9si hat\u00e1rozati javaslatot ny\u00fajtott be Schummer Orsolya, a Tisza k\u00e9pvisel\u0151je annak \u00e9rdek\u00e9ben, hogy ez \u00e9v v\u00e9g\u00e9ig v\u00e1ltozzon a parlamenti h\u00e1zszab\u00e1ly, \u00e9s a mostanin\u00e1l nagyobb sz\u00e1mban lehessen s\u00fcrg\u0151s t\u00e1rgyal\u00e1st tartani, illetve kiv\u00e9teles elj\u00e1r\u00e1st lefolytatni. Az <a href=\"https:\/\/www.parlament.hu\/\/irom43\/00170\/00170.pdf\" target=\"_blank\" rel=\"nofollow noopener\">el\u0151terjeszt\u00e9se (pdf)<\/a> \u00e9rtelm\u00e9ben\n  <\/p>\n<p>    a s\u00fcrg\u0151s t\u00e1rgyal\u00e1s elrendel\u00e9s\u00e9nek f\u00e9l\u00e9venk\u00e9nti fels\u0151 hat\u00e1r\u00e1t a jelenlegi legfeljebb hatr\u00f3l tizen\u00f6t alkalomra, m\u00edga kiv\u00e9teles elj\u00e1r\u00e1s elrendel\u00e9s\u00e9nek f\u00e9l\u00e9venk\u00e9nti fels\u0151 hat\u00e1r\u00e1t a jelenlegi legfeljebb n\u00e9gyr\u0151l t\u00edz alkalomra emeli.<\/p>\n<p class=\"\">\n    A k\u00e9t fels\u0151 hat\u00e1rt 2027. janu\u00e1r elsejei hat\u00e1llyal a mostani szintre \u00e1ll\u00edtj\u00e1k vissza.\n  <\/p>\n<p class=\"\">\n    Az el\u0151terjeszt\u0151 indokol\u00e1sa szerint a m\u00f3dos\u00edt\u00e1s ahhoz kell, hogy \u201eMagyarorsz\u00e1g miel\u0151bb hozz\u00e1f\u00e9rjen a sz\u00e1m\u00e1ra meg\u00edt\u00e9lt, az el\u0151z\u0151 korm\u00e1ny felel\u0151ss\u00e9gi k\u00f6r\u00e9be tartoz\u00f3 okb\u00f3l elmaradt uni\u00f3s forr\u00e1sokhoz\u201d. Mivel id\u00e9n augusztus 31-ig \u201e\u00f6sszesen mintegy 8000 milli\u00e1rd forint \u00f6sszeg\u0171 forr\u00e1s sorsa d\u0151l el v\u00e9glegesen, elengedhetetlen a s\u00fcrg\u0151s t\u00e1rgyal\u00e1sra, valamint a kiv\u00e9teles elj\u00e1r\u00e1sra vonatkoz\u00f3 hat\u00e1rozati h\u00e1zszab\u00e1lyi rendelkez\u00e9sek \u00e1tmeneti m\u00f3dos\u00edt\u00e1sa\u201d \u2013 olvashat\u00f3m a Schummer \u00e1ltal kedd d\u00e9lut\u00e1n beny\u00fajtott javaslatban.\n  <\/p>\n<p class=\"\">\n    Mindk\u00e9t v\u00e1ltoztat\u00e1s az extr\u00e9m gyorsan elfogadhat\u00f3 jogszab\u00e1lyok megalkot\u00e1s\u00e1nak ter\u00e9t b\u0151v\u00edti. A s\u00fcrg\u0151s t\u00e1rgyal\u00e1ssal ak\u00e1r hat nap alatt \u00e1t lehet vinni egy javaslatot az Orsz\u00e1ggy\u0171l\u00e9sen, m\u00edg norm\u00e1l esetben ez hetekig tart\u00f3, t\u00f6bb k\u00f6r\u00f6s vit\u00e1val folytatott folyamat. A kiv\u00e9teles elj\u00e1r\u00e1sban m\u00e9g ennyi id\u0151 sem kell, a beny\u00fajt\u00e1s ut\u00e1n 24 \u00f3r\u00e1val m\u00e1r szavazhatnak is egy el\u0151terjeszt\u00e9sr\u0151l.\n  <\/p>\n","protected":false},"excerpt":{"rendered":"Orsz\u00e1ggy\u0171l\u00e9si hat\u00e1rozati javaslatot ny\u00fajtott be Schummer Orsolya, a Tisza k\u00e9pvisel\u0151je annak \u00e9rdek\u00e9ben, hogy ez \u00e9v v\u00e9g\u00e9ig v\u00e1ltozzon a&hellip;\n","protected":false},"author":2,"featured_media":131650,"comment_status":"","ping_status":"","sticky":false,"template":"","format":"standard","meta":{"footnotes":"","_share_on_mastodon":"0"},"categories":[33],"tags":[80,38,35,37,44,42,40,41399,43,41,34,2307,41400,41398,41397,2670,36,24261,39],"class_list":["post-131649","post","type-post","status-publish","format-standard","has-post-thumbnail","category-hirek","tag-belfold","tag-focimek","tag-headlines","tag-hirek","tag-hu","tag-hungarian","tag-hungary","tag-kiveteles-eljaras","tag-magyar","tag-magyarorszag","tag-news","tag-orszaggyules","tag-parlamenti-hazszabaly","tag-schummer-orsolya","tag-surgos-targyalas","tag-tisza","tag-top-stories","tag-unios-forrasok","tag-vezeto-hirek"],"share_on_mastodon":{"url":"https:\/\/pubeurope.com\/@hu\/116724825278814716","error":""},"_links":{"self":[{"href":"https:\/\/www.europesays.com\/hu\/wp-json\/wp\/v2\/posts\/131649","targetHints":{"allow":["GET"]}}],"collection":[{"href":"https:\/\/www.europesays.com\/hu\/wp-json\/wp\/v2\/posts"}],"about":[{"href":"https:\/\/www.europesays.com\/hu\/wp-json\/wp\/v2\/types\/post"}],"author":[{"embeddable":true,"href":"https:\/\/www.europesays.com\/hu\/wp-json\/wp\/v2\/users\/2"}],"replies":[{"embeddable":true,"href":"https:\/\/www.europesays.com\/hu\/wp-json\/wp\/v2\/comments?post=131649"}],"version-history":[{"count":0,"href":"https:\/\/www.europesays.com\/hu\/wp-json\/wp\/v2\/posts\/131649\/revisions"}],"wp:featuredmedia":[{"embeddable":true,"href":"https:\/\/www.europesays.com\/hu\/wp-json\/wp\/v2\/media\/131650"}],"wp:attachment":[{"href":"https:\/\/www.europesays.com\/hu\/wp-json\/wp\/v2\/media?parent=131649"}],"wp:term":[{"taxonomy":"category","embeddable":true,"href":"https:\/\/www.europesays.com\/hu\/wp-json\/wp\/v2\/categories?post=131649"},{"taxonomy":"post_tag","embeddable":true,"href":"https:\/\/www.europesays.com\/hu\/wp-json\/wp\/v2\/tags?post=131649"}],"curies":[{"name":"wp","href":"https:\/\/api.w.org\/{rel}","templated":true}]}}