{"id":131853,"date":"2026-06-10T11:20:12","date_gmt":"2026-06-10T11:20:12","guid":{"rendered":"https:\/\/www.europesays.com\/hu\/131853\/"},"modified":"2026-06-10T11:20:12","modified_gmt":"2026-06-10T11:20:12","slug":"ilyen-lesz-brad-pitt-regota-vart-kalandfilmje","status":"publish","type":"post","link":"https:\/\/www.europesays.com\/hu\/131853\/","title":{"rendered":"Ilyen lesz Brad Pitt r\u00e9g\u00f3ta v\u00e1rt kalandfilmje"},"content":{"rendered":"<p>\n                        A vadon sz\u00edve egy igazi kuty\u00e1s kaland lesz.                    <\/p>\n<p>Meg\u00e9rkeztek az els\u0151 jelenetfot\u00f3k <a href=\"https:\/\/port.hu\/adatlap\/szemely\/brad-pitt\/person-2660\" rel=\"nofollow noopener\" target=\"_blank\">Brad Pitt<\/a> v\u00e1rva v\u00e1rt \u00faj kalandfilmj\u00e9b\u0151l, a szeptemberben mozikba ker\u00fcl\u0151 <a href=\"https:\/\/port.hu\/adatlap\/film\/mozi\/a-vadon-szive-heart-of-the-beast\/movie-269202\" rel=\"nofollow noopener\" target=\"_blank\">A vadon sz\u00edv\u00e9<\/a>b\u0151l. A t\u00f6rt\u00e9net szerint Pitt a volt k\u00fcl\u00f6nleges er\u0151k egykori katon\u00e1ja, aki mag\u00e1val viszi nyugd\u00edjazott harci kuty\u00e1j\u00e1t, mik\u00f6zben a k\u00e9t szerepl\u0151 megpr\u00f3b\u00e1l visszat\u00e9r a civiliz\u00e1ci\u00f3ba egy sz\u00f6rny\u0171 baleset ut\u00e1n, amely az alaszkai vadon m\u00e9ly\u00e9n t\u00f6rt\u00e9nt. A sz\u00edn\u00e9sz \u00e9s az eb mellett a filmben f\u0151szerepet kap a leny\u0171g\u00f6z\u0151 \u00faj-z\u00e9landi term\u00e9szet is, ami ez\u00fattal Alaszk\u00e1t \u201ealak\u00edtja\u201d. A vadon sz\u00edv\u00e9t <a href=\"https:\/\/port.hu\/adatlap\/szemely\/david-ayer\/person-134770\" rel=\"nofollow noopener\" target=\"_blank\">David Ayer<\/a> rendezi, aki t\u00f6bbek k\u00f6zt a 2014-es Harag c\u00edm\u0171 h\u00e1bor\u00fas filmben dolgozott egy\u00fctt Pitt-tel, de \u0151 dirig\u00e1lta az elm\u00falt \u00e9vek legsikeresebb Jason Statham-filmj\u00e9t, A m\u00e9h\u00e9szt (2024), valamint a 2025-\u00f6s A mel\u00f3st is.<\/p>\n<p>&#13;<br \/>\n<img decoding=\"async\" src=\"https:\/\/www.europesays.com\/hu\/wp-content\/uploads\/2026\/06\/854.webp\" alt=\"\" caption=\"true\" captiontext=\"Forr\u00e1s: Scott Garfield\/Paramount Pictures\"\/>Forr\u00e1s: Scott Garfield\/Paramount Pictures<\/p>\n<p>Ayer szerint Pitt t\u00f6bb mint m\u00e9lt\u00f3 a film c\u00edm\u00e9hez, \u00e9s teljes\u00edtm\u00e9nye minden bizonnyal j\u00f3 benyom\u00e1st keltett. \u201e\u0150 egy igazi fenevad\u201d \u2013 mondta Ayer a GQ-nak adott interj\u00faban, utalva a film eredeti c\u00edm\u00e9re: Heart of the Beast.<\/p>\n<p>&#13;<br \/>\n\u201eOlyan sebezhet\u0151 volt \u00e9s olyan m\u00e9rt\u00e9kben t\u00e1rta fel mag\u00e1t, amilyet m\u00e9g soha nem l\u00e1ttam. Akik l\u00e1tt\u00e1k m\u00e1r a filmet, azok k\u00f6zt visszat\u00e9r\u0151 t\u00e9ma, hogy mennyire nyers, hiteles \u00e9s m\u00e9lyrehat\u00f3 az alak\u00edt\u00e1sa.\u201d&#13;<\/p>\n<p>Ayer arr\u00f3l is besz\u00e9lt, hogy mind az \u0151, mind pedig Pitt kreat\u00edv l\u00e1t\u00e1sm\u00f3dja sokat \u00e9rett az elm\u00falt \u00e9vtizedben:<\/p>\n<p>&#13;<br \/>\n\u201eA Harag az\u00e9rt volt \u00e9rdekes, mert h\u00e1bor\u00fas film: vannak benne tankok, robban\u00e1sok, emberek mindenfel\u00e9, \u00e9s van egyfajta monument\u00e1lis jellege. Ebben a filmben viszont nincs hova b\u00fajni: csak \u00e9n vagyok, Brad, egy kamera \u00e9s egy kutya.\u201d&#13;<br \/>\n<img decoding=\"async\" src=\"https:\/\/www.europesays.com\/hu\/wp-content\/uploads\/2026\/06\/852.webp\" alt=\"\" caption=\"true\" captiontext=\"Forr\u00e1s: Scott Garfield\/Paramount Pictures\"\/>Forr\u00e1s: Scott Garfield\/Paramount Pictures<\/p>\n<p>Ayer \u00f6sszehasonl\u00edtotta A vadon sz\u00edv\u00e9t Pitt el\u0151z\u0151 munk\u00e1j\u00e1val, az <a href=\"https:\/\/port.hu\/adatlap\/film\/mozi\/f1-a-film-f1\/movie-257593\" rel=\"nofollow noopener\" target=\"_blank\">F1<\/a>-gyel (20259, amelyben a csillog\u00e1s, a nemzetk\u00f6zi helysz\u00edn, a sz\u00e1guld\u00f3 aut\u00f3k, a t\u00f6meg \u00e9s a zaj domin\u00e1lt, ez a produkci\u00f3 pont ez ellent\u00e9te ennek: a sz\u00edn\u00e9sz egy gigantikus vil\u00e1gb\u00f3l egy sokkal sz\u0171kebb, intimebb k\u00f6zegbe cs\u00f6ppent, aminek az egyszer\u0171 eszt\u00e9tik\u00e1ja domin\u00e1l. A rendez\u0151 k\u00fcl\u00f6n kit\u00e9rt a film m\u00e1sik f\u0151szerepl\u0151j\u00e9re, Odinra, a kuty\u00e1ra, akit val\u00f3j\u00e1ban n\u00e9gy eb alak\u00edt: egy apa \u00e9s h\u00e1rom k\u00f6lyke. Tov\u00e1bb\u00e1 Ayer mindenkit megnyugtatott: a kutya nem hal meg a filmben.<\/p>\n<p>&#13;<\/p>\n<p>A vadon sz\u00edve szeptember 24-\u00e9n \u00e9rkezik a magyar mozikba.<\/p>\n<p>&#13;<\/p>\n<p><a href=\"https:\/\/port.hu\/cikk\/mozi\/10-film-kutyaimadoknak\/article-61098\" rel=\"nofollow noopener\" target=\"_blank\"><img decoding=\"async\" src=\"https:\/\/www.europesays.com\/hu\/wp-content\/uploads\/2026\/06\/944.webp\" width=\"300\"\/><\/a><a href=\"https:\/\/port.hu\/cikk\/mozi\/10-film-kutyaimadoknak\/article-61098\" rel=\"nofollow noopener\" target=\"_blank\">10 film kutyaim\u00e1d\u00f3knak<\/a><\/p>\n<p>Rajzfilmek, csal\u00e1di filmek, zsarufilmek \u2013 mindegyikben k\u00f6z\u00f6s, hogy legal\u00e1bb egy n\u00e9gyl\u00e1b\u00fa f\u0151szerepl\u0151je van. Az egyikben sz\u00e1zegy, nyilv\u00e1n nem hagyhattuk ki.<\/p>\n<p><a class=\"article-btn\" href=\"https:\/\/port.hu\/cikk\/mozi\/10-film-kutyaimadoknak\/article-61098\" rel=\"nofollow noopener\" target=\"_blank\">L\u00e1ssuk!<\/a><\/p>\n<p>&#13;<\/p>\n<p>\u00a0<\/p>\n<p>&#13;<\/p>\n<p>(via <a href=\"https:\/\/www.cbr.com\/brad-pitt-david-ayer-heart-of-the-beast-first-look-adventure-movie\/\" target=\"_blank\" rel=\"noopener nofollow\">CBR<\/a>)<\/p>\n<p>                <a href=\"https:\/\/google.com\/preferences\/source?q=https:\/\/port.hu\" target=\"_blank\" class=\"google-pref-banner\" id=\"googlePrefBanner\" rel=\"nofollow noopener\"><br \/>\n                    <img loading=\"lazy\" decoding=\"async\" src=\"https:\/\/port.hu\/img\/svg\/google-logo.svg\" width=\"52\" height=\"52\"\/><br \/>\n                    Itt \u00e1ll\u00edtsa be, hogy a Port az els\u0151k k\u00f6z\u00f6tt legyen a Google-tal\u00e1latokban!<\/p>\n<p>                <\/a><\/p>\n","protected":false},"excerpt":{"rendered":"A vadon sz\u00edve egy igazi kuty\u00e1s kaland lesz. Meg\u00e9rkeztek az els\u0151 jelenetfot\u00f3k Brad Pitt v\u00e1rva v\u00e1rt \u00faj kalandfilmj\u00e9b\u0151l,&hellip;\n","protected":false},"author":2,"featured_media":131854,"comment_status":"","ping_status":"","sticky":false,"template":"","format":"standard","meta":{"footnotes":"","_share_on_mastodon":"0"},"categories":[21],"tags":[41437,1850,198,41438,137,199,44,42,40,8844,917,43,41,166,138],"class_list":["post-131853","post","type-post","status-publish","format-standard","has-post-thumbnail","category-hiressegek","tag-a-vadon-szive","tag-brad-pitt","tag-celebrities","tag-david-ayer","tag-entertainment","tag-hiressegek","tag-hu","tag-hungarian","tag-hungary","tag-kalandfilm","tag-kutya","tag-magyar","tag-magyarorszag","tag-mozi","tag-szorakozas"],"share_on_mastodon":{"url":"https:\/\/pubeurope.com\/@hu\/116725548603661233","error":""},"_links":{"self":[{"href":"https:\/\/www.europesays.com\/hu\/wp-json\/wp\/v2\/posts\/131853","targetHints":{"allow":["GET"]}}],"collection":[{"href":"https:\/\/www.europesays.com\/hu\/wp-json\/wp\/v2\/posts"}],"about":[{"href":"https:\/\/www.europesays.com\/hu\/wp-json\/wp\/v2\/types\/post"}],"author":[{"embeddable":true,"href":"https:\/\/www.europesays.com\/hu\/wp-json\/wp\/v2\/users\/2"}],"replies":[{"embeddable":true,"href":"https:\/\/www.europesays.com\/hu\/wp-json\/wp\/v2\/comments?post=131853"}],"version-history":[{"count":0,"href":"https:\/\/www.europesays.com\/hu\/wp-json\/wp\/v2\/posts\/131853\/revisions"}],"wp:featuredmedia":[{"embeddable":true,"href":"https:\/\/www.europesays.com\/hu\/wp-json\/wp\/v2\/media\/131854"}],"wp:attachment":[{"href":"https:\/\/www.europesays.com\/hu\/wp-json\/wp\/v2\/media?parent=131853"}],"wp:term":[{"taxonomy":"category","embeddable":true,"href":"https:\/\/www.europesays.com\/hu\/wp-json\/wp\/v2\/categories?post=131853"},{"taxonomy":"post_tag","embeddable":true,"href":"https:\/\/www.europesays.com\/hu\/wp-json\/wp\/v2\/tags?post=131853"}],"curies":[{"name":"wp","href":"https:\/\/api.w.org\/{rel}","templated":true}]}}