{"id":131989,"date":"2026-06-10T13:18:11","date_gmt":"2026-06-10T13:18:11","guid":{"rendered":"https:\/\/www.europesays.com\/hu\/131989\/"},"modified":"2026-06-10T13:18:11","modified_gmt":"2026-06-10T13:18:11","slug":"telex-40-eve-nem-volt-ennyi-nb-i-es-jatekos-a-foci-vb-n","status":"publish","type":"post","link":"https:\/\/www.europesays.com\/hu\/131989\/","title":{"rendered":"Telex: 40 \u00e9ve nem volt ennyi NB I.-es j\u00e1t\u00e9kos a foci-vb-n"},"content":{"rendered":"<p>Utolj\u00e1ra akkor volt annyi NB I.-es j\u00e1t\u00e9kos a futball-vil\u00e1gbajnoks\u00e1g mez\u0151ny\u00e9ben, mint most, amikor Magyarorsz\u00e1g is vb-r\u00e9sztvev\u0151 volt, vagyis 1986-ban. Mezey Gy\u00f6rgy akkori keret\u00e9nek v\u00e1z\u00e1t a bajnok Budapest Honv\u00e9d adta, a 22 j\u00e1t\u00e9kosb\u00f3l 7-en, vagyis a harmaduk a bajnokcsapatot er\u0151s\u00edtette.<\/p>\n<p>Id\u00e9n \u00f6sszesen h\u00e1rom NB I.-es \u00e9s m\u00e9g h\u00e1rom, kor\u00e1bban Magyarorsz\u00e1gon futballoz\u00f3 j\u00e1t\u00e9kost lehet k\u00f6vetni a vil\u00e1gbajnoks\u00e1gon:<\/p>\n<p>a bajnok Gy\u0151rt er\u0151s\u00edt\u0151 Nadhir Benbouali Alg\u00e9ria vb-keret\u00e9be f\u00e9rt be;a m\u00e1sf\u00e9l szezon \u00f3ta a Ferencv\u00e1rosban j\u00e1tsz\u00f3 Lenny Joseph Haiti csapat\u00e1val \u00edrhat majd t\u00f6rt\u00e9nelmet;Laros Duarte pedig Felcs\u00fatr\u00f3l megy a vb-re a Z\u00f6ld-foki K\u00f6zt\u00e1rsas\u00e1g v\u00e1logatottj\u00e1val;Duart\u00e9nek lesz kivel kit\u00e1rgyalni az NB I. viselt dolgait, ugyanis a Z\u00f6ld-foki K\u00f6zt\u00e1rsas\u00e1g csapat\u00e1ban ott lesz az a 38 \u00e9ves Stopira is, aki 2012\u201323 k\u00f6z\u00f6tt \u00f6sszesen 348 meccset j\u00e1tszott a Videotonban;a panamai csapatban egy r\u00e9gi ismer\u0151s lesz ott, a Budapest Honv\u00e9dban 2013\u201315 k\u00f6z\u00f6tt j\u00e1tsz\u00f3 An\u00edbal Godoy;m\u00edg a bosny\u00e1k csapatban Haris Tabakovi\u0107 lehet majd olyan, akire t\u00f6bben eml\u00e9keznek, hiszen \u0151 a Debrecenben \u00e9s a Di\u00f3sgy\u0151rben is megfordult.<\/p>\n<p>Az alg\u00e9riai Nadhir Benbouali 2024-ben m\u00e9g csak k\u00f6lcs\u00f6nbe \u00e9rkezett a Gy\u0151ri ETO-hoz a belga Charleroi csapat\u00e1t\u00f3l, majd 2025 nyar\u00e1n m\u00e1r v\u00e9gleg megszerezt\u00e9k. Id\u00e9n kulcsszerepe volt abban, hogy <a href=\"https:\/\/telex.hu\/sport\/2026\/05\/16\/kisvarda-gyor-ftc-zte-nb-i-bajnokavatas\" class=\"\" rel=\"nofollow noopener\" target=\"_blank\">bajnoki c\u00edmhez seg\u00edtette a gy\u0151ri csapatot<\/a>, 15 g\u00f3lj\u00e1val h\u00e1zi g\u00f3lkir\u00e1ly lett, a bajnoks\u00e1gban pedig a harmadik helyen v\u00e9gzett a g\u00f3ll\u00f6v\u0151list\u00e1n a felcs\u00fati Luk\u00e1cs D\u00e1niel \u00e9s az \u00fajpesti Aljo\u0161a Matko m\u00f6g\u00f6tt, akik 17-17 g\u00f3lig jutottak.<\/p>\n<p>A 26 \u00e9ves Benbouali 2022-ben kapott el\u0151sz\u00f6r megh\u00edv\u00f3t az alg\u00e9riai csapatba, Togo ellen deb\u00fct\u00e1lt, majd a m\u00e1sodik meccs\u00e9n, a Kong\u00f3i Demokratikus K\u00f6zt\u00e1rsas\u00e1g ellen m\u00e1r be is tal\u00e1lt. Azt\u00e1n h\u00e1rom \u00e9vig nem j\u00e1tszott a v\u00e1logatottban, 2026-ban, a j\u00f3 gy\u0151ri form\u00e1j\u00e1nak is k\u00f6sz\u00f6nhet\u0151en viszont \u00fajra v\u00e1logatott lett Djamel Belmadi alatt. Az afrikai nemzetek kup\u00e1ja-keretben m\u00e9g nem volt benne, az az\u00f3ta j\u00e1tszott h\u00e1rom bar\u00e1ts\u00e1gos meccsen viszont igen: Guatemala ellen cserek\u00e9nt be\u00e1llva szerzett g\u00f3lt, majd az Uruguay elleni 0-0-s d\u00f6ntetlen \u00e9s a hollandok elleni 1-0-s veres\u00e9g sor\u00e1n is csere volt.<\/p>\n<p>Alg\u00e9ria Argent\u00edn\u00e1val, Ausztri\u00e1val \u00e9s Jord\u00e1ni\u00e1val egy csoportban szerepel.<\/p>\n<p>A 25 \u00e9ves Lenny Joseph 2025. janu\u00e1r v\u00e9g\u00e9n \u00e9rkezett a Ferencv\u00e1roshoz, az els\u0151 szezonj\u00e1ban bajnok lett, id\u00e9n m\u00e1sodik helyet szerzett a Fradival, amiben 48 meccsen 16 g\u00f3lt \u00e9s 10 g\u00f3lpasszt hozott \u00f6ssze. A haiti v\u00e1logatottban viszonylag \u00faj embernek sz\u00e1m\u00edt, a mostani vb el\u0151tt fedezt\u00e9k csak fel, de j\u00f3 jel, hogy egyb\u0151l g\u00f3llal mutatkozott be a csapatban: j\u00fanius 2-\u00e1n \u00daj-Z\u00e9land ellen tal\u00e1lt be \u00fagy, hogy a f\u00e9lid\u0151ben cserek\u00e9nt \u00e1llt be. A meccset 4-0-ra nyert\u00e9k meg, de n\u00e9gy nappal k\u00e9s\u0151bb, j\u00fanius 6-\u00e1n is lehet\u0151s\u00e9get kapott a Peru ellen 2-1-re elvesztett meccsen, amin 30 perc jutott neki.<\/p>\n<p><img decoding=\"async\" src=\"https:\/\/www.europesays.com\/hu\/wp-content\/uploads\/2026\/06\/1780913402-temp-lgliovabi2gmfomncmb_cikktorzs:xl.jpg\"  loading=\"lazy\" alt=\"A Ferencv\u00e1rosb\u00f3l a vb-re utaz\u00f3 Lenny Joseph \u00fcnnepli a Haiti\u2013\u00daj-Z\u00e9land bar\u00e1ts\u00e1gos m\u00e9rk\u0151z\u00e9sen szerzett g\u00f3lj\u00e1t 2026. j\u00fanius 2-\u00e1n \u2013 Fot\u00f3: Chris Arjoon \/ Icon Sportswire \/ Getty Images\" class=\"placeholder_\"\/><\/p>\n<p>A Ferencv\u00e1rosb\u00f3l a vb-re utaz\u00f3 Lenny Joseph \u00fcnnepli a Haiti\u2013\u00daj-Z\u00e9land bar\u00e1ts\u00e1gos m\u00e9rk\u0151z\u00e9sen szerzett g\u00f3lj\u00e1t 2026. j\u00fanius 2-\u00e1n \u2013 Fot\u00f3: Chris Arjoon \/ Icon Sportswire \/ Getty Images<\/p>\n<p>A m\u00e1sodik vb-j\u00e9n szerepl\u0151 Haitinek nem lesz k\u00f6nny\u0171 dolga, a csoportjukban Braz\u00edlia, Marokk\u00f3 \u00e9s Sk\u00f3cia van m\u00e9g.<\/p>\n<p>Mindh\u00e1rom, a vb-re utaz\u00f3 NB I.-es j\u00e1t\u00e9kos g\u00f3lt szerzett a vil\u00e1gbajnoks\u00e1g el\u0151tti k\u00f6zvetlen felk\u00e9sz\u00fcl\u00e9s sor\u00e1n, a Pusk\u00e1s Akad\u00e9mi\u00e1t 2024 \u00f3ta er\u0151s\u00edt\u0151 Laros Duarte m\u00e1jus 31-\u00e9n, a szerbek ellen szerezte meg v\u00e1logatottbeli els\u0151 g\u00f3lj\u00e1t a Z\u00f6ld-foki K\u00f6zt\u00e1rsas\u00e1g csapat\u00e1val. A k\u00f6z\u00e9pp\u00e1ly\u00e1s 18-szor volt m\u00e1r v\u00e1logatott, Szerbia ellen egy f\u00e9lid\u0151t j\u00e1tszhatott a 3-0-ra megnyert meccsen, a szint\u00e9n 3-0-s z\u00f6ld-foki sikert hoz\u00f3, Bermuda elleni meccsen sem volt benne a kezd\u0151csapatban.<\/p>\n<p>Duarte mellett egy m\u00e1sik NB I.-es ismer\u0151s, a Videotonnal k\u00e9t bajnoki c\u00edmet \u00e9s egy magyar kup\u00e1t nyer\u0151 Stopira is ott lesz a keretben. A 38 \u00e9ves, 62-szeres v\u00e1logatott Stopira stabil ember a Z\u00f6ld-foki K\u00f6zt\u00e1rsas\u00e1g v\u00e1logatottj\u00e1ban, a szerbek ellen 11 percet kapott, Bermuda ellen viszont kezd\u0151 volt. Jelenleg a portug\u00e1l m\u00e1sodoszt\u00e1ly\u00fa Torreense j\u00e1t\u00e9kosa, amivel megnyert\u00e9k a portug\u00e1l kup\u00e1t \u2013 el\u0151sz\u00f6r fordult el\u0151, hogy nem els\u0151 oszt\u00e1ly\u00fa csapat nyerje meg a ki\u00edr\u00e1st Portug\u00e1li\u00e1ban.<\/p>\n<p>Az els\u0151 vb-j\u00e9n szerepl\u0151 Z\u00f6ld-foki K\u00f6zt\u00e1rsas\u00e1gnak rettenetesen neh\u00e9z dolga lesz, hiszen Spanyolorsz\u00e1ggal, Uruguayjal \u00e9s Sza\u00fad-Ar\u00e1bi\u00e1val egy csoportban szerepelnek.<\/p>\n<p><img decoding=\"async\" src=\"https:\/\/www.europesays.com\/hu\/wp-content\/uploads\/2026\/06\/1780913273-temp-8hnrj9oaukjk7padlab_cikktorzs:xl.jpg\"  loading=\"lazy\" alt=\"A Pusk\u00e1s Akad\u00e9mi\u00e1t er\u0151s\u00edt\u0151 Laros Duarte \u00e9s a Torreense j\u00e1t\u00e9kosa, Stopira a Z\u00f6ld-foki K\u00f6zt\u00e1rsas\u00e1g Szerbia elleni m\u00e9rk\u0151z\u00e9s\u00e9n 2026. m\u00e1jus 31-\u00e9n \u2013 Fot\u00f3: Carlos Rodrigues \/ Getty Images \u00e9s Torbjorn Tande \/ DeFodi \/ Getty Images\" class=\"placeholder_\"\/><img decoding=\"async\" src=\"https:\/\/www.europesays.com\/hu\/wp-content\/uploads\/2026\/06\/1780914752-temp-cqfm5nsitrb30chfoja_cikktorzs:xl.jpg\"  loading=\"lazy\" alt=\"A Pusk\u00e1s Akad\u00e9mi\u00e1t er\u0151s\u00edt\u0151 Laros Duarte \u00e9s a Torreense j\u00e1t\u00e9kosa, Stopira a Z\u00f6ld-foki K\u00f6zt\u00e1rsas\u00e1g Szerbia elleni m\u00e9rk\u0151z\u00e9s\u00e9n 2026. m\u00e1jus 31-\u00e9n \u2013 Fot\u00f3: Carlos Rodrigues \/ Getty Images \u00e9s Torbjorn Tande \/ DeFodi \/ Getty Images\" class=\"placeholder_\"\/><\/p>\n<p>A Pusk\u00e1s Akad\u00e9mi\u00e1t er\u0151s\u00edt\u0151 Laros Duarte \u00e9s a Torreense j\u00e1t\u00e9kosa, Stopira a Z\u00f6ld-foki K\u00f6zt\u00e1rsas\u00e1g Szerbia elleni m\u00e9rk\u0151z\u00e9s\u00e9n 2026. m\u00e1jus 31-\u00e9n \u2013 Fot\u00f3: Carlos Rodrigues \/ Getty Images \u00e9s Torbjorn Tande \/ DeFodi \/ Getty Images<\/p>\n<p>2015-ben, teh\u00e1t t\u00f6bb mint t\u00edz \u00e9ve j\u00e1tszott utolj\u00e1ra magyar csapatban a panamai An\u00edbal Godoy, aki 2013\u201315 k\u00f6z\u00f6tt 30 meccset j\u00e1tszott a Honv\u00e9dban. Az\u00f3ta Amerik\u00e1ban szerepel, jelenleg a San Diego FC j\u00e1t\u00e9kosa, \u00edgy nem lesz \u00faj neki a k\u00f6rnyezet, m\u00e9g \u00fagy sem, hogy a panamai csapat k\u00e9t meccs\u00e9t is Toront\u00f3ban j\u00e1tssza majd: Godoy az amerikai bajnoks\u00e1gban, az MLS-ben rendszeresen j\u00e1tszik a Toronto FC ellen is. A v\u00e1logatottban kulcsszerepe van, hiszen \u0151 lesz a csapatkapit\u00e1ny is a vb alatt. Mivel kisebb s\u00e9r\u00fcl\u00e9ssel bajl\u00f3dik, kihagyta csapata felk\u00e9sz\u00fcl\u00e9si meccseit, \u00edgy nem j\u00e1tszott m\u00e1jus 31-\u00e9n, amikor Braz\u00edlia 6-2-re verte \u0151ket, j\u00fanius 4-\u00e9n, amikor 4-2-re vert\u00e9k Dominik\u00e1t \u00e9s j\u00fanius 6-\u00e1n sem, amikor a bosny\u00e1kokkal z\u00e1rtak 1-1-re. A panamai vb-kerethez Amerik\u00e1ban csatlakozik majd a 36 \u00e9ves j\u00e1t\u00e9kos.<\/p>\n<p>Panama Angli\u00e1val, Horv\u00e1torsz\u00e1ggal \u00e9s Gh\u00e1n\u00e1val szerepel egy csoportban.<\/p>\n<p>A 31 \u00e9ves Haris Tabakovi\u0107 Panama utols\u00f3 felk\u00e9sz\u00fcl\u00e9si ellenfel\u00e9vel, Bosznia-Hercegovin\u00e1val lesz ott a vb-n. A Hoffenheim j\u00e1t\u00e9kosa a legut\u00f3bbi szezont a Borussia M\u00f6nchengladbachban t\u00f6lt\u00f6tte k\u00f6lcs\u00f6nben. Magyar klubban utolj\u00e1ra 2020-ban l\u00e1thattuk, 2017\u201319 k\u00f6z\u00f6tt a Debrecent, majd egy \u00e9vig a Di\u00f3sgy\u0151rt er\u0151s\u00edtette, \u00f6sszesen 41 magyarorsz\u00e1gi meccse van. Mivel m\u00e1jus k\u00f6zep\u00e9n l\u00e1bk\u00f6z\u00e9pcsontt\u00f6r\u00e9st szenvedett, egyel\u0151re a csapatt\u00f3l k\u00fcl\u00f6n k\u00e9sz\u00fcl a 10 v\u00e1logatott meccsen 4 g\u00f3lt szerz\u0151 csat\u00e1r. Ha nem \u00e9p\u00fcl fel, nagyon hi\u00e1nyozni fog a bosny\u00e1koknak, akik Kanada, Katar \u00e9s Sv\u00e1jc mellett joggal p\u00e1ly\u00e1znak a tov\u00e1bbjut\u00e1sra a csoportb\u00f3l.<\/p>\n<p>R\u00e9g volt ennyi<\/p>\n<p>A h\u00e1rom akt\u00edv NB I.-es j\u00e1t\u00e9kos r\u00e9szv\u00e9tele a vil\u00e1gbajnoks\u00e1gon egy\u00e9bk\u00e9nt kiemelked\u0151nek sz\u00e1m\u00edt, az elm\u00falt vb-ken nem nagyon szokhattunk hozz\u00e1, hogy a magyar v\u00e1logatott hi\u00e1ny\u00e1ban sok j\u00e1t\u00e9kos meg\u00fcsse a vil\u00e1gbajnoki szintet a hazai bajnoks\u00e1gb\u00f3l. N\u00e9gy \u00e9ve, a katari vb-n A\u00efssa La\u00efdouni k\u00e9pviselte az NB I.-et, a Fradi akkori j\u00e1t\u00e9kosa D\u00e1nia, Ausztr\u00e1lia \u00e9s Franciaorsz\u00e1g ellen is kezd\u0151 volt, a d\u00e1nok elleni meccsen a m\u00e9rk\u0151z\u00e9s legjobbj\u00e1nak is v\u00e1lasztott\u00e1k. B\u00e1r a franci\u00e1kat legy\u0151zt\u00e9k (1-0), D\u00e1ni\u00e1val pedig d\u00f6ntetlent j\u00e1tszottak (0-0), az ausztr\u00e1lok elleni veres\u00e9g (0-1) miatt \u00edgy sem jutottak tov\u00e1bb a csoportb\u00f3l.<\/p>\n<p>2018-ban nem volt NB I.-es j\u00e1t\u00e9kos a vb-n, 2014-ben, a braz\u00edliai rendez\u00e9s\u0171 torn\u00e1n viszont ott volt a bosny\u00e1kokkal Muhamed Be\u0161i\u0107, aki akkor szint\u00e9n a Fradi j\u00e1t\u00e9kosa volt. Bosznia akkor Argent\u00edna, Nig\u00e9ria \u00e9s Ir\u00e1n csoportj\u00e1ban szerepelt, Messi\u00e9kt\u0151l 2-1-re, Nig\u00e9ri\u00e1t\u00f3l 1-0-ra kaptak ki, Ir\u00e1nt viszont 3-1-re vert\u00e9k, de \u00edgy sem jutottak tov\u00e1bb. Be\u0161i\u0107 mindh\u00e1rom meccset v\u00e9gigj\u00e1tszotta.<\/p>\n<p>2014 el\u0151tt nagy kihagy\u00e1s volt, sem a d\u00e9l-afrikai, sem a n\u00e9metorsz\u00e1gi, sem a d\u00e9l-koreai, sem a franciaorsz\u00e1gi vb-n nem volt j\u00e1t\u00e9kos a magyar bajnoks\u00e1gb\u00f3l. 1994-ben, a legut\u00f3bbi amerikai vb-n viszont volt, a nig\u00e9riai Emeke Ezeugo a Budapest Honv\u00e9db\u00f3l ker\u00fclt be a v\u00e1logatott keret\u00e9be. Ugyan csak n\u00e9gy meccset j\u00e1tszott a Honv\u00e9dban, de \u00edgy is ez\u00fcst\u00e9rmes lett a bajnoks\u00e1gban \u00e9s a kup\u00e1ban is. A vb-n Bulg\u00e1ria ellen 3-0-ra megnyert meccsen 13 percet kapott, a t\u00f6bbi meccsen nem l\u00e9pett p\u00e1ly\u00e1ra (Argent\u00edna 2-0-ra verte \u0151ket, G\u00f6r\u00f6gorsz\u00e1got viszont \u0151k gy\u0151zt\u00e9k le 2-0-ra). A nyolcadd\u00f6nt\u0151be csoportgy\u0151ztesk\u00e9nt jutottak be, ott a v\u00e9g\u00fcl d\u00f6nt\u0151s Olaszorsz\u00e1g verte \u0151ket hosszabb\u00edt\u00e1sban, Ezeugo akkor sem j\u00e1tszott.<\/p>\n<p>De m\u00e9g az 1990-es, olaszorsz\u00e1gi vb-n is volt magyar \u00e9rintetts\u00e9g, az amerikai csapatot er\u0151s\u00edt\u0151 Christopher Sullivan kapott beh\u00edv\u00f3t a Gy\u0151ri ETO-b\u00f3l, ahol 11 meccset kapott, r\u00f6gt\u00f6n az els\u0151n, a Fradi ellen <a href=\"https:\/\/youtu.be\/-0Ohpaxp2eo?t=40\" target=\"_blank\" rel=\"nofollow noopener\">be is tal\u00e1lt<\/a>, t\u00f6bbsz\u00f6r viszont m\u00e1r nem volt eredm\u00e9nyes. (1996-ban azt\u00e1n egy \u00fajabb \u00e9vre visszat\u00e9rt a csapathoz.) Az amerikai csapatnak nem ment t\u00fal j\u00f3l a vb-n, Csehszlov\u00e1kia 5-1-re verte \u0151ket, Olaszorsz\u00e1g 1-0-ra, Ausztria pedig 2-1-re, a h\u00e1rom veres\u00e9g pedig term\u00e9szetesen kies\u00e9st jelentett. Sullivan a csehek ellen 11, az olaszok ellen 8 percet kapott, de a vb ut\u00e1n \u00edgy is Nyugat-Eur\u00f3p\u00e1ba, a sv\u00e9d Landskron\u00e1hoz igazolt.<\/p>\n","protected":false},"excerpt":{"rendered":"Utolj\u00e1ra akkor volt annyi NB I.-es j\u00e1t\u00e9kos a futball-vil\u00e1gbajnoks\u00e1g mez\u0151ny\u00e9ben, mint most, amikor Magyarorsz\u00e1g is vb-r\u00e9sztvev\u0151 volt, vagyis&hellip;\n","protected":false},"author":2,"featured_media":131990,"comment_status":"","ping_status":"","sticky":false,"template":"","format":"standard","meta":{"footnotes":"","_share_on_mastodon":"0"},"categories":[14],"tags":[16314,7760,46,7631,377,553,6138,23699,44,42,40,14417,34900,6434,43,41,16313,1068,7323,45,131,5365,31289],"class_list":["post-131989","post","type-post","status-publish","format-standard","has-post-thumbnail","category-sport","tag-algeria","tag-felcsut","tag-ferencvaros","tag-foci-vb-2026","tag-fradi","tag-futball","tag-gyori-eto","tag-haiti","tag-hu","tag-hungarian","tag-hungary","tag-kerethirdetes","tag-laros-duarte","tag-lenny-joseph","tag-magyar","tag-magyarorszag","tag-nadhir-benbouali","tag-nb-i","tag-puskas-akademia","tag-sport","tag-sports","tag-valogatott","tag-zold-foki-kozarsasag"],"share_on_mastodon":{"url":"https:\/\/pubeurope.com\/@hu\/116726012755611194","error":""},"_links":{"self":[{"href":"https:\/\/www.europesays.com\/hu\/wp-json\/wp\/v2\/posts\/131989","targetHints":{"allow":["GET"]}}],"collection":[{"href":"https:\/\/www.europesays.com\/hu\/wp-json\/wp\/v2\/posts"}],"about":[{"href":"https:\/\/www.europesays.com\/hu\/wp-json\/wp\/v2\/types\/post"}],"author":[{"embeddable":true,"href":"https:\/\/www.europesays.com\/hu\/wp-json\/wp\/v2\/users\/2"}],"replies":[{"embeddable":true,"href":"https:\/\/www.europesays.com\/hu\/wp-json\/wp\/v2\/comments?post=131989"}],"version-history":[{"count":0,"href":"https:\/\/www.europesays.com\/hu\/wp-json\/wp\/v2\/posts\/131989\/revisions"}],"wp:featuredmedia":[{"embeddable":true,"href":"https:\/\/www.europesays.com\/hu\/wp-json\/wp\/v2\/media\/131990"}],"wp:attachment":[{"href":"https:\/\/www.europesays.com\/hu\/wp-json\/wp\/v2\/media?parent=131989"}],"wp:term":[{"taxonomy":"category","embeddable":true,"href":"https:\/\/www.europesays.com\/hu\/wp-json\/wp\/v2\/categories?post=131989"},{"taxonomy":"post_tag","embeddable":true,"href":"https:\/\/www.europesays.com\/hu\/wp-json\/wp\/v2\/tags?post=131989"}],"curies":[{"name":"wp","href":"https:\/\/api.w.org\/{rel}","templated":true}]}}