{"id":132648,"date":"2026-06-11T02:10:06","date_gmt":"2026-06-11T02:10:06","guid":{"rendered":"https:\/\/www.europesays.com\/hu\/132648\/"},"modified":"2026-06-11T02:10:06","modified_gmt":"2026-06-11T02:10:06","slug":"eletstilus-haiti-valogatottjanak-a-vb-rajt-elott-kellett-valtoztatnia-a-mezen","status":"publish","type":"post","link":"https:\/\/www.europesays.com\/hu\/132648\/","title":{"rendered":"\u00c9let+St\u00edlus: Haiti v\u00e1logatottj\u00e1nak a vb-rajt el\u0151tt kellett v\u00e1ltoztatnia a mezen"},"content":{"rendered":"<p>Haiti v\u00e1logatottj\u00e1nak v\u00e1ltoztatnia kell a mez\u00e9n, mivel a FIFA politikai \u00e1ll\u00e1sfoglal\u00e1st miatt nem hagyta j\u00f3v\u00e1 a diz\u00e1jnt \u2013 \u00edrja a <a href=\"https:\/\/www.miamiherald.com\/news\/nation-world\/world\/americas\/haiti\/article316070419.html\" target=\"_blank\" rel=\"nofollow noopener\">Miami Herald<\/a>.\u00a0<\/p>\n<p>\u201eA fel\u00fclvizsg\u00e1lati folyamat sor\u00e1n a FIFA meg\u00e1llap\u00edtotta, hogy bizonyos vizu\u00e1lis elemek elt\u00e9r\u0151en \u00e9rtelmezhet\u0151k a felszerel\u00e9sekre vonatkoz\u00f3 szab\u00e1lyoz\u00e1sa \u00e9rtelm\u00e9ben, \u00e9s v\u00e9g\u00fcl a diz\u00e1jn m\u00f3dos\u00edt\u00e1s\u00e1t k\u00e9rte\u201d \u2013 id\u00e9zik a mezeket gy\u00e1rt\u00f3 Saeta k\u00f6zlem\u00e9ny\u00e9t. <\/p>\n<p>Azt sem a v\u00e1llalt, sem a FIFA nem k\u00f6z\u00f6lte, hogy pontosan a mez melyik r\u00e9sze verte ki a biztos\u00edt\u00e9kot a futball nemzetk\u00f6zi ir\u00e1ny\u00edt\u00f3 szervezet\u00e9n\u00e9l, de val\u00f3sz\u00edn\u00fcleg \u2013 \u00e9s a Miami Heraldnak nyilatkoz\u00f3 forr\u00e1sok is ezt er\u0151s\u00edtett\u00e9k meg \u2013 a mez derek\u00e1n\u00e1l szerepl\u0151 szabads\u00e1gharcosokat kifog\u00e1solhatt\u00e1k (erre utal az is, hogy a Haiti Futball TikTok-csatorn\u00e1n <a href=\"https:\/\/www.tiktok.com\/@haitifutball\/video\/7649627916719983902\" target=\"_blank\" rel=\"nofollow noopener\">megjelent vide\u00f3 tan\u00fas\u00e1ga<\/a> szerint a torna el\u0151tt fot\u00f3z\u00e1son m\u00e1r a szabads\u00e1gharcosok n\u00e9lk\u00fcli mezben szerepeltek a j\u00e1t\u00e9kosok).<\/p>\n<p>A Nemzetk\u00f6zi Labdar\u00fag\u00f3 Sz\u00f6vets\u00e9g (INFA) szab\u00e1lyk\u00f6nyve szerint betilthat\u00f3k azok a j\u00e1t\u00e9kosok \u00e1ltal viselt t\u00f6rt\u00e9nelmi szimb\u00f3lumok vagy utal\u00e1sok, amik politikailag is \u00e9rtelmezhet\u0151k. A Saeta szerint a mezeket a Haiti Labdar\u00fag\u00f3 Sz\u00f6vets\u00e9ggel egy\u00fctt tervezt\u00e9k \u00e9s c\u00e9ljuk az volt, hogy bemutass\u00e1k a \u201ehaiti n\u00e9p b\u00fcszkes\u00e9g\u00e9t, ellen\u00e1ll\u00f3k\u00e9pess\u00e9g\u00e9t \u00e9s szellemis\u00e9g\u00e9t\u201d. A v\u00e9gs\u0151 v\u00e1ltozatot nem politikai nyilatkozatnak sz\u00e1nt\u00e1k, hanem tisztelegni akartak azon f\u00e9rfiak \u00e9s n\u0151k el\u0151tt, akik nap mint nap hozz\u00e1j\u00e1rulnak az orsz\u00e1g j\u00f6v\u0151j\u00e9hez, tett\u00e9k hozz\u00e1.<\/p>\n<p>Haiti Sk\u00f3cia ellen j\u00e1tsza az els\u0151 m\u00e9rk\u0151z\u00e9s\u00e9t, magyar id\u0151 szerint vas\u00e1rnap hajnali 3 \u00f3rakor a cs\u00fct\u00f6rt\u00f6k\u00f6n kezd\u0151d\u0151, az Egyes\u00fclt Amerikai \u00c1llamok, Kanada \u00e9s Mexik\u00f3 \u00e1ltal k\u00f6z\u00f6sen rendezett labdar\u00fag\u00f3 vil\u00e1gbajnoks\u00e1gon.<\/p>\n<p>A r\u00e9sztvev\u0151 csapatok mezeir\u0151l kor\u00e1bban r\u00e9szletesen \u00edrtunk, cikk\u00fcnket al\u00e1bb tal\u00e1lja:<\/p>\n<p> <a href=\"https:\/\/hvg.hu\/elet\/20260609_foci-vb-2026-mezek-dizajn\" target=\"_self\" rel=\"nofollow noopener\"> <\/p>\n<p>https:\/\/hvg.hu\/elet\/20260609_foci-vb-2026-mezek-dizajn<\/p>\n<p>Nyit\u00f3k\u00e9p\u00fcnk\u00f6n a haiti v\u00e1logatott kifog\u00e1solt meze, forr\u00e1s: Saeta<\/p>\n<p><script async src=\"\/\/www.tiktok.com\/embed.js\"><\/script><\/p>\n","protected":false},"excerpt":{"rendered":"Haiti v\u00e1logatottj\u00e1nak v\u00e1ltoztatnia kell a mez\u00e9n, mivel a FIFA politikai \u00e1ll\u00e1sfoglal\u00e1st miatt nem hagyta j\u00f3v\u00e1 a diz\u00e1jnt \u2013&hellip;\n","protected":false},"author":2,"featured_media":132649,"comment_status":"","ping_status":"","sticky":false,"template":"","format":"standard","meta":{"footnotes":"","_share_on_mastodon":"0"},"categories":[14],"tags":[378,7631,23699,44,42,40,502,43,41,6443,45,131,5365],"class_list":["post-132648","post","type-post","status-publish","format-standard","has-post-thumbnail","category-sport","tag-foci","tag-foci-vb-2026","tag-haiti","tag-hu","tag-hungarian","tag-hungary","tag-labdarugas","tag-magyar","tag-magyarorszag","tag-mez","tag-sport","tag-sports","tag-valogatott"],"share_on_mastodon":{"url":"https:\/\/pubeurope.com\/@hu\/116729048344367075","error":""},"_links":{"self":[{"href":"https:\/\/www.europesays.com\/hu\/wp-json\/wp\/v2\/posts\/132648","targetHints":{"allow":["GET"]}}],"collection":[{"href":"https:\/\/www.europesays.com\/hu\/wp-json\/wp\/v2\/posts"}],"about":[{"href":"https:\/\/www.europesays.com\/hu\/wp-json\/wp\/v2\/types\/post"}],"author":[{"embeddable":true,"href":"https:\/\/www.europesays.com\/hu\/wp-json\/wp\/v2\/users\/2"}],"replies":[{"embeddable":true,"href":"https:\/\/www.europesays.com\/hu\/wp-json\/wp\/v2\/comments?post=132648"}],"version-history":[{"count":0,"href":"https:\/\/www.europesays.com\/hu\/wp-json\/wp\/v2\/posts\/132648\/revisions"}],"wp:featuredmedia":[{"embeddable":true,"href":"https:\/\/www.europesays.com\/hu\/wp-json\/wp\/v2\/media\/132649"}],"wp:attachment":[{"href":"https:\/\/www.europesays.com\/hu\/wp-json\/wp\/v2\/media?parent=132648"}],"wp:term":[{"taxonomy":"category","embeddable":true,"href":"https:\/\/www.europesays.com\/hu\/wp-json\/wp\/v2\/categories?post=132648"},{"taxonomy":"post_tag","embeddable":true,"href":"https:\/\/www.europesays.com\/hu\/wp-json\/wp\/v2\/tags?post=132648"}],"curies":[{"name":"wp","href":"https:\/\/api.w.org\/{rel}","templated":true}]}}