{"id":133116,"date":"2026-06-11T11:02:14","date_gmt":"2026-06-11T11:02:14","guid":{"rendered":"https:\/\/www.europesays.com\/hu\/133116\/"},"modified":"2026-06-11T11:02:14","modified_gmt":"2026-06-11T11:02:14","slug":"index-futball-futball-vb-2026-86","status":"publish","type":"post","link":"https:\/\/www.europesays.com\/hu\/133116\/","title":{"rendered":"Index &#8211; Futball &#8211; Futball-vb 2026"},"content":{"rendered":"<p>Kev\u00e9s rosszabb dolog eshet meg egy hivat\u00e1sos futballist\u00e1val, mint lemaradni egy vil\u00e1gbajnoks\u00e1gr\u00f3l. Persze nem a San Marino-f\u00e9le mikro\u00e1llamok j\u00e1t\u00e9kosaira kell most gondolni (b\u00e1r a brav\u00far lehet\u0151s\u00e9g\u00e9t v\u00e9letlen\u00fcl sem szeretn\u00e9nk elvenni), hanem a kijut\u00e1si \u00e1lmokat torn\u00e1r\u00f3l torn\u00e1ra d\u00e9delget\u0151 nemzetek focist\u00e1ira, akik egy sikertelen selejtez\u0151sorozat ut\u00e1n b\u00faslakodva k\u00f6nyvelik el: \u201eTal\u00e1n majd n\u00e9gy \u00e9v m\u00falva.\u201d<\/p>\n<p>A t\u00e9ny, hogy haz\u00e1nk is ebbe a k\u00f6zegbe tartozik (m\u00e1r 40 \u00e9ve) bizony elszomor\u00edt\u00f3, f\u0151leg ha azokat a k\u00fclf\u00f6ldi lapok \u00e1ltal \u00f6ssze\u00e1ll\u00edtott, a 2026-os ny\u00e1ri\u00a0<a href=\"https:\/\/index.hu\/sport\/futball\/2026\/vb\/2026\/04\/01\/vb-2026-selejtezo-lemaradol-alomcsapata-szoboszlai-kerkez-orban-donnarumma-lewandowski-kvarachelia-osimhen-tonali\/\" id=\"hyperlink_3df5c630a9b6d631e7ad9a00a1ed130f\" target=\"_blank\" title=\"Szoboszlai, Kerkez \u00e9s Orb\u00e1n is a BBC \u00e1lomcsapat\u00e1ban \u2013 de err\u0151l alighanem lemondtak volna\" data-recommendation=\"bekezdes_utan\" data-recommendation-preview=\"{&quot;og:title&quot;:&quot;Szoboszlai, Kerkez \u00e9s Orb\u00e1n is a BBC \u00e1lomcsapat\u00e1ban \u2013 de err\\u0151l alighanem lemondtak volna&quot;,&quot;og:description&quot;:&quot;Olyan vil\u00e1gklasszisok k\u00f6z\u00e9 ker\u00fclt a h\u00e1rom magyar, mint Tonali, Osimhen vagy \u00e9ppen Lewandowski.&quot;,&quot;og:image&quot;:&quot;\\\/\\\/kep.cdn.indexvas.hu\\\/1\\\/0\\\/6860\\\/68603\\\/686036\\\/68603611_5063851_4660e4ed064bb1ad304e03a86a782ebe_wm.jpg&quot;}\" data-recommendation-id=\"6188429\" rel=\"nofollow noopener\">vb-re nem kvalifik\u00e1l\u00f3 j\u00e1t\u00e9kosokb\u00f3l \u00f6ssze\u00e1ll\u00edtott \u00e1lomtizenegyeket<\/a> szeml\u00e9zz\u00fck, ahogy a BBC-n\u00e9l h\u00e1rom magyar v\u00e1logatott futballista, n\u00e9v szerint Szoboszlai Dominik, Kerkez Milos \u00e9s Willi Orb\u00e1n is bef\u00e9rt az olyan neve mell\u00e9, mint a georgiai Hvicsa Kvarachelia vagy a lengyel Robert Lewandowski.<\/p>\n<p>Tal\u00e1n csak egy f\u00e1jdalmasabb eshet\u0151s\u00e9g\u00a0van, ami ilyenkor az embert \u00e9rheti\u00a0\u2013 amikor egyed\u00fcl a s\u00e9r\u00fcl\u00e9s akad\u00e1lyozza meg abban, hogy r\u00e9szt tudjon venni nemcsak a futball, de a vil\u00e1g legnagyobb preszt\u00edzs\u0171 sportesem\u00e9ny\u00e9n is. Ezen szomor\u00fa, de \u00e1ltal\u00e1nos jelens\u00e9g pedig az idei torn\u00e1ra is \u00e9rv\u00e9nyes, s\u0151t, val\u00f3di szt\u00e1rpar\u00e1d\u00e9t lehetne tartani a s\u00e9r\u00fcltek neveit n\u00e9zve.<\/p>\n<p>B\u00e1tran kijelenthetj\u00fck, a\u00a0legnagyobb vesztes\u00e9get a brazil v\u00e1logatott szenvedte el, az \u00f6tsz\u00f6r\u00f6s bajnok \u201eSelecao\u201d ugyanis h\u00e1rom alapembere n\u00e9lk\u00fcl utazhat a torn\u00e1ra. Rodrygo m\u00e9g m\u00e1rciusban szenvedett s\u00falyos t\u00e9rdszalagszakad\u00e1st a Getafe ellen meglepet\u00e9sre 1\u20130-ra elvesztett bajnoki m\u00e9rk\u0151z\u00e9sen a Real Madrid sz\u00edneiben, a vb-selejtez\u0151k sor\u00e1n egy\u00e9bk\u00e9nt a g\u00f3lokkal hadil\u00e1bon \u00e1ll\u00f3 brazilokn\u00e1l\u00a0mind\u00f6ssze h\u00e1rom g\u00f3lj\u00e1val m\u00e1sodik volt a h\u00e1zi g\u00f3ll\u00f6v\u0151list\u00e1n a 25 \u00e9ves sz\u00e9ls\u0151.<\/p>\n<p>R\u00e1ad\u00e1sul a jobb sz\u00e9len alternat\u00edv\u00e1nak sz\u00e1m\u00edt\u00f3 Estevao sincs bevethet\u0151 \u00e1llapotban, miut\u00e1n a Chelsea 19 \u00e9ves j\u00e1t\u00e9kosa \u00e1prilisban a Manchester United ellen t\u00f6bb h\u00f3napos pihen\u00e9st ig\u00e9nyl\u0151 combs\u00e9r\u00fcl\u00e9st szenvedett el.\u00a0<\/p>\n<p>                        <img decoding=\"async\" id=\"kep_szerkfoto_image_69814879\" src=\"https:\/\/www.europesays.com\/hu\/wp-content\/uploads\/2026\/06\/69814879_5151235_295ad09bde3d03ea48ae6ec6f31edfda_wm.jpg\" loading=\"lazy\" alt=\"Rodrygo (jobbra) hi\u00e1nya Neymart (balra) seg\u00edtette a kerethirdet\u00e9skor\" data-image_width=\"664\" data-image_height=\"498\"\/>Rodrygo (jobbra) hi\u00e1nya Neymart (balra) seg\u00edtette a kerethirdet\u00e9skor<\/p>\n<p>Fot\u00f3: Sports Press Photo \/ Getty Images<\/p>\n<p>A v\u00e9delemben is n\u00e9lk\u00fcl\u00f6znie kell Braz\u00edli\u00e1nak, a szint\u00e9n madridi \u00c9der Militao 2026 nagy r\u00e9sz\u00e9t t\u00e9rds\u00e9r\u00fcl\u00e9s miatt az oldalvonalon k\u00edv\u00fcl t\u00f6lt\u00f6tte, v\u00e9g\u00fcl \u00e1prilisra fel\u00e9p\u00fclt, ami j\u00f3 el\u0151jel is lehetett volna vb-r\u00e9szv\u00e9tel\u00e9nek, azonban nem sokkal k\u00e9s\u0151bb \u00f6sszeszedett egy combizoms\u00e9r\u00fcl\u00e9st, ami gyors fel\u00e9p\u00fcl\u00e9s helyett m\u0171t\u00e9tet ig\u00e9nyelt.<\/p>\n<p>Az\u00e9rt nincsen minden veszve a d\u00e9l-amerikaiakn\u00e1l, b\u00e1r el\u0151l az\u00e9rt jelent\u0151sen megt\u00e9p\u00e1z\u00f3dtak, Raphinha \u00e9s Vin\u00edcius Jr. kiseg\u00edt\u00e9s\u00e9re a s\u00e9r\u00fcl\u00e9shull\u00e1m pont a kor\u00e1bban m\u00e1r kegyvesztettnek v\u00e9lt, 34 \u00e9ves Neymarnak adta meg a lehet\u0151s\u00e9get, hogy utolj\u00e1ra vb-gy\u0151zelemre pr\u00f3b\u00e1lja vezetni haz\u00e1j\u00e1t, m\u00edg a v\u00e9delem belsej\u00e9ben az elm\u00falt \u00e9vekben vil\u00e1gklassziss\u00e1 v\u00e1l\u00f3 Arsenal-j\u00e1t\u00e9kos, Gabriel Magalhaes seg\u00edtheti ki a csapatkapit\u00e1ny Marquinhost.<\/p>\n<p>Kettej\u00fck kapcsolata pedig, ahogy azt a BL-d\u00f6nt\u0151ben l\u00e1thattuk, igencsak rendben van.<\/p>\n<p>A t\u00f6bbi, v\u00e9gs\u0151 gy\u0151zelemre is es\u00e9lyes nemzetekn\u00e9l is akadnak kimarad\u00f3k, N\u00e9metorsz\u00e1got az utols\u00f3 pillanatokig \u00fcld\u00f6zte a balsors, m\u00e1r az Egyes\u00fclt \u00c1llamokban edz\u0151t\u00e1borozva s\u00e9r\u00fclt meg a Bayern M\u00fcnchenn\u00e9l szerepl\u0151 18 \u00e9ves rem\u00e9nys\u00e9g, Lennart Karl, aki a 2025\u20132026-os szezonban 40 t\u00e9tm\u00e9rk\u0151z\u00e9sen kilenc g\u00f3lt \u00e9s nyolc asszisztot jegyezhetett.\u00a0<\/p>\n<p>A t\u00e1mad\u00f3szekci\u00f3b\u00f3l kor\u00e1bban az 59-szeres v\u00e1logatott, Serge Gnabry is kiesett. A szint\u00e9n m\u00fcncheni, 30 esztend\u0151s sz\u00e9ls\u0151 m\u00e9g \u00e1prilisban szenvedett izoms\u00e9r\u00fcl\u00e9st, \u00e9s nagy k\u00e9rd\u00e9s, hogy l\u00e1thatjuk-e m\u00e9g valaha vil\u00e1gtorn\u00e1n szerepelni.<\/p>\n<p>                        <img decoding=\"async\" id=\"kep_szerkfoto_image_69814911\" src=\"https:\/\/www.europesays.com\/hu\/wp-content\/uploads\/2026\/06\/69814911_5151237_d030bef9fecdb9a5b3083418cb250a90_wm.jpg\" loading=\"lazy\" alt=\"Serge Gnabry (balra) \u00e9s Lennart Karl (jobbra)\" data-image_width=\"759\" data-image_height=\"428\"\/><\/p>\n<p>Serge Gnabry (balra) \u00e9s Lennart Karl (jobbra)<\/p>\n<p>Ez m\u00e9g ink\u00e1bb igaz a 34 \u00e9ves Marc-Andr\u00e9 ter Stegen eset\u00e9ben. Hi\u00e1ba v\u00e1laszthatott h\u00e1rom kapust is Julian Nagelsmann sz\u00f6vets\u00e9gi kapit\u00e1ny, az elm\u00falt \u00e9vek s\u00e9r\u00fcl\u00e9sei \u00e9s a Barcelon\u00e1n\u00e1l elvesztett kezd\u0151kapus st\u00e1tusz ut\u00e1n id\u00e9n m\u00e1r nem ker\u00fclt a \u201eNationalelf\u201d 26 f\u0151s keret\u00e9be a n\u00e9met j\u00e1t\u00e9kos.<\/p>\n<p>A t\u00f6rt\u00e9nete els\u0151 vb-siker\u00e9t kerget\u0151 hollandok szint\u00e9n fontos hi\u00e1nyz\u00f3kkal sz\u00e1molhatnak. A Manchester Unitedben j\u00e1tsz\u00f3 Matthijs De Ligt november \u00f3ta harck\u00e9ptelen h\u00e1tprobl\u00e9m\u00e1k miatt, az\u00f3ta pedig ism\u00e9t a k\u00e9s al\u00e1 fek\u00fcdt, ugyanis nem a tervek szerint haladt a rehabilit\u00e1ci\u00f3ja. Angli\u00e1ban augusztusra teszik a visszat\u00e9r\u00e9s\u00e9t, a vb azonban m\u00e9g sz\u00f3ba sem j\u00f6het a 26 \u00e9ves h\u00e1tv\u00e9dn\u00e9l.\u00a0<\/p>\n<p>Honfit\u00e1rsa, Xavi Simons\u00a0minden bizonnyal fontos szerepet kaphatott volna az \u201eOranje\u201d kezd\u0151 tizenegy\u00e9ben, azonban a Tottenham k\u00f6z\u00e9pp\u00e1ly\u00e1sa a csapat els\u0151\u00a0(!) 2026-ban aratott \u00e1prilisi gy\u0151zelme sor\u00e1n t\u00e9rdszalagszakad\u00e1st szenvedett, \u00edgy az is k\u00e9rd\u00e9ses, hogy egy\u00e1ltal\u00e1n a 2026\u20132027-es id\u00e9nyben p\u00e1ly\u00e1n l\u00e1thatjuk-e.<\/p>\n<p>\u00c9rdemes lehet m\u00e9g megeml\u00edteni Jerdy Schouten\u00a0\u00e9s Jurrien Timber hi\u00e1ny\u00e1t is. El\u0151bbi els\u0151 sz\u00e1m\u00fa p\u00f3tl\u00e1sa lett volna a Frenkie De Jong \u00e9s Ryan Gravenberch kett\u0151snek a k\u00f6z\u00e9pp\u00e1ly\u00e1n, \u00e1prilisban elszenvedett keresztszalag-szakad\u00e1s\u00e1val ez a szerep viszont a 35 \u00e9ves Marten de Roonra h\u00e1rul, m\u00edg ut\u00f3bbi a jobbh\u00e1tv\u00e9d poszton kezdhetett volna, azonban\u00a0nem tudott id\u0151ben fel\u00e9p\u00fclni\u00a0\u00e1gy\u00e9ks\u00e9r\u00fcl\u00e9s\u00e9b\u0151l\u00a0az Arsenal kulcsembere, \u00edgy Ronald Koeman sz\u00f6vets\u00e9gi kapit\u00e1ny nem kock\u00e1ztatta meg a szerepeltet\u00e9s\u00e9t.<\/p>\n<p><a href=\"https:\/\/index.hu\/sport\/futball\/2026\/vb\/2026\/06\/02\/vb-2026-opta-szuperszamitogep-spanyol-valogatott\/\" id=\"hyperlink_0b99c7602f6d9916187c66e2e70d1df6\" target=\"_blank\" title=\"D\u00f6nt\u00f6tt a szupersz\u00e1m\u00edt\u00f3g\u00e9p: Lamine Yamal\u00e9k emelhetik magasba a vb-tr\u00f3fe\u00e1t\" data-recommendation=\"bekezdes_utan\" data-recommendation-preview=\"{&quot;og:title&quot;:&quot;D\u00f6nt\u00f6tt a szupersz\u00e1m\u00edt\u00f3g\u00e9p: Lamine Yamal\u00e9k emelhetik magasba a vb-tr\u00f3fe\u00e1t&quot;,&quot;og:description&quot;:&quot;N\u00e9gy csapat kapott t\u00edz sz\u00e1zal\u00e9kn\u00e1l nagyobb es\u00e9lyt a v\u00e9gs\\u0151 gy\\u0151zelemre.&quot;,&quot;og:image&quot;:&quot;\\\/\\\/kep.cdn.indexvas.hu\\\/1\\\/0\\\/6973\\\/69738\\\/697384\\\/69738411_5145839_20775814eb45e7fa4e501c34bb2b781b_wm.jpg&quot;}\" data-recommendation-id=\"6219401\" rel=\"nofollow noopener\">Franciaorsz\u00e1g \u00e9s Spanyolorsz\u00e1g, a vb-tr\u00f3fea k\u00e9t legf\u0151bb v\u00e1rom\u00e1nyosa<\/a> egy-egy szt\u00e1rja n\u00e9lk\u00fcl sz\u00e1ll rep\u00fcl\u0151re.\u00a0El\u0151bbin\u00e9l a Liverpoolhoz tavaly ny\u00e1ron 95 milli\u00f3 eur\u00f3\u00e9rt \u00e1tigazol\u00f3 Hugo Ekitik\u00e9 maradt ki a keretb\u0151l, akinek \u00e1prilisban a Paris Saint-Germain elleni Bajnokok Lig\u00e1ja-negyedd\u00f6nt\u0151ben szakadt el az Achillesz-ina, m\u00edg a 2010-es gy\u0151ztesn\u00e9l a Barcelona-nevelt, a k\u00e9t \u00e9vvel kor\u00e1bbi Eur\u00f3pa-bajnok csapatban is kulcsszerepet kap\u00f3 Ferm\u00edn L\u00f3pez d\u0151lt ki.<\/p>\n<p>A 23 \u00e9ves k\u00f6z\u00e9pp\u00e1ly\u00e1s m\u00e1jus k\u00f6zep\u00e9n szenvedett l\u00e1bk\u00f6z\u00e9pcsontt\u00f6r\u00e9st, \u00edgy hi\u00e1ba futott remek szezont (48 t\u00e9tmeccsen 13 g\u00f3l \u00e9s 17 assziszt), Lamine Yamal\u00e9knak n\u00e9lk\u00fcle kell a cs\u00facsra \u00e9rni\u00fck.<\/p>\n<p>                        <a href=\"https:\/\/index.hu\/sport\/futball\/2026\/vb\/2026\/06\/11\/vilagbajnoksag-2026-serules-hianyzok-brazilia-rodrygo-estevao-militao-gnabry-simons-karl\/NurPhoto \/ Getty Images\" target=\"_blank\" class=\"keplink\" rel=\"nofollow noopener\"><img decoding=\"async\" id=\"kep_szerkfoto_image_69815021\" src=\"https:\/\/www.europesays.com\/hu\/wp-content\/uploads\/2026\/06\/69815021_5151245_a3cf1e76294343520e3b42d12691ff85_wm.jpg\" loading=\"lazy\" alt=\"GettyImages-2276473904\" data-image_width=\"664\" data-image_height=\"498\"\/><\/a><\/p>\n<p>\n                          A kisebb nemzetek k\u00f6z\u00fcl k\u00e9rd\u00e9s n\u00e9lk\u00fcl Jap\u00e1n j\u00e1rt a legrosszabbul. A meglepet\u00e9sre mindig es\u00e9lyes, az elm\u00falt k\u00e9t torn\u00e1n rendre legjobb 16 k\u00f6z\u00e9 jut\u00f3 \u00e1zsiai nemzet k\u00e9t legismertebb j\u00e1t\u00e9kos\u00e1t, Mitoma Kaorut \u00e9s Minamino Takumit k\u00e9nytelen n\u00e9lk\u00fcl\u00f6zni.\u00a0\n                        <\/p>\n<p>Mindenesetre a sz\u00e1mos hi\u00e1nyz\u00f3 ellen\u00e9re is egy remek, szt\u00e1rokkal t\u0171zdelt vil\u00e1gbajnoks\u00e1gnak n\u00e9zhet\u00fcnk el\u00e9be, amelynek a <a href=\"https:\/\/index.hu\/sport\/futball\/2026\/vb\/2026\/06\/06\/labdarugo-vilagbajnoksag-2026-kisokos-csapatok-resztvevok-lebonyolitas-dijazas\/\" id=\"hyperlink_656294a902ce0059d3de597986dcbe3c\" target=\"_blank\" title=\"J\u00f6n a sportvil\u00e1g leggrandi\u00f3zusabb esem\u00e9nye \u2013 minden, amit a 2026-os futball-vb-r\u0151l tudni kell\" data-recommendation=\"bekezdes_utan\" data-recommendation-preview=\"{&quot;og:title&quot;:&quot;J\u00f6n a sportvil\u00e1g leggrandi\u00f3zusabb esem\u00e9nye \u2013 minden, amit a 2026-os futball-vb-r\\u0151l tudni kell&quot;,&quot;og:description&quot;:&quot;A r\u00e9sztvev\\u0151k, a meccsek sz\u00e1ma, \u00e9s a lebonyol\u00edt\u00e1s id\\u0151tartama minden kor\u00e1bbi cs\u00facsot elhom\u00e1lyos\u00edt.&quot;,&quot;og:image&quot;:&quot;\\\/\\\/kep.cdn.indexvas.hu\\\/1\\\/0\\\/6937\\\/69374\\\/693748\\\/69374871_5119683_c8beda4642d71e1dceb45f4dae998f47_wm.jpg&quot;}\" data-recommendation-id=\"6209121\" rel=\"nofollow noopener\">legfontosabb tudnival\u00f3ir\u00f3l<\/a> al\u00e1bb olvashatnak b\u0151vebben.<\/p>\n<p>\n                          B\u00f6ng\u00e9ssze az Index\u00a0<a href=\"https:\/\/dex.hu\/x.php?id=index_sport_cikklink&amp;url=https%3A%2F%2Findex.hu%2Fsport%2Ffutball%2F2026%2Fvb%2F\" id=\"hyperlink_d9a7aeaa85334bc3b6711d3ca7a39b2d\" rel=\"noopener nofollow noreferrer\" target=\"_blank\">vb-mell\u00e9klet\u00e9t<\/a>, ahol a cikkek mellett megtal\u00e1lja a menetrendet, a csoportok \u00e1ll\u00e1s\u00e1t, a j\u00e1t\u00e9koskereteket, a csapatle\u00edr\u00e1sokat \u00e9s a helysz\u00edneket is! J\u00e1t\u00e9kunkban megtippelheti a vb-gy\u0151ztest, v\u00e1rakoz\u00e1sait a k\u00f6z\u00f6ss\u00e9gi m\u00e9di\u00e1ban is megoszthatja.\u00a0\n                        <\/p>\n<p>Tartsanak vel\u00fcnk t\u00f6bb mint egy h\u00f3napon \u00e1t, hiszen helysz\u00edni tud\u00f3s\u00edt\u00f3nk rendszeresen exkluz\u00edv tartalmakkal jelentkezik a tengerent\u00falr\u00f3l!\u00a0 Meccs\u00f6sszefoglal\u00f3k, riportok, interj\u00fak, podcastok, vide\u00f3k, \u00e9rdekess\u00e9gek \u2013 minden egy helyen, minden az Indexen!<\/p>\n<p>(Bor\u00edt\u00f3k\u00e9p: Estevao [balra] \u00e9s Rodrygo [jobbra] hi\u00e1ba sz\u00e1m\u00edtanak alapembernek a brazil v\u00e1logatottban, s\u00e9r\u00fcl\u00e9seik miatt nem tudnak r\u00e9szt venni a 2026-os labdar\u00fag\u00f3-vil\u00e1gbajnoks\u00e1gon. Fot\u00f3: Jean Catuffe \/ Getty Images)<\/p>\n<p><a href=\"https:\/\/dex.hu\/x.php?id=googlepref_desktop&amp;url=https:\/\/google.com\/preferences\/source?q=https:\/\/index.hu\" class=\"google-pref-banner \" id=\"googlePrefBanner\" rel=\"nofollow noopener\" target=\"_blank\"><\/p>\n<p>    Itt \u00e1ll\u00edtsa be, hogy az Index az els\u0151k k\u00f6z\u00f6tt legyen a Google-tal\u00e1latokban!<\/p>\n<p><\/a><\/p>\n<p>                <a href=\"https:\/\/konyvek.index.hu\/\" target=\"_blank\" rel=\"nofollow noopener\"><br \/>\n                <img decoding=\"async\" src=\"https:\/\/index.hu\/assets\/images\/konyvajanlo\/book_indapress\/book_indapress_logo.svg\" loading=\"lazy\" alt=\"Inda Press Kiad\u00f3\"\/><br \/>\n                <\/a><\/p>\n<p>                <img decoding=\"async\" src=\"https:\/\/www.europesays.com\/hu\/wp-content\/uploads\/2026\/06\/1781175732_233_rossi.png\" loading=\"lazy\" alt=\"Rossi\"\/><\/p>\n<p>Ismerd meg a magyar labdar\u00fag\u00e1s h\u0151s\u00e9nek eml\u00e9kezetes pillanatait!<br \/>Folytassa, Mister!<\/p>\n<p>                <a class=\"book_index_btn\" href=\"https:\/\/indexadhu.hit.gemius.pl\/hitredir\/id=nSCbubuYpDWJZLZs0TssLrbt33Lk5kbipuiZrkg89G3.g7\/stparam=uciklwjurk\/fastid=efdamtuhsxcjschvtzobuxredglq\/nc=0\/url=https:\/\/www.indapresskiado.hu\/products\/marco-rossi?_pos=1&amp;_psq=rossi&amp;_ss=e&amp;_v=1.0\" target=\"_blank\" rel=\"nofollow noopener\">MEGVESZEM<\/a><\/p>\n<p>    <img loading=\"lazy\" decoding=\"async\" src=\"https:\/\/www.europesays.com\/hu\/wp-content\/uploads\/2026\/06\/1781175734_52_nc=0.gif\" border=\"0\" height=\"0\" width=\"0\"\/><\/p>\n<p>    <img decoding=\"async\" src=\"https:\/\/index.hu\/assets\/images\/social-follow\/logo-big.svg\" alt=\"Index.hu logo\"\/><\/p>\n<p>K\u00f6vesse az Indexet Facebookon is!<\/p>\n<p>    <a href=\"https:\/\/facebook.com\/Indexhu\" target=\"_blank\" rel=\"nofollow noopener\"><\/p>\n<p>        K\u00f6vetem!<br \/>\n    <\/a><\/p>\n","protected":false},"excerpt":{"rendered":"Kev\u00e9s rosszabb dolog eshet meg egy hivat\u00e1sos futballist\u00e1val, mint lemaradni egy vil\u00e1gbajnoks\u00e1gr\u00f3l. Persze nem a San Marino-f\u00e9le mikro\u00e1llamok&hellip;\n","protected":false},"author":2,"featured_media":133117,"comment_status":"","ping_status":"","sticky":false,"template":"","format":"standard","meta":{"footnotes":"","_share_on_mastodon":"0"},"categories":[14],"tags":[28827,41701,3228,553,41700,44,24429,42,40,502,21414,43,41,41703,8401,41702,1128,45,131,4411,28325],"class_list":["post-133116","post","type-post","status-publish","format-standard","has-post-thumbnail","category-sport","tag-eder-militao","tag-estevao","tag-fermin-lopez","tag-futball","tag-hianyzok","tag-hu","tag-hugo-ekitike","tag-hungarian","tag-hungary","tag-labdarugas","tag-lennart-karl","tag-magyar","tag-magyarorszag","tag-matthijs-de-ligt","tag-rodrygo","tag-serge-gnabry","tag-serules","tag-sport","tag-sports","tag-vb-2026","tag-xavi-simons"],"share_on_mastodon":{"url":"https:\/\/pubeurope.com\/@hu\/116731140312708440","error":""},"_links":{"self":[{"href":"https:\/\/www.europesays.com\/hu\/wp-json\/wp\/v2\/posts\/133116","targetHints":{"allow":["GET"]}}],"collection":[{"href":"https:\/\/www.europesays.com\/hu\/wp-json\/wp\/v2\/posts"}],"about":[{"href":"https:\/\/www.europesays.com\/hu\/wp-json\/wp\/v2\/types\/post"}],"author":[{"embeddable":true,"href":"https:\/\/www.europesays.com\/hu\/wp-json\/wp\/v2\/users\/2"}],"replies":[{"embeddable":true,"href":"https:\/\/www.europesays.com\/hu\/wp-json\/wp\/v2\/comments?post=133116"}],"version-history":[{"count":0,"href":"https:\/\/www.europesays.com\/hu\/wp-json\/wp\/v2\/posts\/133116\/revisions"}],"wp:featuredmedia":[{"embeddable":true,"href":"https:\/\/www.europesays.com\/hu\/wp-json\/wp\/v2\/media\/133117"}],"wp:attachment":[{"href":"https:\/\/www.europesays.com\/hu\/wp-json\/wp\/v2\/media?parent=133116"}],"wp:term":[{"taxonomy":"category","embeddable":true,"href":"https:\/\/www.europesays.com\/hu\/wp-json\/wp\/v2\/categories?post=133116"},{"taxonomy":"post_tag","embeddable":true,"href":"https:\/\/www.europesays.com\/hu\/wp-json\/wp\/v2\/tags?post=133116"}],"curies":[{"name":"wp","href":"https:\/\/api.w.org\/{rel}","templated":true}]}}