{"id":133130,"date":"2026-06-11T11:16:09","date_gmt":"2026-06-11T11:16:09","guid":{"rendered":"https:\/\/www.europesays.com\/hu\/133130\/"},"modified":"2026-06-11T11:16:09","modified_gmt":"2026-06-11T11:16:09","slug":"index-futball-futball-vb-2026-87","status":"publish","type":"post","link":"https:\/\/www.europesays.com\/hu\/133130\/","title":{"rendered":"Index &#8211; Futball &#8211; Futball-vb 2026"},"content":{"rendered":"<p>\n                          Gianni Infantino, a\u00a0Nemzetk\u00f6zi Labdar\u00fag\u00f3-sz\u00f6vets\u00e9g (FIFA) eln\u00f6ke szerint sajn\u00e1latos, hogy\u00a0az Egyes\u00fclt \u00c1llamok V\u00e1m- \u00e9s Hat\u00e1rv\u00e9delmi Hivatala (CBP) megtagadta a bel\u00e9p\u00e9st a vil\u00e1gbajnoks\u00e1gra kijel\u00f6lt Omar Artan szom\u00e1liai b\u00edr\u00f3t\u00f3l, azonban lesz\u00f6gezte, a FIFA-nak mint sportszervezet nincsen r\u00e1hat\u00e1sa m\u00e1s orsz\u00e1gok korm\u00e1nyainak vagy rend\u0151ri er\u0151inek d\u00f6nt\u00e9shozatal\u00e1ra.\n                        <\/p>\n<p>Ha az <a href=\"https:\/\/index.hu\/sport\/futball\/2026\/vb\/2026\/06\/04\/labdarugo-vilagbajnoksag-2026-irani-valogatott-vizum-utazas-eszak-amerikai-mexiko\/\" id=\"hyperlink_9eecf5c417323bc6d187915b5b5b04d4\" target=\"_blank\" title=\"Mindenki megkapta a v\u00edzumot, \u00fatnak indulhat az ir\u00e1ni v\u00e1logatott a futball-vb-re\" rel=\"nofollow noopener\">ir\u00e1ni csapat k\u00f6r\u00fcl kialakult helyzet<\/a> nem volt el\u00e9g kellemetlen a vil\u00e1gbajnoks\u00e1gra n\u00e9zve, az elm\u00falt napokban \u00fajabb balh\u00e9t\u00f3l hangos a sportm\u00e9dia, miut\u00e1n <a href=\"https:\/\/index.hu\/sport\/futball\/2026\/vb\/2026\/06\/09\/vilagbajnoksag-2026-omar-artan-jatekvezeto-egyesult-allamok-szomalia\/\" id=\"hyperlink_e49173785f2f044bef4211eb6716fa7b\" target=\"_blank\" title=\"M\u00e9g el sem kezd\u0151d\u00f6tt a vb, m\u00e1ris van egy fontos szerepl\u0151, akit nem engednek be Amerik\u00e1ba, \u00edgy lemarad a torn\u00e1r\u00f3l\" data-recommendation=\"bekezdes_utan\" data-recommendation-preview=\"{&quot;og:title&quot;:&quot;M\u00e9g el sem kezd\\u0151d\u00f6tt a vb, m\u00e1ris van egy fontos szerepl\\u0151, akit nem engednek be Amerik\u00e1ba, \u00edgy lemarad a torn\u00e1r\u00f3l&quot;,&quot;og:description&quot;:&quot;Biztons\u00e1gi ellen\\u0151rz\u00e9si agg\u00e1lyok miatt tagadt\u00e1k meg a bel\u00e9p\u00e9s\u00e9t.&quot;,&quot;og:image&quot;:&quot;\\\/\\\/kep.cdn.indexvas.hu\\\/1\\\/0\\\/6984\\\/69848\\\/698488\\\/69848805_5153653_b2f11f9ee599c7d4ee20e333dfebb47a_wm.jpg&quot;}\" data-recommendation-id=\"6223227\" rel=\"nofollow noopener\">az Egyes\u00fclt \u00c1llamok V\u00e1m- \u00e9s Hat\u00e1rv\u00e9delmi Hivatala (CBP) megtagadta a bel\u00e9p\u00e9st Omar Artant\u00f3l<\/a>, a FIFA \u00e1ltal vb-re kijel\u00f6lt szom\u00e1liai b\u00edr\u00f3t\u00f3l.<\/p>\n<p>A 34 esztend\u0151s j\u00e1t\u00e9kvezet\u0151t \u2013 akit az Afrikai Labdar\u00fag\u00f3-sz\u00f6vets\u00e9g (CAF) a 2025-\u00f6s \u00e9v legjobb b\u00edr\u00f3j\u00e1nak v\u00e1lasztott meg \u2013 biztons\u00e1gi agg\u00e1lyokra (felt\u00e9telezett kapcsolat szom\u00e1liai terrorszervezet tagjaival) hivatkozva nem engedt\u00e9k be a hat\u00f3s\u00e1gok az orsz\u00e1g ter\u00fclet\u00e9re. A d\u00f6nt\u00e9st a Nemzetk\u00f6zi Labdar\u00fag\u00f3-sz\u00f6vets\u00e9g (FIFA) is elfogadta, mondv\u00e1n \u201ev\u00e9gs\u0151 soron a rendez\u0151 orsz\u00e1g korm\u00e1nya d\u00f6nti el, hogy kinek adnak ki v\u00edzumot, \u00e9s kit engednek be az orsz\u00e1gba\u201d.<\/p>\n<p>Az \u00fcggyel kapcsolatban szerd\u00e1n\u00a0Gianni Infantino FIFA-eln\u00f6k\u00f6t is k\u00e9rdezt\u00e9k az \u00fajs\u00e1g\u00edr\u00f3k a Mexik\u00f3v\u00e1rosban tartott sajt\u00f3t\u00e1j\u00e9koztat\u00f3j\u00e1n.<\/p>\n<p>Higgyenek nekem, ha ezt mondom \u2013 vagy ne higgyenek, ha nem akarnak \u2013, de mi mindig megpr\u00f3b\u00e1lunk megold\u00e1sokat tal\u00e1lni, mindig. De tiszt\u00e1ban kell lenn\u00fcnk azzal, hogy nem vagyunk a vil\u00e1g urai, akik korm\u00e1nyok \u00e9s rend\u0151ri er\u0151k felett uralkodhatnak<\/p>\n<p>\u2013 nyilatkozta a sportvezet\u0151.<\/p>\n<p>Hozz\u00e1tette, a FIFA csup\u00e1n egy sportszervezet, de igyekeznek legjobb tud\u00e1sunk szerint cselekedni a rendelkez\u00e9s\u00fckre \u00e1ll\u00f3 eszk\u00f6z\u00f6kkel.<\/p>\n<p>\u201eSajn\u00e1latos, ami Omarral t\u00f6rt\u00e9nt, de nem tudunk mindent ir\u00e1ny\u00edtani. Megl\u00e1tjuk, mit lehet tenni az \u00fcgyben, tal\u00e1n n\u00e9ha az is j\u00f3t tesz, ha az ember lenyugszik egy kicsit. (&#8230;) N\u00e9ha a kiab\u00e1l\u00e1s \u00e9s hangoskod\u00e1s \u00e9ppen az ellenkez\u0151 hat\u00e1st v\u00e1ltja ki, amikor megold\u00e1st pr\u00f3b\u00e1lunk keresni.\u201d<\/p>\n<p>K\u00e9s\u0151bb hozz\u00e1tette, a lehiggad\u00e1s alatt nem azt \u00e9rtette, hogy nem csin\u00e1lnak semmit az \u00fcgyben, majd felhozta Ir\u00e1n p\u00e9ld\u00e1j\u00e1t, ahol szerinte siker\u00fclt orvosolni a helyzetet.<\/p>\n<p>\n                          \u201eSiker\u00fclt el\u00e9rni, hogy Ir\u00e1n Amerik\u00e1ban j\u00e1tsszon, nem tudom, kinek siker\u00fclt volna m\u00e9g ez. Nem a Holdon \u00e9l\u00fcnk, hanem a F\u00f6ld\u00f6n, \u00e9s mi mindent megtesz\u00fcnk, ami t\u0151l\u00fcnk telik, hogy megold\u00f3djanak a dolgok\u201d\u00a0\u2013 sz\u00f6gezte le az 56 \u00e9ves FIFA-eln\u00f6k.\n                        <\/p>\n<p>\n                          B\u00f6ng\u00e9ssze az Index\u00a0<a href=\"https:\/\/dex.hu\/x.php?id=index_sport_cikklink&amp;url=https%3A%2F%2Findex.hu%2Fsport%2Ffutball%2F2026%2Fvb%2F\" id=\"hyperlink_d9a7aeaa85334bc3b6711d3ca7a39b2d\" rel=\"noopener nofollow noreferrer\" target=\"_blank\">vil\u00e1gbajnoki mell\u00e9klet\u00e9t<\/a>, ahol a cikkek mellett megtal\u00e1lja a menetrendet, a csoportok \u00e1ll\u00e1s\u00e1t, a j\u00e1t\u00e9koskereteket, a csapatle\u00edr\u00e1sokat \u00e9s a helysz\u00edneket is! J\u00e1t\u00e9kunkban megtippelheti a vb-gy\u0151ztest, v\u00e1rakoz\u00e1sait a k\u00f6z\u00f6ss\u00e9gi m\u00e9di\u00e1ban is megoszthatja.\n                        <\/p>\n<p>Tartsanak vel\u00fcnk t\u00f6bb mint egy h\u00f3napon \u00e1t, hiszen helysz\u00edni tud\u00f3s\u00edt\u00f3nk rendszeresen exkluz\u00edv tartalmakkal jelentkezik a tengerent\u00falr\u00f3l!\u00a0 Meccs\u00f6sszefoglal\u00f3k, riportok, interj\u00fak, podcastok, vide\u00f3k, \u00e9rdekess\u00e9gek \u2013 minden egy helyen, minden az Indexen!<\/p>\n<p>(Bor\u00edt\u00f3k\u00e9p:\u00a0 Carl Recine \/ Getty Images)<\/p>\n<p><a href=\"https:\/\/dex.hu\/x.php?id=googlepref_desktop&amp;url=https:\/\/google.com\/preferences\/source?q=https:\/\/index.hu\" class=\"google-pref-banner \" id=\"googlePrefBanner\" rel=\"nofollow noopener\" target=\"_blank\"><\/p>\n<p>    Itt \u00e1ll\u00edtsa be, hogy az Index az els\u0151k k\u00f6z\u00f6tt legyen a Google-tal\u00e1latokban!<\/p>\n<p><\/a><\/p>\n<p>                <a href=\"https:\/\/konyvek.index.hu\/\" target=\"_blank\" rel=\"nofollow noopener\"><br \/>\n                <img decoding=\"async\" src=\"https:\/\/index.hu\/assets\/images\/konyvajanlo\/book_indapress\/book_indapress_logo.svg\" loading=\"lazy\" alt=\"Inda Press Kiad\u00f3\"\/><br \/>\n                <\/a><\/p>\n<p>                <img decoding=\"async\" src=\"https:\/\/www.europesays.com\/hu\/wp-content\/uploads\/2026\/06\/1781176567_572_rossi.png\" loading=\"lazy\" alt=\"Rossi\"\/><\/p>\n<p>Ismerd meg a magyar labdar\u00fag\u00e1s h\u0151s\u00e9nek eml\u00e9kezetes pillanatait!<br \/>Folytassa, Mister!<\/p>\n<p>                <a class=\"book_index_btn\" href=\"https:\/\/indexadhu.hit.gemius.pl\/hitredir\/id=nSCbubuYpDWJZLZs0TssLrbt33Lk5kbipuiZrkg89G3.g7\/stparam=uciklwjurk\/fastid=efdamtuhsxcjschvtzobuxredglq\/nc=0\/url=https:\/\/www.indapresskiado.hu\/products\/marco-rossi?_pos=1&amp;_psq=rossi&amp;_ss=e&amp;_v=1.0\" target=\"_blank\" rel=\"nofollow noopener\">MEGVESZEM<\/a><\/p>\n<p>    <img loading=\"lazy\" decoding=\"async\" src=\"https:\/\/www.europesays.com\/hu\/wp-content\/uploads\/2026\/06\/1781176569_360_nc=0.gif\" border=\"0\" height=\"0\" width=\"0\"\/><\/p>\n<p>    <img decoding=\"async\" src=\"https:\/\/index.hu\/assets\/images\/social-follow\/logo-big.svg\" alt=\"Index.hu logo\"\/><\/p>\n<p>K\u00f6vesse az Indexet Facebookon is!<\/p>\n<p>    <a href=\"https:\/\/facebook.com\/Indexhu\" target=\"_blank\" rel=\"nofollow noopener\"><\/p>\n<p>        K\u00f6vetem!<br \/>\n    <\/a><\/p>\n","protected":false},"excerpt":{"rendered":"Gianni Infantino, a\u00a0Nemzetk\u00f6zi Labdar\u00fag\u00f3-sz\u00f6vets\u00e9g (FIFA) eln\u00f6ke szerint sajn\u00e1latos, hogy\u00a0az Egyes\u00fclt \u00c1llamok V\u00e1m- \u00e9s Hat\u00e1rv\u00e9delmi Hivatala (CBP) megtagadta a&hellip;\n","protected":false},"author":2,"featured_media":133131,"comment_status":"","ping_status":"","sticky":false,"template":"","format":"standard","meta":{"footnotes":"","_share_on_mastodon":"0"},"categories":[14],"tags":[4195,24069,18361,7573,44,42,40,43,41,41092,45,131,4411,4710],"class_list":["post-133130","post","type-post","status-publish","format-standard","has-post-thumbnail","category-sport","tag-fifa","tag-futball-vb","tag-futball-vb-2026","tag-gianni-infantino","tag-hu","tag-hungarian","tag-hungary","tag-magyar","tag-magyarorszag","tag-omar-artan","tag-sport","tag-sports","tag-vb-2026","tag-vilagbajnoksag"],"share_on_mastodon":{"url":"https:\/\/pubeurope.com\/@hu\/116731195621673283","error":""},"_links":{"self":[{"href":"https:\/\/www.europesays.com\/hu\/wp-json\/wp\/v2\/posts\/133130","targetHints":{"allow":["GET"]}}],"collection":[{"href":"https:\/\/www.europesays.com\/hu\/wp-json\/wp\/v2\/posts"}],"about":[{"href":"https:\/\/www.europesays.com\/hu\/wp-json\/wp\/v2\/types\/post"}],"author":[{"embeddable":true,"href":"https:\/\/www.europesays.com\/hu\/wp-json\/wp\/v2\/users\/2"}],"replies":[{"embeddable":true,"href":"https:\/\/www.europesays.com\/hu\/wp-json\/wp\/v2\/comments?post=133130"}],"version-history":[{"count":0,"href":"https:\/\/www.europesays.com\/hu\/wp-json\/wp\/v2\/posts\/133130\/revisions"}],"wp:featuredmedia":[{"embeddable":true,"href":"https:\/\/www.europesays.com\/hu\/wp-json\/wp\/v2\/media\/133131"}],"wp:attachment":[{"href":"https:\/\/www.europesays.com\/hu\/wp-json\/wp\/v2\/media?parent=133130"}],"wp:term":[{"taxonomy":"category","embeddable":true,"href":"https:\/\/www.europesays.com\/hu\/wp-json\/wp\/v2\/categories?post=133130"},{"taxonomy":"post_tag","embeddable":true,"href":"https:\/\/www.europesays.com\/hu\/wp-json\/wp\/v2\/tags?post=133130"}],"curies":[{"name":"wp","href":"https:\/\/api.w.org\/{rel}","templated":true}]}}