{"id":133328,"date":"2026-06-11T13:44:13","date_gmt":"2026-06-11T13:44:13","guid":{"rendered":"https:\/\/www.europesays.com\/hu\/133328\/"},"modified":"2026-06-11T13:44:13","modified_gmt":"2026-06-11T13:44:13","slug":"evekig-cikiztek-a-rajongok-az-agymenok-sztarja-fontos-dolgot-arult-el-a-karaktererol","status":"publish","type":"post","link":"https:\/\/www.europesays.com\/hu\/133328\/","title":{"rendered":"\u00c9vekig cikizt\u00e9k a rajong\u00f3k, az Agymen\u0151k szt\u00e1rja fontos dolgot \u00e1rult el a karakter\u00e9r\u0151l"},"content":{"rendered":"<p>\n                        Az Agymen\u0151k Amy Farrah Fowlerje m\u00e1r az els\u0151 pillanatt\u00f3l kil\u00f3gott a sorozat n\u0151i karakterei k\u00f6z\u00fcl.                     <\/p>\n<p class=\"isSelectedEnd\">A Mayim Bialik \u00e1ltal megform\u00e1lt karakter egy z\u00e1rk\u00f3zott, visszafogott, kev\u00e9sb\u00e9 divatos figurak\u00e9nt jelent a meg a k\u00e9perny\u0151n, \u00e9s l\u00e1ssuk be, nem volt az a tipikus sitcomos alkat. A vastag kardig\u00e1njai \u00e9s hossz\u00fa szokny\u00e1i miatt sokan kinevett\u00e9k, gyakran a sorozatban is po\u00e9nforr\u00e1sk\u00e9nt haszn\u00e1lt\u00e1k az \u00f6lt\u00f6zk\u00f6d\u00e9s\u00e9t.\u00a0<\/p>\n<p>&#13;<\/p>\n<p class=\"isSelectedEnd\">\n<p>&#13;<br \/>\nA konzervat\u00edv megjelen\u00e9s\u00a0&#13;<\/p>\n<p class=\"isSelectedEnd\">Pedig Amy ruhat\u00e1ra nem egy egyszer\u0171 alkot\u00f3i d\u00f6nt\u00e9s volt, Mayim Bialik ugyanis k\u00e9s\u0151bb el\u00e1rulta, a karakter konzervat\u00edv megjelen\u00e9s r\u00e9szben az \u0151 vall\u00e1si hat\u00e1raib\u00f3l fakad. A sz\u00edn\u00e9szn\u0151 gyakorl\u00f3 zsid\u00f3 n\u0151k\u00e9nt \u00e9li az \u00e9let\u00e9t, \u00e9s m\u00e1r a sorozat elej\u00e9n jelezte a k\u00e9sz\u00edt\u0151knek, hogy bizonyos ruhadarabokat nem szeretne viselni. <\/p>\n<p>&#13;<\/p>\n<p>Egy 2019-es interj\u00faban azt is felid\u00e9zte, hogy a st\u00e1b eleinte\u00a0nadr\u00e1gokat is mutatott neki, \u0151 viszont r\u00f6gt\u00f6n tiszt\u00e1zta: nem hord nadr\u00e1got. Elmond\u00e1sa szerint a jelmeztervez\u0151k el\u0151sz\u00f6r nem igaz\u00e1n \u00e9rtett\u00e9k, mire gondol, de v\u00e9g\u00fcl alkalmazkodtak a k\u00e9r\u00e9s\u00e9hez.<\/p>\n<p>&#13;<br \/>\nAmy figur\u00e1ja m\u00e1s volt&#13;<\/p>\n<p class=\"isSelectedEnd\">Bialik arr\u00f3l is besz\u00e9lt, hogy a sorozat k\u00e9sz\u00edt\u0151i figyelembe vett\u00e9k, mely testr\u00e9szeit nem szeretn\u00e9 mutogatni a kamer\u00e1k el\u0151tt.\u00a0Ez Hollywoodban nem felt\u00e9tlen\u00fcl mag\u00e1t\u00f3l \u00e9rtet\u0151d\u0151, hiszen az ipar\u00e1g arra is \u00e9p\u00fcl, hogy a n\u0151i szerepl\u0151k megjelen\u00e9s\u00e9t a vonzer\u0151 k\u00f6r\u00e9 \u00e9p\u00edtik. Amy figur\u00e1ja azonban k\u00e9ts\u00e9gtelen\u00fcl m\u00e1s volt, \u00e9s egy\u00e9rtelm\u0171en a sz\u00edn\u00e9szn\u0151 saj\u00e1t hat\u00e1rai form\u00e1lt\u00e1k, amit a producerek is elfogadtak. S\u0151t, nem csup\u00e1n elfogadt\u00e1k a Bialik d\u00f6nt\u00e9s\u00e9t, de a karakter v\u00e9djegy\u00e9v\u00e9 is tett\u00e9k azt, hiszen a ruh\u00e1i\u00a0egyszerre er\u0151s\u00edtett\u00e9k a figura tud\u00f3si, z\u00e1rk\u00f3zott \u00e9s szoci\u00e1lisan bizonytalan oldal\u00e1t.<\/p>\n<p>&#13;<br \/>\n&#13;<br \/>\nSokan kinevett\u00e9k\u00a0&#13;<\/p>\n<p class=\"isSelectedEnd\">B\u00e1r a sorozat n\u00e9z\u0151i gyakran nevettek a kardig\u00e1nokon \u00e9s a kiss\u00e9 szokatlan szetteken, de a sz\u00edn\u00e9szn\u0151t ez nem k\u00fcl\u00f6n\u00f6sebben \u00e9rdekelte, hiszen az \u00f6lt\u00f6zk\u00f6d\u00e9se nem a sz\u00e9gyenr\u0151l vagy az elfojt\u00e1sr\u00f3l sz\u00f3lt, ink\u00e1bb a v\u00e9delemr\u0151l \u00e9s a szem\u00e9lyes \u00e9rt\u00e9krendr\u0151l. Ez pedig l\u00e1ssuk be, eg\u00e9szen m\u00e1s megvil\u00e1g\u00edt\u00e1sba helyezi Amy-t \u00e9s a ruhat\u00e1r\u00e1t. <\/p>\n<p>&#13;<\/p>\n<p>via <a href=\"https:\/\/www.thelist.com\/2186714\/amy-from-big-bang-theory-dubbed-worst-dressed-character-but-wardrobe-served-big-purpose\/\" target=\"_blank\" rel=\"noopener nofollow\">The List\u00a0<\/a><\/p>\n<p>                <a href=\"https:\/\/google.com\/preferences\/source?q=https:\/\/port.hu\" target=\"_blank\" class=\"google-pref-banner\" id=\"googlePrefBanner\" rel=\"nofollow noopener\"><br \/>\n                    <img loading=\"lazy\" decoding=\"async\" src=\"https:\/\/port.hu\/img\/svg\/google-logo.svg\" width=\"52\" height=\"52\"\/><br \/>\n                    Itt \u00e1ll\u00edtsa be, hogy a Port az els\u0151k k\u00f6z\u00f6tt legyen a Google-tal\u00e1latokban!<\/p>\n<p>                <\/a><\/p>\n","protected":false},"excerpt":{"rendered":"Az Agymen\u0151k Amy Farrah Fowlerje m\u00e1r az els\u0151 pillanatt\u00f3l kil\u00f3gott a sorozat n\u0151i karakterei k\u00f6z\u00fcl. A Mayim Bialik&hellip;\n","protected":false},"author":2,"featured_media":133329,"comment_status":"","ping_status":"","sticky":false,"template":"","format":"standard","meta":{"footnotes":"","_share_on_mastodon":"0"},"categories":[21],"tags":[4244,198,137,199,44,42,40,43,41,6511,149,138,191],"class_list":["post-133328","post","type-post","status-publish","format-standard","has-post-thumbnail","category-hiressegek","tag-agymenok","tag-celebrities","tag-entertainment","tag-hiressegek","tag-hu","tag-hungarian","tag-hungary","tag-magyar","tag-magyarorszag","tag-mayim-bialik","tag-sorozat","tag-szorakozas","tag-tv"],"share_on_mastodon":{"url":"https:\/\/pubeurope.com\/@hu\/116731777295682188","error":""},"_links":{"self":[{"href":"https:\/\/www.europesays.com\/hu\/wp-json\/wp\/v2\/posts\/133328","targetHints":{"allow":["GET"]}}],"collection":[{"href":"https:\/\/www.europesays.com\/hu\/wp-json\/wp\/v2\/posts"}],"about":[{"href":"https:\/\/www.europesays.com\/hu\/wp-json\/wp\/v2\/types\/post"}],"author":[{"embeddable":true,"href":"https:\/\/www.europesays.com\/hu\/wp-json\/wp\/v2\/users\/2"}],"replies":[{"embeddable":true,"href":"https:\/\/www.europesays.com\/hu\/wp-json\/wp\/v2\/comments?post=133328"}],"version-history":[{"count":0,"href":"https:\/\/www.europesays.com\/hu\/wp-json\/wp\/v2\/posts\/133328\/revisions"}],"wp:featuredmedia":[{"embeddable":true,"href":"https:\/\/www.europesays.com\/hu\/wp-json\/wp\/v2\/media\/133329"}],"wp:attachment":[{"href":"https:\/\/www.europesays.com\/hu\/wp-json\/wp\/v2\/media?parent=133328"}],"wp:term":[{"taxonomy":"category","embeddable":true,"href":"https:\/\/www.europesays.com\/hu\/wp-json\/wp\/v2\/categories?post=133328"},{"taxonomy":"post_tag","embeddable":true,"href":"https:\/\/www.europesays.com\/hu\/wp-json\/wp\/v2\/tags?post=133328"}],"curies":[{"name":"wp","href":"https:\/\/api.w.org\/{rel}","templated":true}]}}