{"id":134137,"date":"2026-06-12T06:24:15","date_gmt":"2026-06-12T06:24:15","guid":{"rendered":"https:\/\/www.europesays.com\/hu\/134137\/"},"modified":"2026-06-12T06:24:15","modified_gmt":"2026-06-12T06:24:15","slug":"index-futball-futball-vb-2026-95","status":"publish","type":"post","link":"https:\/\/www.europesays.com\/hu\/134137\/","title":{"rendered":"Index &#8211; Futball &#8211; Futball-vb 2026"},"content":{"rendered":"<p>Ha izgalomban nem is, piros lapoknak b\u0151velkedett az A csoport, valamint a 2026-os vil\u00e1gbajnoks\u00e1g nyit\u00f3m\u00e9rk\u0151z\u00e9se, amelyen <a href=\"https:\/\/index.hu\/sport\/futball\/2026\/vb\/2026\/06\/11\/vilagbajnoksag-2026-nyitomerkozes-labdarugas-mexiko-del-afrikai-koztarsasag-osszefoglalo\/\" id=\"hyperlink_264c192a2900e17181b5b4cee71d470a\" target=\"_blank\" title=\"H\u00e1rom piros lap, k\u00e9t g\u00f3l, egy felejthet\u0151 mexik\u00f3i gy\u0151zelem a vb-nyit\u00e1nyon\" data-recommendation=\"bekezdes_utan\" data-recommendation-preview=\"{&quot;og:title&quot;:&quot;H\u00e1rom piros lap, k\u00e9t g\u00f3l, egy felejthet\\u0151 mexik\u00f3i gy\\u0151zelem a vb-nyit\u00e1nyon&quot;,&quot;og:description&quot;:&quot;Kor\u00e1bban soha nem osztottak ki h\u00e1rom pirosat vb-nyit\u00f3meccsen.&quot;,&quot;og:image&quot;:&quot;\\\/\\\/kep.cdn.indexvas.hu\\\/1\\\/0\\\/6990\\\/69901\\\/699012\\\/69901281_5157441_a693df07d29212b5f2e50f4ce4abdd9f_wm.jpg&quot;}\" data-recommendation-id=\"6225175\" rel=\"nofollow noopener\">Mexik\u00f3 2\u20130-ra legy\u0151zte a D\u00e9l-afrikai K\u00f6zt\u00e1rsas\u00e1got<\/a>.<\/p>\n<p>Az els\u0151 nap menetrendje azonban ezzel azonban m\u00e9g nem \u00e9rt v\u00e9get, ugyanis magyar id\u0151 szerint hajnali 4-es kezd\u00e9ssel a kvartett m\u00e1sik k\u00e9t tagja, Csehorsz\u00e1g \u00e9s D\u00e9l-Korea is \u00f6sszecsapott egym\u00e1ssal.<\/p>\n<p>Tal\u00e1n kiss\u00e9 meglep\u0151en, de az \u00e1zsiai nemzet domin\u00e1lta nemcsak az els\u0151 f\u00e9lid\u0151t, de az eg\u00e9sz tal\u00e1lkoz\u00f3t, ennek ellen\u00e9re el\u0151sz\u00f6r a csehek rezegtett\u00e9k meg a h\u00e1l\u00f3t, miut\u00e1n egy jobb oldali hossz\u00fa bedob\u00e1st k\u00f6vet\u0151en Ladislav Krejci fejelt hatalmas er\u0151vel a kapuba az 59. percben (0\u20131).<\/p>\n<p>De nem maradt el a m\u00e1sik j\u00e1t\u00e9kr\u00e9szre m\u00e1r l\u00e1tv\u00e1nyosan f\u00f6l\u00e9nyben futballoz\u00f3 ellenf\u00e9l v\u00e1lasza sem, el\u0151bb Hvang Inbom egyenl\u00edtett ki a 67. percben, majd sz\u0171k negyed\u00f3r\u00e1val k\u00e9s\u0151bb m\u00e1r \u00e9ppen az \u0151 jobb oldali bead\u00e1s\u00e1ra \u00e9rkezett Oh Honkju, akinek l\u00f6v\u00e9se Matej Kovar kapusr\u00f3l pattant a kapu bal oldal\u00e1ba\u00a0(2\u20131).<\/p>\n<p>Hi\u00e1ba nyomtak az eur\u00f3paiak, egyetlen pr\u00f3b\u00e1lkoz\u00e1suk sem tal\u00e1lt utat a koreai kapuba\u00a0\u2013 nagyban k\u00f6sz\u00f6nhet\u0151en Kim Szongkjunak, aki a 92. percben hatalmas v\u00e9d\u00e9st mutatott be Michal Sad\u00edlek 12 m\u00e9terr\u0151l eleresztett l\u00f6v\u00e9se ut\u00e1n.<\/p>\n<p>D\u00e9l-Korea \u00cdgy Mexik\u00f3hoz hasonl\u00f3an h\u00e1rom ponttal kezdte a torn\u00e1t, \u00f6sszess\u00e9g\u00e9ben pedig meg\u00e9rdemelt gy\u0151zelmet aratott, miut\u00e1n labdabirtokl\u00e1s (62:38) \u00e9s kapura l\u00f6v\u00e9sek (15\u20137) ter\u00e9n is j\u00f3csk\u00e1n fel\u00fclm\u00falta Csehorsz\u00e1got.<\/p>\n<p>                        Labdar\u00fag\u00f3-vil\u00e1gbajnoks\u00e1g 2026, csoportk\u00f6r<\/p>\n<p>\n                          A csoport:\n                        <\/p>\n<p>                        D\u00e9l-koreai K\u00f6zt\u00e1rsas\u00e1g\u2013Csehorsz\u00e1g 2\u20131 (Hvang Inbom 63., Oh Honkju 80., ill., Krejci 59.)<\/p>\n<p>\n                          cs\u00fct\u00f6rt\u00f6k\u00f6n j\u00e1tszott\u00e1k:\n                        <\/p>\n<p>\n                          <a href=\"https:\/\/dex.hu\/x.php?id=index_sport_cikklink&amp;url=https%3A%2F%2Findex.hu%2Fsport%2Ffutball%2F2026%2Fvb%2F\" id=\"hyperlink_d9a7aeaa85334bc3b6711d3ca7a39b2d\" target=\"_blank\" rel=\"nofollow noopener\">B\u00f6ng\u00e9ssze az Index vil\u00e1gbajnoki mell\u00e9klet\u00e9t<\/a>, ahol a cikkek mellett megtal\u00e1lja a menetrendet, a csoportok \u00e1ll\u00e1s\u00e1t, a j\u00e1t\u00e9koskereteket, a csapatle\u00edr\u00e1sokat \u00e9s a helysz\u00edneket is. J\u00e1t\u00e9kunkban megtippelheti a vb-gy\u0151ztest, v\u00e1rakoz\u00e1sait a k\u00f6z\u00f6ss\u00e9gi m\u00e9di\u00e1ban is megoszthatja.\n                        <\/p>\n<p>\n                          Tartsanak vel\u00fcnk t\u00f6bb mint egy h\u00f3napon \u00e1t, hiszen helysz\u00edni tud\u00f3s\u00edt\u00f3nk rendszeresen exkluz\u00edv tartalmakkal jelentkezik a tengerent\u00falr\u00f3l. Meccs\u00f6sszefoglal\u00f3k, riportok, interj\u00fak, podcastok, vide\u00f3k, \u00e9rdekess\u00e9gek \u2013 minden egy helyen, minden az Indexen!\n                        <\/p>\n<p><a href=\"https:\/\/dex.hu\/x.php?id=googlepref_desktop&amp;url=https:\/\/google.com\/preferences\/source?q=https:\/\/index.hu\" class=\"google-pref-banner \" id=\"googlePrefBanner\" rel=\"nofollow noopener\" target=\"_blank\"><\/p>\n<p>    Itt \u00e1ll\u00edtsa be, hogy az Index az els\u0151k k\u00f6z\u00f6tt legyen a Google-tal\u00e1latokban!<\/p>\n<p><\/a><\/p>\n<p>                <a href=\"https:\/\/konyvek.index.hu\/\" target=\"_blank\" rel=\"nofollow noopener\"><br \/>\n                <img decoding=\"async\" src=\"https:\/\/index.hu\/assets\/images\/konyvajanlo\/book_indapress\/book_indapress_logo.svg\" loading=\"lazy\" alt=\"Inda Press Kiad\u00f3\"\/><br \/>\n                <\/a><\/p>\n<p>                <img decoding=\"async\" src=\"https:\/\/www.europesays.com\/hu\/wp-content\/uploads\/2026\/06\/1781227816_693_rossi.png\" loading=\"lazy\" alt=\"Rossi\"\/><\/p>\n<p>Ismerd meg a magyar labdar\u00fag\u00e1s h\u0151s\u00e9nek eml\u00e9kezetes pillanatait!<br \/>Folytassa, Mister!<\/p>\n<p>                <a class=\"book_index_btn\" href=\"https:\/\/indexadhu.hit.gemius.pl\/hitredir\/id=nSCbubuYpDWJZLZs0TssLrbt33Lk5kbipuiZrkg89G3.g7\/stparam=uciklwjurk\/fastid=efdamtuhsxcjschvtzobuxredglq\/nc=0\/url=https:\/\/www.indapresskiado.hu\/products\/marco-rossi?_pos=1&amp;_psq=rossi&amp;_ss=e&amp;_v=1.0\" target=\"_blank\" rel=\"nofollow noopener\">MEGVESZEM<\/a><\/p>\n<p>    <img loading=\"lazy\" decoding=\"async\" src=\"https:\/\/www.europesays.com\/hu\/wp-content\/uploads\/2026\/06\/1781227818_407_nc=0.gif\" border=\"0\" height=\"0\" width=\"0\"\/><\/p>\n<p>    <img decoding=\"async\" src=\"https:\/\/index.hu\/assets\/images\/social-follow\/logo-big.svg\" alt=\"Index.hu logo\"\/><\/p>\n<p>K\u00f6vesse az Indexet Facebookon is!<\/p>\n<p>    <a href=\"https:\/\/facebook.com\/Indexhu\" target=\"_blank\" rel=\"nofollow noopener\"><\/p>\n<p>        K\u00f6vetem!<br \/>\n    <\/a><\/p>\n","protected":false},"excerpt":{"rendered":"Ha izgalomban nem is, piros lapoknak b\u0151velkedett az A csoport, valamint a 2026-os vil\u00e1gbajnoks\u00e1g nyit\u00f3m\u00e9rk\u0151z\u00e9se, amelyen Mexik\u00f3 2\u20130-ra&hellip;\n","protected":false},"author":2,"featured_media":134138,"comment_status":"","ping_status":"","sticky":false,"template":"","format":"standard","meta":{"footnotes":"","_share_on_mastodon":"0"},"categories":[14],"tags":[24069,18361,44,42,40,43,41,45,131,4411,4710],"class_list":["post-134137","post","type-post","status-publish","format-standard","has-post-thumbnail","category-sport","tag-futball-vb","tag-futball-vb-2026","tag-hu","tag-hungarian","tag-hungary","tag-magyar","tag-magyarorszag","tag-sport","tag-sports","tag-vb-2026","tag-vilagbajnoksag"],"share_on_mastodon":{"url":"https:\/\/pubeurope.com\/@hu\/116735709669237777","error":""},"_links":{"self":[{"href":"https:\/\/www.europesays.com\/hu\/wp-json\/wp\/v2\/posts\/134137","targetHints":{"allow":["GET"]}}],"collection":[{"href":"https:\/\/www.europesays.com\/hu\/wp-json\/wp\/v2\/posts"}],"about":[{"href":"https:\/\/www.europesays.com\/hu\/wp-json\/wp\/v2\/types\/post"}],"author":[{"embeddable":true,"href":"https:\/\/www.europesays.com\/hu\/wp-json\/wp\/v2\/users\/2"}],"replies":[{"embeddable":true,"href":"https:\/\/www.europesays.com\/hu\/wp-json\/wp\/v2\/comments?post=134137"}],"version-history":[{"count":0,"href":"https:\/\/www.europesays.com\/hu\/wp-json\/wp\/v2\/posts\/134137\/revisions"}],"wp:featuredmedia":[{"embeddable":true,"href":"https:\/\/www.europesays.com\/hu\/wp-json\/wp\/v2\/media\/134138"}],"wp:attachment":[{"href":"https:\/\/www.europesays.com\/hu\/wp-json\/wp\/v2\/media?parent=134137"}],"wp:term":[{"taxonomy":"category","embeddable":true,"href":"https:\/\/www.europesays.com\/hu\/wp-json\/wp\/v2\/categories?post=134137"},{"taxonomy":"post_tag","embeddable":true,"href":"https:\/\/www.europesays.com\/hu\/wp-json\/wp\/v2\/tags?post=134137"}],"curies":[{"name":"wp","href":"https:\/\/api.w.org\/{rel}","templated":true}]}}