{"id":134177,"date":"2026-06-12T06:58:24","date_gmt":"2026-06-12T06:58:24","guid":{"rendered":"https:\/\/www.europesays.com\/hu\/134177\/"},"modified":"2026-06-12T06:58:24","modified_gmt":"2026-06-12T06:58:24","slug":"index-futball-futball-vb-2026-96","status":"publish","type":"post","link":"https:\/\/www.europesays.com\/hu\/134177\/","title":{"rendered":"Index &#8211; Futball &#8211; Futball-vb 2026"},"content":{"rendered":"<p>Nem indult z\u00f6kken\u0151mentesen a vil\u00e1gbajnoki k\u00f6zvet\u00edt\u00e9s a haz\u00e1nkban jogtulajdonosnak sz\u00e1m\u00edt\u00f3 M4 Sportn\u00e1l, m\u00e1r a Mexik\u00f3\u2013D\u00e9l-Afrika nyit\u00f3m\u00e9rk\u0151z\u00e9s sor\u00e1n k\u00fcls\u0151 szolg\u00e1ltat\u00f3i probl\u00e9m\u00e1ba \u00fctk\u00f6z\u00f6tt az online ad\u00e1s el\u00e9rhet\u0151s\u00e9ge, \u00edgy t\u00f6bben nem tudt\u00e1k k\u00f6vetni az esem\u00e9nyeket.<\/p>\n<p>\n                          De a felvezet\u0151m\u0171sor is r\u00f6gt\u00f6n egy \u00e9rdekes megsz\u00f3lal\u00e1ssal kezd\u0151d\u00f6tt. A csatorna \u00e1lland\u00f3 szak\u00e9rt\u0151je, a kor\u00e1bban 28-szoros magyar v\u00e1logatott futballista,\u00a0Drag\u00f3ner Attila a n\u00e9z\u0151k k\u00f6sz\u00f6nt\u00e9se ut\u00e1n \u00fagy fogalmazott: \u201eTerm\u00e9szetesen a f\u00e9rfi szurkol\u00f3knak ez hatalmas \u00fcnnep \u00e9s \u00f6r\u00f6m\u201d\u00a0\u2013 utalva a vb-t megel\u0151z\u0151 hatalmas v\u00e1rakoz\u00e1sra, de r\u00f6gt\u00f6n k\u00f6zbe is sz\u00f3lt Berkesi Judit m\u0171sorvezet\u0151, hogy ez nem csak a f\u00e9rfi szurkol\u00f3kra igaz.\n                        <\/p>\n<p>\n                          Az egykori futballista ezut\u00e1n r\u00e1kontr\u00e1zva folytatta: \u201eEl\u0151re is lesz\u00f6gezn\u00e9m, hogy eln\u00e9z\u00e9st k\u00e9r\u00fcnk a n\u0151i szurkol\u00f3kt\u00f3l, ugyanis \u00f6t h\u00e9tig hi\u00e1nyolni fogj\u00e1k a p\u00e1rjukat, ugye ahogy eml\u00edtetted, rengeteg m\u00e9rk\u0151z\u00e9s v\u00e1r r\u00e1nk.\u201d\n                        <\/p>\n<p>Ez m\u00e1r hevesebb reakci\u00f3t v\u00e1ltott ki Berkesib\u0151l, aki csak szimpl\u00e1n annyit mondott: \u201eM\u00e1r most ellenkezni fogok veled, mert n\u0151i szurkol\u00f3k is sokan lesznek a n\u00e9z\u0151k k\u00f6z\u00f6tt.\u201d<\/p>\n<p>\n                          Drag\u00f3ner tov\u00e1bb magyar\u00e1zkodva, tal\u00e1n m\u00e1r kicsit csillap\u00edtva is ked\u00e9lyeket ezut\u00e1n arr\u00f3l kezdett el besz\u00e9lni, hogy a vil\u00e1gbajnoks\u00e1g egy olyan n\u00e9gy\u00e9vente megrendez\u00e9sre ker\u00fcl\u0151 esem\u00e9ny, amelyn\u00e9l a f\u00e9rfi szurkol\u00f3k m\u00e1r el\u0151re megtippelik ki lesz a bajnok, ki lesz a g\u00f3lkir\u00e1ly, \u00edgy \u00e9rthet\u0151 a v\u00e1rakoz\u00e1suk \u2013 majd az \u00d6lt\u00f6z\u0151n T\u00fal nev\u0171 Facebook-oldal felv\u00e9tele v\u00e9get \u00e9r.\n                        <\/p>\n<p>Mondjuk azt \u00e9rdemes megjegyezni, hogy ez az utols\u00f3 megsz\u00f3lal\u00e1s is teljes m\u00e9rt\u00e9kben igaz a n\u0151i szurkol\u00f3kra.<\/p>\n<p>A sz\u00fcnetben azt\u00e1n a volt v\u00e1logatott eln\u00e9z\u00e9st k\u00e9rt a mondatai\u00e9rt, \u00e9s megjegyezte, hogy a n\u0151i n\u00e9z\u0151k is \u00f6r\u00fclnek a focinak.<\/p>\n<p>A teljes vide\u00f3t al\u00e1bb n\u00e9zhetik meg:<\/p>\n<p>\n                          (Bor\u00edt\u00f3k\u00e9p:\u00a0Drag\u00f3ner Attila 2023. m\u00e1rcius 13-\u00e1n. Fot\u00f3:\u00a0Z\u00f6ld Fanni \/ Index)\n                        <\/p>\n<p><a href=\"https:\/\/dex.hu\/x.php?id=googlepref_desktop&amp;url=https:\/\/google.com\/preferences\/source?q=https:\/\/index.hu\" class=\"google-pref-banner \" id=\"googlePrefBanner\" rel=\"nofollow noopener\" target=\"_blank\"><\/p>\n<p>    Itt \u00e1ll\u00edtsa be, hogy az Index az els\u0151k k\u00f6z\u00f6tt legyen a Google-tal\u00e1latokban!<\/p>\n<p><\/a><\/p>\n<p>                <a href=\"https:\/\/konyvek.index.hu\/\" target=\"_blank\" rel=\"nofollow noopener\"><br \/>\n                <img decoding=\"async\" src=\"https:\/\/index.hu\/assets\/images\/konyvajanlo\/book_indapress\/book_indapress_logo.svg\" loading=\"lazy\" alt=\"Inda Press Kiad\u00f3\"\/><br \/>\n                <\/a><\/p>\n<p>                <img decoding=\"async\" src=\"https:\/\/www.europesays.com\/hu\/wp-content\/uploads\/2026\/06\/1781247502_684_rossi.png\" loading=\"lazy\" alt=\"Rossi\"\/><\/p>\n<p>Ismerd meg a magyar labdar\u00fag\u00e1s h\u0151s\u00e9nek eml\u00e9kezetes pillanatait!<br \/>Folytassa, Mister!<\/p>\n<p>                <a class=\"book_index_btn\" href=\"https:\/\/indexadhu.hit.gemius.pl\/hitredir\/id=nSCbubuYpDWJZLZs0TssLrbt33Lk5kbipuiZrkg89G3.g7\/stparam=uciklwjurk\/fastid=efdamtuhsxcjschvtzobuxredglq\/nc=0\/url=https:\/\/www.indapresskiado.hu\/products\/marco-rossi?_pos=1&amp;_psq=rossi&amp;_ss=e&amp;_v=1.0\" target=\"_blank\" rel=\"nofollow noopener\">MEGVESZEM<\/a><\/p>\n<p>    <img loading=\"lazy\" decoding=\"async\" src=\"https:\/\/www.europesays.com\/hu\/wp-content\/uploads\/2026\/06\/1781247504_557_nc=0.gif\" border=\"0\" height=\"0\" width=\"0\"\/><\/p>\n<p>    <img decoding=\"async\" src=\"https:\/\/index.hu\/assets\/images\/social-follow\/logo-big.svg\" alt=\"Index.hu logo\"\/><\/p>\n<p>K\u00f6vesse az Indexet Facebookon is!<\/p>\n<p>    <a href=\"https:\/\/facebook.com\/Indexhu\" target=\"_blank\" rel=\"nofollow noopener\"><\/p>\n<p>        K\u00f6vetem!<br \/>\n    <\/a><\/p>\n","protected":false},"excerpt":{"rendered":"Nem indult z\u00f6kken\u0151mentesen a vil\u00e1gbajnoki k\u00f6zvet\u00edt\u00e9s a haz\u00e1nkban jogtulajdonosnak sz\u00e1m\u00edt\u00f3 M4 Sportn\u00e1l, m\u00e1r a Mexik\u00f3\u2013D\u00e9l-Afrika nyit\u00f3m\u00e9rk\u0151z\u00e9s sor\u00e1n k\u00fcls\u0151&hellip;\n","protected":false},"author":2,"featured_media":134178,"comment_status":"","ping_status":"","sticky":false,"template":"","format":"standard","meta":{"footnotes":"","_share_on_mastodon":"0"},"categories":[33],"tags":[41853,41854,38,24069,18361,35,37,44,42,40,25092,43,41,34,45,36,4411,39,4710],"class_list":["post-134177","post","type-post","status-publish","format-standard","has-post-thumbnail","category-hirek","tag-berkesi-judit","tag-dragoner-attila","tag-focimek","tag-futball-vb","tag-futball-vb-2026","tag-headlines","tag-hirek","tag-hu","tag-hungarian","tag-hungary","tag-m4-sport","tag-magyar","tag-magyarorszag","tag-news","tag-sport","tag-top-stories","tag-vb-2026","tag-vezeto-hirek","tag-vilagbajnoksag"],"share_on_mastodon":{"url":"https:\/\/pubeurope.com\/@hu\/116735842945471861","error":""},"_links":{"self":[{"href":"https:\/\/www.europesays.com\/hu\/wp-json\/wp\/v2\/posts\/134177","targetHints":{"allow":["GET"]}}],"collection":[{"href":"https:\/\/www.europesays.com\/hu\/wp-json\/wp\/v2\/posts"}],"about":[{"href":"https:\/\/www.europesays.com\/hu\/wp-json\/wp\/v2\/types\/post"}],"author":[{"embeddable":true,"href":"https:\/\/www.europesays.com\/hu\/wp-json\/wp\/v2\/users\/2"}],"replies":[{"embeddable":true,"href":"https:\/\/www.europesays.com\/hu\/wp-json\/wp\/v2\/comments?post=134177"}],"version-history":[{"count":0,"href":"https:\/\/www.europesays.com\/hu\/wp-json\/wp\/v2\/posts\/134177\/revisions"}],"wp:featuredmedia":[{"embeddable":true,"href":"https:\/\/www.europesays.com\/hu\/wp-json\/wp\/v2\/media\/134178"}],"wp:attachment":[{"href":"https:\/\/www.europesays.com\/hu\/wp-json\/wp\/v2\/media?parent=134177"}],"wp:term":[{"taxonomy":"category","embeddable":true,"href":"https:\/\/www.europesays.com\/hu\/wp-json\/wp\/v2\/categories?post=134177"},{"taxonomy":"post_tag","embeddable":true,"href":"https:\/\/www.europesays.com\/hu\/wp-json\/wp\/v2\/tags?post=134177"}],"curies":[{"name":"wp","href":"https:\/\/api.w.org\/{rel}","templated":true}]}}