{"id":134193,"date":"2026-06-12T07:12:11","date_gmt":"2026-06-12T07:12:11","guid":{"rendered":"https:\/\/www.europesays.com\/hu\/134193\/"},"modified":"2026-06-12T07:12:11","modified_gmt":"2026-06-12T07:12:11","slug":"telex-a-fidesz-nem-tanult-a-veresegbol","status":"publish","type":"post","link":"https:\/\/www.europesays.com\/hu\/134193\/","title":{"rendered":"Telex: A Fidesz nem tanult a veres\u00e9gb\u0151l"},"content":{"rendered":"<p>A Fidesz m\u00e9g mindig nem vonta le a k\u00e9tharmados v\u00e1laszt\u00e1si veres\u00e9g tanuls\u00e1gait. Legal\u00e1bbis ez l\u00e1tszik abb\u00f3l, hogy a parlamentben ugyanazokkal a t\u00e9m\u00e1kkal t\u00e1madj\u00e1k Magyar P\u00e9tert \u00e9s a Tisz\u00e1t, mint a kamp\u00e1nyban.<\/p>\n<p>Pedig \u00e1prilis 12-\u00e9n el\u00e9g pontos \u00e9s egy\u00e9rtelm\u0171 visszajelz\u00e9st kaptak a v\u00e1laszt\u00f3kt\u00f3l, mennyire hitt\u00e9k el nekik, hogy Magyar P\u00e9ter majd nyomorba tasz\u00edtja az orsz\u00e1got, migr\u00e1nsokkal \u00e1rasztja el az orsz\u00e1got, a magyar gyerekeket pedig odadobja az genderaktivist\u00e1knak.<\/p>\n<p>Persze nincs k\u00f6nny\u0171 helyzetben az ellenz\u00e9kbe szorult Fidesz, mert mostanra v\u00e9gk\u00e9pp elfogytak azok az \u00fcgyek \u00e9s t\u00e9m\u00e1k, amikben \u00f6v\u00e9k a t\u00f6bbs\u00e9g. Ez m\u00e1r a kamp\u00e1nyban is probl\u00e9ma volt: a kegyelmi botr\u00e1ny, a gazdas\u00e1gi neh\u00e9zs\u00e9gek, a k\u00f6zszolg\u00e1ltat\u00e1sok \u00e1llapota miatt nem kamp\u00e1nyolhattak az elm\u00falt 16 \u00e9v korm\u00e1nyz\u00e1s\u00e1nak eredm\u00e9nyeivel, jobb h\u00edj\u00e1n maradt a felmeleg\u00edtett h\u00e1bor\u00fas riogat\u00e1s \u00e9s a v\u00e9gletekig felsr\u00f3folt ukr\u00e1noz\u00e1s.<\/p>\n<p><a href=\"https:\/\/telex.hu\/belfold\/2026\/06\/04\/magyar-peter-parlament-fidesz-felszolalasok\" class=\"\" rel=\"nofollow noopener\" target=\"_blank\">Magyar P\u00e9ter k\u00f6zben uralja a parlamentet<\/a>: rendszeres felsz\u00f3lal\u00e1saival \u00e9s agressz\u00edv, t\u00e1mad\u00f3 st\u00edlus\u00e1val folyamatosan azon van, hogy a v\u00e1laszt\u00f3k fej\u00e9ben a Fidesz egyet jelentsen a korrupci\u00f3val, a luxiz\u00e1ssal, a gyermekv\u00e9delemben t\u00f6rt\u00e9nt s\u00falyos vissza\u00e9l\u00e9sekkel \u00e9s a k\u00f6zszolg\u00e1ltat\u00e1sok le\u00e9p\u00edt\u00e9s\u00e9vel. Amivel a fideszesek megpr\u00f3b\u00e1lnak visszat\u00e1madni, az vagy nem hiteles t\u0151l\u00fck, vagy m\u00e1r kor\u00e1bban sem m\u0171k\u00f6d\u00f6tt Magyar P\u00e9ter ellen.<\/p>\n<p>R\u00e1j\u00f6ttek, hogy Magyar P\u00e9ter fideszes volt<\/p>\n<p>Magyar P\u00e9ter szok\u00e1s szerint a Fidesz m\u00e1sf\u00e9l \u00e9vtizedes korm\u00e1nyz\u00e1s\u00e1t k\u00e1rhoztatta keddi napirend el\u0151tti felsz\u00f3lal\u00e1s\u00e1ban, aminek t\u00e9m\u00e1ja ez\u00fattal <a href=\"https:\/\/telex.hu\/belfold\/2026\/06\/09\/magyar-peter-parlament-napirend-elotti-felszolalas\" class=\"\" rel=\"nofollow noopener\" target=\"_blank\">a Szuverenit\u00e1sv\u00e9delmi Hivatal megsz\u00fcntet\u00e9se volt<\/a>. R\u00e9tv\u00e1ri Bence, a KDNP frakci\u00f3vezet\u0151je erre <a href=\"https:\/\/www.youtube.com\/live\/YPgdrQm9gOY?si=nGt4ATTIf3UyIlcs&amp;t=2696\" target=\"_blank\" rel=\"nofollow noopener\">reag\u00e1lva<\/a> a minisztereln\u00f6k fideszes m\u00faltj\u00e1t h\u00e1nytorgatta fel. Arr\u00f3l besz\u00e9lt, hogy csak akkor kezdte el kritiz\u00e1lni a Fideszt, amikor elfogytak a j\u00f3l fizet\u0151 \u00e1ll\u00e1sok. \u201eFura ezt \u00edgy hallgatni, amikor 16 \u00e9vet utas\u00edt vissza, \u00fagy, hogy \u00f6n ezt 14 \u00e9vig \u00e9p\u00edtette, erre szavazott, ennek a tagja volt, \u00e9s egyet\u00e9rtett azzal, ami ebben az id\u0151szakban t\u00f6rt\u00e9nt.\u201d<\/p>\n<p>Nem el\u0151sz\u00f6r veszi el\u0151 ezt a k\u00e1rty\u00e1t a Fidesz. Magyar P\u00e9tert a berobban\u00e1sa ut\u00e1n egy ideig azzal pr\u00f3b\u00e1lt\u00e1k hiteltelen\u00edteni, hogy a volt feles\u00e9ge, Varga Judit egykori igazs\u00e1g\u00fcgyi miniszter r\u00e9v\u00e9n jutott j\u00f3l fizet\u0151 \u00e1ll\u00e1sokhoz \u00e1llami c\u00e9gekn\u00e9l (Di\u00e1khitel K\u00f6zpont, Magyar K\u00f6z\u00fat, Vol\u00e1nbusz stb.). L\u00e1z\u00e1r J\u00e1nos m\u00e9g olyat is mondott a kamp\u00e1nyban, hogy <a href=\"https:\/\/telex.hu\/belfold\/2026\/02\/16\/lazar-janos-varga-judit-minimum-3-millios-fizetes-a-ferjenek-magyar-peter-lazarinfo-battonya\" class=\"\" rel=\"nofollow noopener\" target=\"_blank\">Varga Judit j\u00e1rta ki n\u00e1la a f\u00e9rje h\u00e1rommilli\u00f3s fizet\u00e9s\u00e9t<\/a>, amivel akarva-akaratlanul leleplezte az Orb\u00e1n-rendszer m\u0171k\u00f6d\u00e9s\u00e9t. Lehet, hogy a Fideszben is felismert\u00e9k egy ponton, hogy ezek a v\u00e1dak r\u00e1juk hullanak vissza, mert le\u00e1lltak a focistafeles\u00e9gez\u00e9ssel, helyette elkezdt\u00e9k baloldalizni Magyart, ami szint\u00e9n kommunik\u00e1ci\u00f3s vakv\u00e1g\u00e1nynak bizonyult.<\/p>\n<p>Rejt\u00e9ly, hogy most m\u00e9gis mi\u00e9rt a fideszes m\u00faltj\u00e1val akarnak visszav\u00e1gni Magyar P\u00e9ternek, amikor a parlamentben a fej\u00fckre olvassa a korm\u00e1nyz\u00e1suk b\u0171neit. Magyar megjelen\u00e9se ut\u00e1n el\u00e9g hamar vil\u00e1goss\u00e1 v\u00e1lt, hogy a korm\u00e1nyv\u00e1lt\u00e1st akar\u00f3 szavaz\u00f3kat egy\u00e1ltal\u00e1n nem zavarja a fideszes el\u0151\u00e9lete. S\u0151t, az, hogy a nemzeti egy\u00fcttm\u0171k\u00f6d\u00e9s rendszer\u00e9b\u0151l j\u00f6tt, \u00e9s ismeri annak bels\u0151 m\u0171k\u00f6d\u00e9s\u00e9t, olyan hiteless\u00e9ggel ruh\u00e1zta fel a szem\u00fckben, ami egyetlen m\u00e1sik ellenz\u00e9ki szerepl\u0151t sem jellemzett. Ez a hiteless\u00e9g nagyban hozz\u00e1j\u00e1rult a Tisza k\u00e9tharmados gy\u0151zelm\u00e9hez.<\/p>\n<p>Minden sz\u00e9p \u00e9s j\u00f3<\/p>\n<p>Magyar P\u00e9ter b\u0171nlajstrom\u00e1ra a sikerpropaganda volt a Fidesz m\u00e1sik v\u00e1lasza, vagyis annak elsorol\u00e1sa, hogyan n\u0151ttek a b\u00e9rek, mennyivel cs\u00f6kkent a szeg\u00e9nys\u00e9g \u00e9s a munkan\u00e9lk\u00fclis\u00e9g 2010 ut\u00e1n. \u201eNem besz\u00e9l arr\u00f3l, hogy most m\u00e9giscsak egymilli\u00f3val t\u00f6bb munkahely van Magyarorsz\u00e1gon, mint amikor m\u00e9g korm\u00e1nyozni kezdt\u00fcnk, szerintem ez teljes\u00edtm\u00e9ny; lekicsinyelheti, de ez teljes\u00edtm\u00e9ny. Nem besz\u00e9l arr\u00f3l, hogy ha m\u00e1r az eur\u00f3pai uni\u00f3s statisztik\u00e1kra hivatkozunk, akkor 1 milli\u00f3 300 ezerrel kevesebb a szeg\u00e9ny, \u00e9s a szeg\u00e9nys\u00e9gi k\u00fcsz\u00f6b az EU-s \u00e1tlag alatt van\u201d \u2013 mondta Guly\u00e1s Gergely, a Fidesz frakci\u00f3vezet\u0151je a j\u00fanius 1-jei <a href=\"https:\/\/www.parlament.hu\/documents\/d\/guest\/ny260601\" target=\"_blank\" rel=\"nofollow noopener\">\u00fcl\u00e9sen<\/a>.<\/p>\n<p>Bencsik J\u00e1nos fideszes k\u00e9pvisel\u0151 egy h\u00e9ttel kor\u00e1bban szint\u00e9n a gazdas\u00e1g teljes\u00edtm\u00e9ny\u00e9t \u00e9s a k\u00f6lts\u00e9gvet\u00e9s helyzet\u00e9t m\u00e9ltatta felsz\u00f3lal\u00e1s\u00e1ban, szerinte a Fidesz stabil gazdas\u00e1gi helyzetet hagyott maga ut\u00e1n. \u201eA t\u00e9nyek nem hazudnak: az orsz\u00e1g stabil, de legal\u00e1bbis kiel\u00e9g\u00edt\u0151 gazdas\u00e1gi alapokon \u00e1ll, ez\u00e9rt a Tisza P\u00e1rt r\u00e9sz\u00e9r\u0151l a folyamatos cs\u0151dk\u00f6zeli narrat\u00edva ink\u00e1bb politikai propaganda, mint val\u00f3s helyzet\u00e9rt\u00e9kel\u00e9s. Azt \u00e1ll\u00edtani, hogy a magyar gazdas\u00e1g romokban van, nem kell\u0151k\u00e9ppen megalapozott, hiszen 2010-zel ellent\u00e9tben ma Magyarorsz\u00e1gon nincs sem gazdas\u00e1gi, sem szoci\u00e1lis, sem devizahitel-v\u00e1ls\u00e1g, nincs fojtogat\u00f3 munkan\u00e9lk\u00fclis\u00e9g, \u00e9s nincs IMF-gy\u00e1ms\u00e1g sem.\u201d<\/p>\n<p>Ezzel szemben a Tisza v\u00e9gig arr\u00f3l besz\u00e9lt a kamp\u00e1nyban, hogy a Fidesz t\u00f6nkretette a gazdas\u00e1got, \u00fcres az \u00e1llamkassza. A v\u00e1laszt\u00e1si eredm\u00e9nyek alapj\u00e1n a v\u00e1laszt\u00f3k ink\u00e1bb a Tisz\u00e1nak hittek, hiszen a mindennapi tapasztalatukhoz is ez a narrat\u00edva \u00e1llt k\u00f6zelebb. Ha belegondolunk, egy id\u0151 ut\u00e1n m\u00e1r maguk a fideszesek sem azzal kamp\u00e1nyoltak, hogy milyen j\u00f3 lesz, ha korm\u00e1nyon maradnak, hiszen semmi nem lett a be\u00edg\u00e9rt rep\u00fcl\u0151rajtb\u00f3l, a j\u00f3h\u00edr-d\u00f6mping is elmaradt. Helyette azt mondt\u00e1k, hogy a Tisza alatt csak rosszabb lehet. Ezek ut\u00e1n azzal \u00e9rvelni a parlamentben, hogy val\u00f3j\u00e1ban minden sz\u00e9p \u00e9s j\u00f3, csak a Tisza tal\u00e1lja ki a meg\u00e9lhet\u00e9si probl\u00e9m\u00e1kat, nem biztos, hogy a legjobb strat\u00e9gia.<\/p>\n<p>A Magyar P\u00e9ter-i \u00f6nk\u00e9ny<\/p>\n<p>Legal\u00e1bb ennyire lehet hiteles a 16 \u00e9vig teljhatalommal korm\u00e1nyz\u00f3, az alkotm\u00e1nyt \u00e9s a v\u00e1laszt\u00e1si szab\u00e1lyokat k\u00e9nye-kedve szerint \u00e1t\u00edr\u00f3 Fideszt\u0151l a jog\u00e1llamis\u00e1g le\u00e9p\u00edt\u00e9s\u00e9vel v\u00e1dolni Magyar P\u00e9tert. Ez legal\u00e1bb \u00faj \u00fczenet a Fideszt\u0151l, b\u00e1r r\u00edmel arra, amit a kamp\u00e1nyban v\u00e9gig sulykoltak, hogy Magyar P\u00e9ter agressz\u00edv \u00e9s alkalmatlan a korm\u00e1nyz\u00e1sra.<\/p>\n<p>B\u00f3ka J\u00e1nos, az el\u0151z\u0151 korm\u00e1ny eur\u00f3pai uni\u00f3s \u00fcgyek\u00e9rt felel\u0151s minisztere gyakorlatilag R\u00e1kosi M\u00e1ty\u00e1shoz hasonl\u00edtotta Magyar P\u00e9tert, ami\u00e9rt t\u00f6bbsz\u00f6r is lemond\u00e1sra sz\u00f3l\u00edtotta fel Sulyok Tam\u00e1s k\u00f6zt\u00e1rsas\u00e1gi eln\u00f6k\u00f6t.Panyi Mikl\u00f3s fideszes k\u00e9pvisel\u0151 pedig p\u00e1rt\u00e1llamot emlegetett, amikor <a href=\"https:\/\/telex.hu\/belfold\/2026\/06\/08\/ruff-balint-miniszter-elso-felszolalas-parlament-panyi-miklos\" class=\"\" rel=\"nofollow noopener\" target=\"_blank\">a Ruff B\u00e1lintnak c\u00edmzett felsz\u00f3lal\u00e1s\u00e1ban sz\u00f3v\u00e1 tette<\/a>, hogy a Tisza elt\u00e1vol\u00edtan\u00e1 a fontos \u00e1llami szervek vezet\u0151it \u00e9s ak\u00e1r a polg\u00e1rmesterek fizet\u00e9s\u00e9t is cs\u00f6kkenten\u00e9k.A Korm\u00e1nyzati Ellen\u0151rz\u00e9si Hivatal (Kehi) eln\u00f6k\u00e9nek <a href=\"https:\/\/telex.hu\/belfold\/2026\/06\/09\/fidesz-kehi-elnok-reakcio\" class=\"\" rel=\"nofollow noopener\" target=\"_blank\">kir\u00fag\u00e1s\u00e1t<\/a> is \u00fagy keretezte a Fidesz, hogy az is \u201eaz alkotm\u00e1nyoss\u00e1got \u00e9s a jog\u00e1llamis\u00e1got nem tisztel\u0151 Magyar P\u00e9ter-i \u00f6nk\u00e9ny\u201d \u00fajabb megnyilv\u00e1nul\u00e1sa.<\/p>\n<p>A Fidesz most \u00fagy agg\u00f3dik a jog\u00e1llamis\u00e1g miatt, hogy korm\u00e1nyon folyamatosan les\u00f6p\u00f6rt\u00e9k az ezzel kapcsolatos ellenz\u00e9ki agg\u00e1lyokat. Az\u00e9rt sem lehet hat\u00e9kony ez a kommunik\u00e1ci\u00f3s ir\u00e1ny, mert Magyar P\u00e9ter azt val\u00f3s\u00edtja meg, ami egyik legfontosabb v\u00e1laszt\u00e1si \u00edg\u00e9rete volt: a NER lebont\u00e1sa \u00e9s az \u201eOrb\u00e1n-b\u00e1bok\u201d elt\u00e1vol\u00edt\u00e1sa.<\/p>\n<p>Az \u00f6r\u00f6k klasszikus: a migr\u00e1ci\u00f3<\/p>\n<p>A migr\u00e1ci\u00f3s paktum a m\u00e1sik nagy t\u00e9m\u00e1ja a Fidesznek \u00e9s a KDNP-nek, amivel visszat\u00e9r\u0151en t\u00e1madj\u00e1k az \u00faj korm\u00e1nyt. Azt mondj\u00e1k, hogy a befagyasztott uni\u00f3s p\u00e9nzek\u00e9rt cser\u00e9be Magyar P\u00e9ter belement a migr\u00e1ci\u00f3s paktum v\u00e9grehajt\u00e1s\u00e1ba, csak nem hajland\u00f3 elismerni ezt. \u201e\u00d6n pedig, \u00fagy l\u00e1tszik, az els\u0151 t\u00e1rgyal\u00e1sra felemelt k\u00e9zzel ment \u00e9s megadta mag\u00e1t: a migr\u00e1ci\u00f3s paktumot engedi \u00e9rv\u00e9nyes\u00fclni Magyarorsz\u00e1gon is. Ez felh\u00e1bor\u00edt\u00f3. Ez a magyar emberek j\u00f6v\u0151j\u00e9t vesz\u00e9lyezteti, tisztelt minisztereln\u00f6k \u00far\u201d \u2013 mondta a j\u00fanius 1-jei \u00fcl\u00e9sen a m\u00e1r t\u00f6bbsz\u00f6r id\u00e9zett R\u00e9tv\u00e1ri Bence. M\u00e9g <a href=\"https:\/\/telex.hu\/belfold\/2026\/06\/05\/tuntetes-a-migracios-paktum-ellen-magyar-peter-az-erkelyen-mi-hazank-fidesz\" class=\"\" rel=\"nofollow noopener\" target=\"_blank\">egy t\u00fcntet\u00e9st is szerveztek<\/a> m\u00falt p\u00e9nteken, szerd\u00e1n pedig bejelentett\u00e9k, hogy a Fidesz \u00e9s a KDNP k\u00f6z\u00f6s hat\u00e1rozati javaslatban utas\u00edtan\u00e1 el a migr\u00e1ci\u00f3s paktumot, ami szerint\u00fck \u201ek\u00f6telez\u0151 kv\u00f3t\u00e1kat, p\u00e9nz\u00fcgyi hozz\u00e1j\u00e1rul\u00e1st \u00e9s mened\u00e9kk\u00e9relmek t\u00edzezreinek elb\u00edr\u00e1l\u00e1s\u00e1t \u00edrja el\u0151 Magyarorsz\u00e1g sz\u00e1m\u00e1ra\u201d.<\/p>\n<p>Itt is az a k\u00e9rd\u00e9s, hogy ha m\u00e1r a kamp\u00e1nyban sem hitt\u00e9k el a v\u00e1laszt\u00f3k a Fidesznek, hogy Magyar P\u00e9ter\u00e9k beengedn\u00e9k a migr\u00e1nsokat, akkor most mi\u00e9rt tenn\u00e9k. Magyar P\u00e9ter a kamp\u00e1nyban is t\u00f6bbsz\u00f6r elmondta, hogy elutas\u00edtj\u00e1k a migr\u00e1ci\u00f3s kv\u00f3t\u00e1kat \u00e9s a migr\u00e1ci\u00f3s paktumot, ugyanezt az \u00e1ll\u00e1spontot k\u00e9pviselte P\u00f3sfai G\u00e1bor bel\u00fcgyminiszter is, amikor err\u0151l <a href=\"https:\/\/telex.hu\/belfold\/2026\/05\/26\/a-belugyminiszter-szerint-magyarorszagnak-vilagos-oszinte-es-kovetkezetes-migracios-politikara-van-szuksege\" class=\"\" rel=\"nofollow noopener\" target=\"_blank\">k\u00e9rdezt\u00e9k<\/a> a parlamentben. A Fidesz narrat\u00edv\u00e1j\u00e1t gyeng\u00edti, hogy a <a href=\"https:\/\/telex.hu\/belfold\/2026\/06\/09\/orszaggyules-korrupcioellenes-es-atlathatosagi-csomag-eu-helyreallitasi-alap-vagyonnyilatkozat-kekva-1\" class=\"\" rel=\"nofollow noopener\" target=\"_blank\">kedden beny\u00fajtott uni\u00f3s forr\u00e1sok megszerz\u00e9s\u00e9hez sz\u00fcks\u00e9ges t\u00f6rv\u00e9nyjavaslat-csomagban<\/a> sincs utal\u00e1s a paktum elfogad\u00e1s\u00e1ra, k\u00f6zben viszont <a href=\"https:\/\/telex.hu\/gazdasag\/2026\/06\/05\/vendegmunkas-torveny-orszaglista-szigoritas-eltorles-fulop-szigetek\" class=\"\" rel=\"nofollow noopener\" target=\"_blank\">a vend\u00e9gmunk\u00e1sok behozatal\u00e1nak szigor\u00edt\u00e1s\u00e1ra k\u00e9sz\u00fcl a korm\u00e1ny<\/a>.<\/p>\n<p>Genderveszedelem<\/p>\n<p>Orb\u00e1n Viktor a Pride betilt\u00e1s\u00e1nak \u00edg\u00e9ret\u00e9vel pr\u00f3b\u00e1lta aktiviz\u00e1lni t\u00e1bor\u00e1t, mag\u00e1hoz cs\u00e1b\u00edtani a Mi Haz\u00e1nk szavaz\u00f3it, egy\u00fattal csapd\u00e1ba csalni Magyar P\u00e9tert. Ebb\u0151l lett azt\u00e1n <a href=\"https:\/\/telex.hu\/belfold\/2025\/06\/28\/budapest-pride-buszkeseg-vonulas-ellentuntetes-2025-junius-28\" class=\"\" rel=\"nofollow noopener\" target=\"_blank\">minden id\u0151k legnagyobb Pride-ja<\/a>, ami jelezte, hogy a magyar t\u00e1rsadalom megel\u00e9gelte a Fidesz melegellenes politik\u00e1j\u00e1t. A kamp\u00e1nyban sem lett domin\u00e1ns t\u00e9ma a Pride \u00e9s az LMBTQ-jogok k\u00e9rd\u00e9se, hi\u00e1ba <a href=\"https:\/\/telex.hu\/belfold\/2026\/01\/10\/fidesz-kongresszus-orban-viktor-kampanynyito-kepviselojeloltek-hungexpo\" class=\"\" rel=\"nofollow noopener\" target=\"_blank\">er\u0151ltette<\/a> ezt a Fidesz. Orb\u00e1n Viktor \u201egenderveszedelmet\u201d emlegetett a p\u00e1rt janu\u00e1ri <a href=\"https:\/\/telex.hu\/belfold\/2026\/01\/10\/fidesz-kongresszus-orban-viktor-kampanynyito-kepviselojeloltek-hungexpo\" class=\"\" rel=\"nofollow noopener\" target=\"_blank\">kongresszus\u00e1n<\/a>, \u00e9s arr\u00f3l besz\u00e9lt, hogy az eur\u00f3pai bennsz\u00fcl\u00f6ttek nem engedik, hogy \u201egender k\u00eds\u00e9rleti ny\u00falk\u00e9nt kezelj\u00e9k a gyerekeiket\u201d. A v\u00e1laszt\u00f3kat m\u00e9gis jobban \u00e9rdekelt\u00e9k a meg\u00e9lhet\u00e9si k\u00e9rd\u00e9sek, a rendszerszint\u0171 korrupci\u00f3 felsz\u00e1mol\u00e1sa \u00e9s az eg\u00e9szs\u00e9g\u00fcgy rendbet\u00e9tele.<\/p>\n<p>Ezek ut\u00e1n Radics B\u00e9la, a Fidesz egyik legn\u00e9pszer\u0171tlenebb egy\u00e9ni k\u00e9pvisel\u0151jel\u00f6ltje a korszer\u0171 szexu\u00e1lis nevel\u00e9s bevezet\u00e9se miatt <a href=\"https:\/\/www.parlament.hu\/documents\/d\/guest\/ny260601\" target=\"_blank\" rel=\"nofollow noopener\">aggodalmaskodott<\/a> a parlamentben, m\u00edg keddi interpell\u00e1ci\u00f3j\u00e1ban R\u00e9tv\u00e1ri Bence arr\u00f3l <a href=\"https:\/\/telex.hu\/belfold\/2026\/06\/08\/retvari-bence-nem-akar-senki-maganeletebe-beleszolni-de-azert-az-anya-no-az-apa-meg-ferfi\" class=\"\" rel=\"nofollow noopener\" target=\"_blank\">\u00e9rdekl\u0151d\u00f6tt<\/a> Magyar P\u00e9tern\u00e9l, hogy a korm\u00e1ny tervezi-e az azonos nem\u0171ek h\u00e1zass\u00e1g\u00e1nak \u00e9s \u00f6r\u00f6kbefogad\u00e1s\u00e1nak bevezet\u00e9s\u00e9t. Magyar P\u00e9ter azzal <a href=\"https:\/\/telex.hu\/belfold\/2026\/06\/08\/magyar-peter-jojjenek-ki-a-magyar-emberek-haloszobajabol-mielobb\" class=\"\" rel=\"nofollow noopener\" target=\"_blank\">v\u00e1gott vissza<\/a> R\u00e9tv\u00e1ri Benc\u00e9nek, hogy a val\u00f3s\u00e1gr\u00f3l besz\u00e9ljenek ink\u00e1bb, ne pedig a Pride-r\u00f3l vagy a genderr\u0151l, majd ki\u00e1llt amellett, hogy a meleg p\u00e1rokn\u00e1l is j\u00f3 kezekben lehetnek a gyerekek:<\/p>\n<p>\u201eBesz\u00e9lt\u00fcnk ma itt a magyar gyermekv\u00e9delem helyzet\u00e9r\u0151l, \u00e9s \u00f6n most is azt hozza fel, hogy az egysz\u00fcl\u0151s csal\u00e1dok vagy \u00e9ppen az azonos nem\u0171 p\u00e1rok hogyan fogadnak vagy nem fogadnak \u00f6r\u00f6kbe. Akkor visszak\u00e9rdezek, frakci\u00f3vezet\u0151 \u00far. \u00d6n szerint hol van jobb helyen egy csal\u00e1d n\u00e9lk\u00fcl vagy alkoholista csal\u00e1dban feln\u00f6v\u0151 gyerek. Hollandi\u00e1ban emberkeresked\u0151kn\u00e9l, szexu\u00e1lis b\u0171n\u00f6z\u0151kn\u00e9l, drogkartellekn\u00e9l vagy Magyarorsz\u00e1gon egy egysz\u00fcl\u0151(s csal\u00e1dn\u00e1l) vagy egy meleg p\u00e1rn\u00e1l?\u201d \u2013 fogalmazott a minisztereln\u00f6k.<\/p>\n<p><img decoding=\"async\" src=\"https:\/\/www.europesays.com\/hu\/wp-content\/uploads\/2026\/06\/1781107860-temp-p5uukotdtscv3leimem_cikktorzs:xl.jpg\"  loading=\"lazy\" alt=\"R\u00e9tv\u00e1ri Bence az Orsz\u00e1ggy\u0171l\u00e9s j\u00fanius 8-i \u00fcl\u00e9s\u00e9n \u2013 Fot\u00f3: B\u0151dey J\u00e1nos \/ Telex\" class=\"placeholder_\"\/><\/p>\n<p>R\u00e9tv\u00e1ri Bence az Orsz\u00e1ggy\u0171l\u00e9s j\u00fanius 8-i \u00fcl\u00e9s\u00e9n \u2013 Fot\u00f3: B\u0151dey J\u00e1nos \/ Telex<\/p>\n<p>Magyar P\u00e9ter felsz\u00f3lal\u00e1s\u00e1b\u00f3l persze m\u00e9g nem k\u00f6vetkezik, hogy a Tisza bevezetn\u00e9 az azonos nem\u0171ek h\u00e1zass\u00e1g\u00e1t vagy \u00f6r\u00f6kbefogad\u00e1s\u00e1t. Ugyanakkor jelzi, hogy a k\u00e9tharmados felhatalmaz\u00e1ssal \u00e9s <a href=\"https:\/\/telex.hu\/belfold\/2026\/05\/15\/21-kutatokozpont-felmeres-tisza-part-fidesz-partpreferencia-biztos-partvalasztok-71-21-szazalek\" class=\"\" rel=\"nofollow noopener\" target=\"_blank\">70 sz\u00e1zal\u00e9kos t\u00e1mogatotts\u00e1ggal<\/a> a h\u00e1ta m\u00f6g\u00f6tt Magyar a politikailag k\u00e9nyesebb t\u00e9m\u00e1kban is bele mer \u00e1llni a vit\u00e1ba. R\u00e1ad\u00e1sul ebben a k\u00e9rd\u00e9sben sincs t\u00f6bbs\u00e9ge a Fidesznek: a v\u00e1laszt\u00e1s eredm\u00e9ny\u00e9t legpontosabban el\u0151rejelz\u0151 Medi\u00e1n j\u00fanius m\u00e9r\u00e9se szerint a magyarok 68 sz\u00e1zal\u00e9ka megadn\u00e1 a h\u00e1zass\u00e1gk\u00f6t\u00e9s \u00e9s az \u00f6r\u00f6kbefogad\u00e1s lehet\u0151s\u00e9g\u00e9t az azonos nem\u0171 p\u00e1roknak, 57 sz\u00e1zal\u00e9kuk pedig <a href=\"https:\/\/telex.hu\/belfold\/2026\/06\/01\/median-kozvelemeny-kutatas-lmbt-emberek-jogait-korlatozo-intezkedesek\" class=\"\" rel=\"nofollow noopener\" target=\"_blank\">visszavonn\u00e1 az elm\u00falt \u00e9vek melegellenes int\u00e9zked\u00e9seit.<\/a><\/p>\n","protected":false},"excerpt":{"rendered":"A Fidesz m\u00e9g mindig nem vonta le a k\u00e9tharmados v\u00e1laszt\u00e1si veres\u00e9g tanuls\u00e1gait. Legal\u00e1bbis ez l\u00e1tszik abb\u00f3l, hogy a&hellip;\n","protected":false},"author":2,"featured_media":134194,"comment_status":"","ping_status":"","sticky":false,"template":"","format":"standard","meta":{"footnotes":"","_share_on_mastodon":"0"},"categories":[33],"tags":[80,89,38,35,37,44,42,40,19261,4434,43,944,41,7792,34,3485,36,39],"class_list":["post-134193","post","type-post","status-publish","format-standard","has-post-thumbnail","category-hirek","tag-belfold","tag-fidesz","tag-focimek","tag-headlines","tag-hirek","tag-hu","tag-hungarian","tag-hungary","tag-jogallamisag","tag-kdnp","tag-magyar","tag-magyar-peter","tag-magyarorszag","tag-migracios-paktum","tag-news","tag-parlament","tag-top-stories","tag-vezeto-hirek"],"share_on_mastodon":{"url":"https:\/\/pubeurope.com\/@hu\/116735898065123596","error":""},"_links":{"self":[{"href":"https:\/\/www.europesays.com\/hu\/wp-json\/wp\/v2\/posts\/134193","targetHints":{"allow":["GET"]}}],"collection":[{"href":"https:\/\/www.europesays.com\/hu\/wp-json\/wp\/v2\/posts"}],"about":[{"href":"https:\/\/www.europesays.com\/hu\/wp-json\/wp\/v2\/types\/post"}],"author":[{"embeddable":true,"href":"https:\/\/www.europesays.com\/hu\/wp-json\/wp\/v2\/users\/2"}],"replies":[{"embeddable":true,"href":"https:\/\/www.europesays.com\/hu\/wp-json\/wp\/v2\/comments?post=134193"}],"version-history":[{"count":0,"href":"https:\/\/www.europesays.com\/hu\/wp-json\/wp\/v2\/posts\/134193\/revisions"}],"wp:featuredmedia":[{"embeddable":true,"href":"https:\/\/www.europesays.com\/hu\/wp-json\/wp\/v2\/media\/134194"}],"wp:attachment":[{"href":"https:\/\/www.europesays.com\/hu\/wp-json\/wp\/v2\/media?parent=134193"}],"wp:term":[{"taxonomy":"category","embeddable":true,"href":"https:\/\/www.europesays.com\/hu\/wp-json\/wp\/v2\/categories?post=134193"},{"taxonomy":"post_tag","embeddable":true,"href":"https:\/\/www.europesays.com\/hu\/wp-json\/wp\/v2\/tags?post=134193"}],"curies":[{"name":"wp","href":"https:\/\/api.w.org\/{rel}","templated":true}]}}