{"id":134784,"date":"2026-06-12T16:45:12","date_gmt":"2026-06-12T16:45:12","guid":{"rendered":"https:\/\/www.europesays.com\/hu\/134784\/"},"modified":"2026-06-12T16:45:12","modified_gmt":"2026-06-12T16:45:12","slug":"index-belfold-aranyozott-szobak-rolls-royce-porsche-es-ferrari-a-garazsban-elkepeszto-luxusban-elt-a-szadai-gyogyszermaffia-fonoke","status":"publish","type":"post","link":"https:\/\/www.europesays.com\/hu\/134784\/","title":{"rendered":"Index &#8211; Belf\u00f6ld &#8211; Aranyozott szob\u00e1k, Rolls-Royce, Porsche \u00e9s Ferrari a gar\u00e1zsban \u2013 elk\u00e9peszt\u0151 luxusban \u00e9lt a szadai gy\u00f3gyszermaffia f\u0151n\u00f6ke"},"content":{"rendered":"<p>Ahogy arr\u00f3l besz\u00e1moltunk, a\u00a0rend\u0151rs\u00e9g felsz\u00e1molt egy <a href=\"https:\/\/index.hu\/belfold\/2026\/06\/11\/gyogyszerhamisito-bunszervezet-szada-konditerem-potencianovelo-tek-nemzeti-nyomozo-iroda\/\" id=\"hyperlink_180eceae3219698aa33d799b609d74a2\" target=\"_blank\" title=\"Az edz\u0151teremben csapott le a TEK a milli\u00e1rdos gy\u00f3gyszermaffia f\u0151n\u00f6k\u00e9re\" rel=\"nofollow noopener\">ukr\u00e1n\u2013magyar gy\u00f3gyszerhamis\u00edt\u00f3 h\u00e1l\u00f3zatot<\/a>, amely \u00e9vek \u00f3ta illeg\u00e1lis szereket \u00e9s potencian\u00f6vel\u0151ket \u00e1rult Eur\u00f3pa-szerte. Az \u00f6t gyan\u00fas\u00edtott k\u00f6z\u00fcl n\u00e9gyet letart\u00f3ztattak, egy pedig b\u0171n\u00fcgyi fel\u00fcgyelet al\u00e1 ker\u00fclt. A szadai h\u00e1l\u00f3zat tagjain\u00e1l h\u00e1zkutat\u00e1st tartottak, A K\u00e9szenl\u00e9ti Rend\u0151rs\u00e9g Nemzeti Nyomoz\u00f3 Iroda (KR NNI) k\u00e9szp\u00e9nzt,\u00a0nagy \u00e9rt\u00e9k\u0171 kar\u00f3r\u00e1t, jet skit, valamint haj\u00f3t is lefoglalt, ahogy luxusaut\u00f3kat is, amelyek k\u00f6z\u00f6tt volt Rolls-Royce, Porsche \u00e9s Ferrari is.\u00a0<\/p>\n<p>A b\u0171nszervezet ukr\u00e1n vezet\u0151j\u00e9nek letart\u00f3ztat\u00e1s\u00e1r\u00f3l, valamint a h\u00e1zkutat\u00e1sokr\u00f3l, a bizony\u00edt\u00e9kok begy\u0171jt\u00e9s\u00e9r\u0151l \u00e9s az \u00e9rt\u00e9kek lefoglal\u00e1s\u00e1r\u00f3l m\u00e1r k\u00f6zz\u00e9tett egy vide\u00f3t a rend\u0151rs\u00e9g, viszont k\u00e9s\u0151bb egy \u00fajabb, r\u00f6videbb vide\u00f3t is megosztottak a nyilv\u00e1noss\u00e1ggal, amelyben a t\u00f6bbi bandatag k\u00e9zre ker\u00edt\u00e9se l\u00e1that\u00f3 \u2013 zanz\u00e1s\u00edtva. A Terrorelh\u00e1r\u00edt\u00e1si K\u00f6zpont (TEK) felv\u00e9tel\u00e9n az akci\u00f3 ind\u00edt\u00e1sa, a bilincsek kattan\u00e1sa, k\u00e9t k\u00f6teg k\u00e9szp\u00e9nz \u00e9s egy igen kellemetlen ajt\u00f3nyit\u00e1s is l\u00e1that\u00f3 \u2013 m\u00e1rmint a gyan\u00fas\u00edtott sz\u00e1m\u00e1ra kellemetlen.<\/p>\n<p>                        \u00d6tb\u0151l n\u00e9gy b\u00f6rt\u00f6nben<\/p>\n<p>A Budapest K\u00f6rny\u00e9ki T\u00f6rv\u00e9nysz\u00e9k k\u00f6zlem\u00e9nye szerint az \u00f6tb\u0151l n\u00e9gy gyan\u00fas\u00edtott m\u00e1r 2020 \u00f3ta egy\u00fcttm\u0171k\u00f6d\u00f6tt egy nemzetk\u00f6zi b\u0171n\u00f6z\u0151i csoporttal, hetente t\u00f6bbsz\u00f6r is sz\u00e1ll\u00edtottak \u00e1rut Szlov\u00e1ki\u00e1ba. Az V. rend\u0171 v\u00e1dlott Magyarorsz\u00e1gon enged\u00e9llyel nem rendelkez\u0151, tiltott teljes\u00edtm\u00e9nyfokoz\u00f3kat \u00e9rt\u00e9kes\u00edtett. \u00dagy bukott le, hogy az egyik v\u00e1s\u00e1rl\u00f3j\u00e1t m\u00e9g \u00e1prilisban igazoltatta a rend\u0151rs\u00e9g, akin\u00e9l k\u00e9t ilyen doboz k\u00e9sz\u00edtm\u00e9nyt tal\u00e1ltak.\u00a0<\/p>\n<p>A h\u00e1zkutat\u00e1sok sor\u00e1n nemcsak a fent eml\u00edtett \u00e9rt\u00e9kt\u00e1rgyakat, de\u00a0telefonokat,\u00a0sz\u00e1m\u00edt\u00e1stechnikai eszk\u00f6z\u00f6ket, adathordoz\u00f3kat, forgalomba helyez\u00e9si enged\u00e9llyel nem rendelkez\u0151 k\u00e9sz\u00edtm\u00e9nyeket, \u00fcres gy\u00f3gyszeres dobozokat, gy\u00f3gyszercsomagol\u00f3 anyagokat is lefoglaltak. A k\u00e9t k\u00fclf\u00f6ldi k\u00f6t\u0151d\u00e9ssel rendelkez\u0151 gyan\u00fas\u00edtottn\u00e1l fenn\u00e1llt a vesz\u00e9lye az elrejt\u0151z\u00e9snek vagy a sz\u00f6k\u00e9snek, a t\u00f6bbiekn\u00e9l pedig a bizony\u00edt\u00e9kok elrejt\u00e9se vagy megsemmis\u00edt\u00e9se, ez\u00e9rt az \u00fcgy\u00e9szs\u00e9g indokoltnak l\u00e1tja a letart\u00f3ztat\u00e1sukat.<\/p>\n<p>Az I. rend\u0171, a II. rend\u0171, a III. rend\u0171 \u00e9s a IV. rend\u0171 gyan\u00fas\u00edtottak k\u00f6z\u00fcl volt, aki nem tett vallom\u00e1st, m\u00edg m\u00e1sok tagadt\u00e1k a terh\u00fckre r\u00f3tt cselekm\u00e9nyt.\u00a0Az V. rend\u0171 gyan\u00fas\u00edtott r\u00e9szben beismerte a terh\u00e9re r\u00f3tt cselekm\u00e9nyt<\/p>\n<p>\u2013 fogalmazott a k\u00f6zlem\u00e9ny.\u00a0<\/p>\n<p>                        <a href=\"https:\/\/galeria.index.hu\/belfold\/2026\/06\/12\/aranyozott_szobak_porsche_es_ferrari_a_garazsban_elkepeszto_luxusban_elt_a_szadai_gyogyszermaffia_fonoke\/\" class=\"image-link\" target=\"galesz69910731\" data-contentid=\"6225725\" data-js-galeria-url=\"https:\/\/galeria.index.hu\/belfold\/2026\/06\/12\/aranyozott_szobak_porsche_es_ferrari_a_garazsban_elkepeszto_luxusban_elt_a_szadai_gyogyszermaffia_fonoke\/\" data-js-galeria-open-with=\"\" rel=\"nofollow noopener\"><br \/>\n                            <img decoding=\"async\" id=\"kep69910731\" alt=\"\" border=\"0\" loading=\"lazy\" src=\"https:\/\/www.europesays.com\/hu\/wp-content\/uploads\/2026\/06\/69910889_83e9bf068a3f745d7ef17cb7b17f5c0c_wm.jpg\" width=\"738\" height=\"492\" data-image_width=\"738\" data-image_height=\"492\"\/><br \/>\n                        <\/a><br \/>\n                        <a href=\"https:\/\/galeria.index.hu\/belfold\/2026\/06\/12\/aranyozott_szobak_porsche_es_ferrari_a_garazsban_elkepeszto_luxusban_elt_a_szadai_gyogyszermaffia_fonoke\/\" class=\"image-link\" target=\"galesz69910715\" data-contentid=\"6225725\" data-js-galeria-url=\"https:\/\/galeria.index.hu\/belfold\/2026\/06\/12\/aranyozott_szobak_porsche_es_ferrari_a_garazsban_elkepeszto_luxusban_elt_a_szadai_gyogyszermaffia_fonoke\/\" data-js-galeria-open-with=\"\" rel=\"nofollow noopener\"><br \/>\n                            <img decoding=\"async\" id=\"kep69910715\" alt=\"\" border=\"0\" loading=\"lazy\" src=\"https:\/\/www.europesays.com\/hu\/wp-content\/uploads\/2026\/06\/69910891_f3a825a17ac76657a3142ed91d2ad621_wm.jpg\" width=\"369\" height=\"246\" data-image_width=\"369\" data-image_height=\"246\"\/><br \/>\n                        <\/a><br \/>\n                        <a href=\"https:\/\/galeria.index.hu\/belfold\/2026\/06\/12\/aranyozott_szobak_porsche_es_ferrari_a_garazsban_elkepeszto_luxusban_elt_a_szadai_gyogyszermaffia_fonoke\/\" class=\"image-link\" target=\"galesz69910733\" data-contentid=\"6225725\" data-js-galeria-url=\"https:\/\/galeria.index.hu\/belfold\/2026\/06\/12\/aranyozott_szobak_porsche_es_ferrari_a_garazsban_elkepeszto_luxusban_elt_a_szadai_gyogyszermaffia_fonoke\/\" data-js-galeria-open-with=\"\" rel=\"nofollow noopener\"><br \/>\n                            <img decoding=\"async\" id=\"kep69910733\" alt=\"\" border=\"0\" loading=\"lazy\" src=\"https:\/\/www.europesays.com\/hu\/wp-content\/uploads\/2026\/06\/69910893_43e4ca18539ce3ef0fab46c4edfad63b_wm.jpg\" width=\"369\" height=\"246\" data-image_width=\"369\" data-image_height=\"246\"\/><\/p>\n<p>                         18        <\/p>\n<p>                        <\/a><\/p>\n<p>\n                        Gal\u00e9ria: Aranyozott szob\u00e1k, Porsche \u00e9s Ferrari a gar\u00e1zsban elk\u00e9peszt\u0151 luxusban \u00e9lt a szadai gy\u00f3gyszermaffia f\u0151n\u00f6keFot\u00f3: Police.hu<\/p>\n<p>Kider\u00fclt tov\u00e1bb\u00e1 az is, hogy j\u00falius 10-ig a n\u00e9gy gyan\u00fas\u00edtott letart\u00f3ztat\u00e1sban maradna, viszont v\u00e9d\u0151ikkel egy\u00fctt fellebbeztek a v\u00e9gz\u00e9s ellen, \u00edgy az m\u00e9g nem v\u00e9gleges. Az V. rend\u0171 v\u00e1dlott b\u0171n\u00fcgyi fel\u00fcgyelete okt\u00f3ber 10-ig sz\u00f3l, ebben az esetben a gyan\u00fas\u00edtott \u00e9s v\u00e9d\u0151je ezt tudom\u00e1sul vett\u00e9k, \u00edgy ez viszont v\u00e9gleges.<\/p>\n<p>\n                          (Bor\u00edt\u00f3k\u00e9p: Police.hu)\n                        <\/p>\n<p><a href=\"https:\/\/dex.hu\/x.php?id=googlepref_desktop&amp;url=https:\/\/google.com\/preferences\/source?q=https:\/\/index.hu\" class=\"google-pref-banner \" id=\"googlePrefBanner\" rel=\"nofollow noopener\" target=\"_blank\"><\/p>\n<p>    Itt \u00e1ll\u00edtsa be, hogy az Index az els\u0151k k\u00f6z\u00f6tt legyen a Google-tal\u00e1latokban!<\/p>\n<p><\/a><\/p>\n<p>    <img decoding=\"async\" src=\"https:\/\/index.hu\/assets\/images\/social-follow\/logo-big.svg\" alt=\"Index.hu logo\"\/><\/p>\n<p>K\u00f6vesse az Indexet Facebookon is!<\/p>\n<p>    <a href=\"https:\/\/facebook.com\/Indexhu\" target=\"_blank\" rel=\"nofollow noopener\"><\/p>\n<p>        K\u00f6vetem!<br \/>\n    <\/a><\/p>\n","protected":false},"excerpt":{"rendered":"Ahogy arr\u00f3l besz\u00e1moltunk, a\u00a0rend\u0151rs\u00e9g felsz\u00e1molt egy ukr\u00e1n\u2013magyar gy\u00f3gyszerhamis\u00edt\u00f3 h\u00e1l\u00f3zatot, amely \u00e9vek \u00f3ta illeg\u00e1lis szereket \u00e9s potencian\u00f6vel\u0151ket \u00e1rult Eur\u00f3pa-szerte.&hellip;\n","protected":false},"author":2,"featured_media":134785,"comment_status":"","ping_status":"","sticky":false,"template":"","format":"standard","meta":{"footnotes":"","_share_on_mastodon":"0"},"categories":[6],"tags":[80,3233,41755,44,42,40,23103,43,41,16973,18132,41520,41756,10171],"class_list":["post-134784","post","type-post","status-publish","format-standard","has-post-thumbnail","category-magyarorszag","tag-belfold","tag-bunszervezet","tag-gyogyszerhamisitas","tag-hu","tag-hungarian","tag-hungary","tag-keszenleti-rendorseg","tag-magyar","tag-magyarorszag","tag-nemzeti-nyomozo-iroda","tag-nni","tag-potencianovelo","tag-szada","tag-tek"],"share_on_mastodon":{"url":"https:\/\/pubeurope.com\/@hu\/116738151538180837","error":""},"_links":{"self":[{"href":"https:\/\/www.europesays.com\/hu\/wp-json\/wp\/v2\/posts\/134784","targetHints":{"allow":["GET"]}}],"collection":[{"href":"https:\/\/www.europesays.com\/hu\/wp-json\/wp\/v2\/posts"}],"about":[{"href":"https:\/\/www.europesays.com\/hu\/wp-json\/wp\/v2\/types\/post"}],"author":[{"embeddable":true,"href":"https:\/\/www.europesays.com\/hu\/wp-json\/wp\/v2\/users\/2"}],"replies":[{"embeddable":true,"href":"https:\/\/www.europesays.com\/hu\/wp-json\/wp\/v2\/comments?post=134784"}],"version-history":[{"count":0,"href":"https:\/\/www.europesays.com\/hu\/wp-json\/wp\/v2\/posts\/134784\/revisions"}],"wp:featuredmedia":[{"embeddable":true,"href":"https:\/\/www.europesays.com\/hu\/wp-json\/wp\/v2\/media\/134785"}],"wp:attachment":[{"href":"https:\/\/www.europesays.com\/hu\/wp-json\/wp\/v2\/media?parent=134784"}],"wp:term":[{"taxonomy":"category","embeddable":true,"href":"https:\/\/www.europesays.com\/hu\/wp-json\/wp\/v2\/categories?post=134784"},{"taxonomy":"post_tag","embeddable":true,"href":"https:\/\/www.europesays.com\/hu\/wp-json\/wp\/v2\/tags?post=134784"}],"curies":[{"name":"wp","href":"https:\/\/api.w.org\/{rel}","templated":true}]}}