{"id":135382,"date":"2026-06-13T06:41:11","date_gmt":"2026-06-13T06:41:11","guid":{"rendered":"https:\/\/www.europesays.com\/hu\/135382\/"},"modified":"2026-06-13T06:41:11","modified_gmt":"2026-06-13T06:41:11","slug":"index-futball-futball-vb-2026-106","status":"publish","type":"post","link":"https:\/\/www.europesays.com\/hu\/135382\/","title":{"rendered":"Index &#8211; Futball &#8211; Futball-vb 2026"},"content":{"rendered":"<p>Ahol csak lehet, \u00e9rdemes tud\u00f3s\u00edt\u00f3k\u00e9nt is f\u0151pr\u00f3b\u00e1t tartani. Esetemben ez a szombati brazil\u2013marokk\u00f3 meccs el\u0151tt a k\u00e9t csapat sajt\u00f3t\u00e1j\u00e9koztat\u00f3j\u00e1val j\u00f6tt el a MetLife Stadion t\u0151szomsz\u00e9ds\u00e1g\u00e1ban fel\u00e1ll\u00edtott m\u00e9diacenterrel. Mivel a vas\u00fati opci\u00f3t a torna miatt jelent\u0151sen megemelt jegy\u00e1rak, a taxiz\u00e1s lehet\u0151s\u00e9g\u00e9t ugyancsak a k\u00f6lts\u00e9gvet\u00e9si fegyelem vetette el velem, maradt a klasszikus \u00fat. A New Yorkb\u00f3l New Jersey-be indul\u00f3 buszj\u00e1ratok egyike. \u00c1m a vil\u00e1gbajnoks\u00e1g nem lenne vil\u00e1gbajnoks\u00e1g tervezetlen kalandok n\u00e9lk\u00fcl. Hi\u00e1ba n\u00e9ztem ki j\u00f3 el\u0151re a megfelel\u0151 355-\u00f6s buszt, \u00e9s \u00e9rtem j\u00f3 20 perccel az indul\u00e1s el\u0151tt a k\u00f6zponti \u00e1llom\u00e1sra, a kezemben a jeggyel kellett megtudnom, percekkel kor\u00e1bban tov\u00e1bb\u00e1llt az onnan. A menetrend betart\u00e1sa \u2013 fogalmazzunk \u00fagy \u2013 nem volt szempont.\u00a0<\/p>\n<p>Alternat\u00edvak\u00e9nt a 161-es j\u00e1rat maradt, aminek a stadionhoz legk\u00f6zelebb es\u0151 meg\u00e1ll\u00f3ja is j\u00f3 1,5 kilom\u00e9teres gyalogl\u00e1st jelentett. A hol k\u00e9tszer kett\u0151, hol h\u00e1romszor k\u00e9t s\u00e1vos aut\u00f3\u00fat mellett, minim\u00e1lis, m\u00e1skor pedig egy\u00e1ltal\u00e1n nem l\u00e9tez\u0151 j\u00e1rd\u00e1n. Ha az elm\u00falt napokban meleg id\u0151j\u00e1r\u00e1st emlegett\u00fcnk, mostanra hatv\u00e1nyozottan igaz lett mindez: 36-37 Celsius-fokban j\u00f6hetett a menetel\u00e9s a stadion ir\u00e1ny\u00e1ba, 62 sz\u00e1zal\u00e9kos p\u00e1ratartalom mellett, \u00e1m egy fia \u00e1rny\u00e9k n\u00e9lk\u00fcl. De ha valaki, akkor az edz\u0151k\u00e9nt \u00f6tsz\u00f6r\u00f6s Bajnokok Lig\u00e1ja-gy\u0151ztes Carlo Ancelotti, \u00e9s az es\u00e9ly, hogy megpr\u00f3b\u00e1lhatok k\u00e9rdezni t\u0151le egyet, meg\u00e9ri a vesz\u0151d\u00e9st \u2013 gondoltam magamban, mik\u00f6zben a fekete aszfalt itt-ott m\u00e1r cuppogott a talpam alatt.\u00a0<\/p>\n<p>A tervezettn\u00e9l j\u00f3val k\u00e9s\u0151bbi meg\u00e9rkez\u00e9s \u2013 tiszta m\u00e1zli, hogy m\u00e1sf\u00e9l \u00f3ra pluszt sz\u00e1moltam az eredetileg ugyancsak m\u00e1sf\u00e9l \u00f3r\u00e1snak \u00edg\u00e9rkez\u0151 \u00fatra \u2013 ut\u00e1n m\u00e1r csak egy j\u00e9ghideg b\u00e1rmire v\u00e1gytam volna. Term\u00e9sztes, hogy a FIFA egyik vb-szponzora \u00e1ltal m\u0171k\u00f6dtetett k\u00e1rty\u00e1s fizet\u0151rendszer ekkor mondta be az unalmast. K\u00e9szp\u00e9nzes fizet\u00e9s meg soha nem is volt&#8230; \u00cdgy azt\u00e1n egy forr\u00f3 te\u00e1val \u00e9s k\u00e1v\u00e9val \u00fcltem be \u2013 sokan \u00fagyis esk\u00fcsznek r\u00e1, hogy a ny\u00e1ri forr\u00f3s\u00e1gban a h\u0171s\u00f6l\u00e9s el\u0151seg\u00edt\u00e9s\u00e9nek egyik legjobb m\u00f3dja egy meleg ital \u2013 Marokk\u00f3 perceken bel\u00fcl kezd\u0151d\u0151 sajt\u00f3t\u00e1j\u00e9koztat\u00f3j\u00e1ra. Az el\u0151z\u0151 vil\u00e1gbajnoks\u00e1gon t\u00f6rt\u00e9nelmi sikerk\u00e9nt el\u0151d\u00f6nt\u0151ig menetel\u0151 afrikai egy\u00fcttesn\u00e9l megadt\u00e1k a m\u00f3dj\u00e1t: a sz\u00f6vets\u00e9gi kapit\u00e1ny, Mohamed Uahbi mell\u00e9 a Paris Saint-Germainnel id\u00e9n m\u00e1r <a href=\"https:\/\/index.hu\/bajnokokligaja\/2026\/05\/30\/bajnokok-ligaja-2025-2026-paris-saint-germain-arsenal-donto-budapest-puskas-arena-helyszini-osszefoglalo\/\" id=\"hyperlink_4a6a0401211f9ebccdef5ca14ee9e80d\" target=\"_blank\" title=\"A PSG b\u00edrta jobban a budapesti thrillert, \u00e9s megv\u00e9dte a Bajnokok Lig\u00e1ja-c\u00edm\u00e9t!\" data-recommendation=\"bekezdes_utan\" data-recommendation-preview=\"{&quot;og:title&quot;:&quot;A PSG b\u00edrta jobban a budapesti thrillert, \u00e9s megv\u00e9dte a Bajnokok Lig\u00e1ja-c\u00edm\u00e9t!&quot;,&quot;og:description&quot;:&quot;Az Arsenal a h\u00fasz \u00e9vvel ezel\\u0151tti d\u00f6nt\\u0151 ut\u00e1n ism\u00e9t hi\u00e1ba szerzett vezet\u00e9st a fin\u00e1l\u00e9ban.&quot;,&quot;og:image&quot;:&quot;\\\/\\\/kep.cdn.indexvas.hu\\\/1\\\/0\\\/6968\\\/69681\\\/696815\\\/69681593_5141775_f49eb19d5d3b060904b09c7e242ffd8f_wm.jpg&quot;}\" data-recommendation-id=\"6217853\" rel=\"nofollow noopener\">a m\u00e1sodik Bajnokok Lig\u00e1ja-siker\u00e9t<\/a> el\u00e9r\u0151 Asraf Hakimi \u00fclt m\u00e9g be.\u00a0<\/p>\n<p>                        Afrika braziljai\u00a0<\/p>\n<p>A h\u00e1tv\u00e9dt\u0151l r\u00f6gvest azt k\u00e9rdezt\u00e9k, hogyan lehet meg\u00e1ll\u00edtani a brazilok legvesz\u00e9lyesebbnek tartott t\u00e1mad\u00f3j\u00e1t, Vin\u00edcius J\u00faniort. Hakimi erre r\u00f6vid, de ann\u00e1l \u0151szint\u00e9bb v\u00e1laszt adott. \u201eEgyed\u00fcl sehogy. De csapatk\u00e9nt megvan a terv\u00fcnk arra, mit kezdj\u00fcnk majd vele, illetve az eg\u00e9sz brazil v\u00e1logatottal. Nagyszer\u0171 j\u00e1t\u00e9kos, de azt gondolom, a brazil v\u00e1logatott t\u00f6bbi tagja is magas min\u0151s\u00e9get k\u00e9pvisel, tele klasszisokkal. Csak csapatk\u00e9nt van es\u00e9ly\u00fcnk meg\u00e1ll\u00edtani \u0151ket.\u201d A marokk\u00f3i j\u00e1t\u00e9kos k\u00e9s\u0151bb is t\u00f6bbsz\u00f6r hangs\u00falyozta, hogy a brazilok ir\u00e1nti tisztelet\u00fck nem jelent f\u00e9lelmet. Szerinte a katari el\u0151d\u00f6nt\u0151 \u00f3ta m\u00e9g er\u0151sebb lett a keret\u00fck, \u00e9s b\u00e1r tiszt\u00e1ban vannak a riv\u00e1lis kvalit\u00e1saival, nem az\u00e9rt \u00e9rkeztek a torn\u00e1ra, hogy ne pr\u00f3b\u00e1lj\u00e1k meg legy\u0171rni az \u00f6tsz\u00f6r\u00f6s vil\u00e1gbajnokot.<\/p>\n<p>Sz\u00f3ba ker\u00fclt az is, hogy a n\u00e9gy \u00e9vvel ezel\u0151tti brav\u00fart k\u00f6vet\u0151en ism\u00e9t lehet-e Marokk\u00f3 a torna meglepet\u00e9scsapata. Hakimi szerint ezt majd a p\u00e1ly\u00e1n kell bizony\u00edtaniuk, de nem v\u00e9letlen\u00fcl besz\u00e9lnek egyre t\u00f6bben r\u00f3luk a vil\u00e1g elitj\u00e9nek r\u00e9szek\u00e9nt, Afrika \u201ebraziljaik\u00e9nt\u201d. A h\u0151s\u00e9get firtat\u00f3 k\u00e9rd\u00e9sekre diplomatikusan v\u00e1laszolt, megjegyezve, hogy a keret jelent\u0151s r\u00e9sze Eur\u00f3p\u00e1ban futballozik, \u00edgy felesleges abb\u00f3l kiindulni, hogy\u00a0\u201eafrikai v\u00e1logatottk\u00e9nt\u201d jobban ismerik a forr\u00f3s\u00e1got.\u00a0Hangs\u00falyozta, az elm\u00falt napokban mindent megtettek az\u00e9rt, hogy alkalmazkodjanak a k\u00f6r\u00fclm\u00e9nyekhez. Amikor pedig felvetett\u00e9k, hogy Braz\u00edlia egy\u00e9rtelm\u0171 favoritnak sz\u00e1m\u00edt-e, hat\u00e1rozottan visszautas\u00edtotta ezt a megk\u00f6zel\u00edt\u00e9st. \u201eEgy vil\u00e1gbajnoks\u00e1gon nincs sem favorit, sem es\u00e9lytelen kiscsapat. B\u00e1rki okozhat meglepet\u00e9st. A brazilok persze nagyon j\u00f3k, rendk\u00edv\u00fcl koncentr\u00e1ltnak kell lenn\u00fcnk, de nem \u00e9rzem \u00fagy, hogy \u0151k lenn\u00e9nek a holnapi meccs egy\u00e9rtelm\u0171 es\u00e9lyesei. Mindk\u00e9t csapatnak megvan a re\u00e1lis sansza a sikerre.\u201d<\/p>\n<p>                        Vin\u00edcius \u00e9s a hatodik&#8230;\u00a0<\/p>\n<p>A v\u00e1rtn\u00e1l valamivel kor\u00e1bban \u00e9rkeztek a brazilok is, r\u00e1ad\u00e1sul nem ak\u00e1rki, hanem a marokk\u00f3i sajt\u00f3 \u00e1ltal m\u00e1r kor\u00e1bban meg\u00e9nekelt Vin\u00edcius \u00fclt be el\u0151sz\u00f6r. Ekkor m\u00e1r j\u00f3 300 \u00fajs\u00e1g\u00edr\u00f3 lehetett a helysz\u00ednen, \u00e9s a k\u00e9r\u00e9s elhangz\u00e1sa ut\u00e1n pillanatokon bel\u00fcl magasba emelked\u0151 k\u00e9zerd\u0151 l\u00e1tt\u00e1n el\u00e9g hamar biztos lett az is: itt k\u00e9rdezni aligha fogok tudni.<\/p>\n<p>A Real Madrid t\u00e1mad\u00f3j\u00e1t el\u0151sz\u00f6r a szervez\u00e9ssel \u00e9s a szurkol\u00f3i k\u00f6rnyezettel kapcsolatban faggatt\u00e1k. \u201eA futball mindenki\u00e9, sz\u00f3val rem\u00e9lj\u00fck, mindenki be tud majd jutni a meccsre, \u00e9s teheti azt, amit tennie kell\u201d \u2013 mondta. Ezut\u00e1n gyorsan a saj\u00e1t amb\u00edci\u00f3ira\u00a0terel\u0151d\u00f6tt a sz\u00f3, \u00e9s m\u00e1r j\u00f3val hat\u00e1rozottabban is fogalmazott. \u201eEgy vb-n r\u00e9szt venni mindig \u00e1lomszer\u0171. Szeretn\u00e9m megragadni ezt a lehet\u0151s\u00e9get olyan j\u00f3l, amennyire csak lehet, \u00e9s hiszem, ha a maximumot ny\u00fajtjuk, vil\u00e1gbajnokok lehet\u00fcnk.\u201d<\/p>\n<p>A marokk\u00f3iak erej\u00e9r\u0151l sz\u00f3l\u00f3 k\u00e9rd\u00e9sek Vin\u00edciust sem ker\u00fclt\u00e9k el. Hakimi kor\u00e1bbi nyilatkozat\u00e1ra reag\u00e1lva hangs\u00falyozta, hogy ellenfel\u00fck az elm\u00falt \u00e9vek egyik legt\u00f6bbet fejl\u0151d\u0151 v\u00e1logatottja. A kiss\u00e9 provokat\u00edv k\u00e9rd\u00e9s nem is igen hagyott neki m\u00e1s v\u00e1laszt\u00e1st, hiszen a m\u00e1sik opci\u00f3 az lett volna, hogy a brazil v\u00e1logatott j\u00e1t\u00e9kosai \u00e1ltal k\u00e9pviselt sz\u00ednvonal esett vissza drasztikusan az el\u0151z\u0151 \u00e9vtizedekhez k\u00e9pest.<\/p>\n<p>\u201eNagyszer\u0171 j\u00e1t\u00e9kosaik vannak, akik a vil\u00e1g legjobb klubjaiban j\u00e1tszanak. Ezen is l\u00e1tszik, hogy milyen sokat fejl\u0151dtek. Most \u0151k Afrika legjobb csapata a vil\u00e1gbajnoks\u00e1g rajtja el\u0151tt. De k\u00e9szen \u00e1llunk a kih\u00edv\u00e1sra\u201d \u2013 mondta.<\/p>\n<p>\u201eEzek a hetek a legjobb, legfontosabb pillanatai a karrieremnek. Braz\u00edli\u00e1\u00e9rt j\u00e1tszani mindig nagy \u00f6r\u00f6mmel \u00e9s \u00f6nbizalommal t\u00f6lt el. Megvan az es\u00e9ly\u00fcnk, hogy a t\u00f6bbiekkel egy\u00fctt valami olyat \u00e9rj\u00fcnk el, ami megv\u00e1ltoztatja az orsz\u00e1gunkat. Nem csak a meccsekre, nem csak a gy\u0151zelmekre, a g\u00f3lokra gondolok, hanem mindarra, amit a kitart\u00e1sunk p\u00e9ld\u00e1j\u00e1val az orsz\u00e1gunknak adhatunk.\u201d<\/p>\n<p>Term\u00e9szetesen a v\u00e1logatottba az utols\u00f3 pillanatokban visszaker\u00fclt, \u00e1m az elm\u00falt hetekben legink\u00e1bb kisebb s\u00e9r\u00fcl\u00e9se miatt emlegetett Neymar neve is el\u0151ker\u00fclt. Az egyik brazil \u00fajs\u00e1g\u00edr\u00f3 p\u00e9ld\u00e1ul azt hangs\u00falyozta, sokakat foglalkoztatja, mik\u00e9nt f\u00e9r majd meg egym\u00e1s mellett a kor\u00e1bbi \u00e9s a jelenlegi gener\u00e1ci\u00f3 szt\u00e1rja.\u00a0<\/p>\n<p>\u201eB\u00e1rmit is k\u00e9r az edz\u0151, mind azon lesz\u00fcnk, hogy a lehet\u0151 legjobb teljes\u00edtm\u00e9nyt ny\u00fajtsuk. Ez f\u00fcggetlen att\u00f3l, pontosan hogy \u00e1ll \u00f6ssze a kezd\u0151, vagy milyen posztra ker\u00fclnek a j\u00e1t\u00e9kosok\u201d \u2013 ker\u00fclte ki a k\u00e9rd\u00e9st Vin\u00edcius, amennyire csak tudta.\u00a0Azt viszont hangs\u00falyozta, hogy Neymar tov\u00e1bbra is p\u00e9ldak\u00e9p az eg\u00e9sz keret sz\u00e1m\u00e1ra.<\/p>\n<p>K\u00e9rdezt\u00e9k a Real Madridn\u00e1l t\u00f6rt\u00e9n\u0151 v\u00e1ltoz\u00e1sokr\u00f3l, Jos\u00e9 Mourinho kinevez\u00e9s\u00e9r\u0151l \u00e9s lehets\u00e9ges j\u00f6v\u0151j\u00e9r\u0151l is, de ez szinte lepergett r\u00f3la, k\u00f6z\u00f6lve, hogy am\u00edg v\u00e9ge nincs a vb-nek, csak a v\u00e1logatottal foglalkozik, a Real a torna ut\u00e1n t\u00e9r vissza az \u00e9let\u00e9be.<\/p>\n<p>Minden er\u0151nkkel azon vagyunk, hogy visszat\u00e9rj\u00fcnk a vil\u00e1g tetej\u00e9re. B\u00edzom abban, hogy az eg\u00e9sz orsz\u00e1g m\u00f6g\u00e9nk \u00e1ll. A vil\u00e1gbajnoki c\u00edm az \u00e1lmunk. Hiszek abban, hogy el\u00e9rhetj\u00fck.\u00a0<\/p>\n<p>                        Neymar m\u00e9g nem j\u00e1tszhat<\/p>\n<p>A nap v\u00e9g\u00e9re maradt a v\u00e1rt Ancelotti, akinek \u00e9rkez\u00e9se \u00e9rezhet\u0151en m\u00e1s hangulatot teremtett a teremben. Az olasz szakembernek felid\u00e9zt\u00e9k, hogy ugyan sz\u00f6vets\u00e9gi kapit\u00e1nyk\u00e9nt ez az els\u0151 vil\u00e1gbajnoks\u00e1ga, de az 1994-es amerikai torn\u00e1n m\u00e1r ott volt az olasz st\u00e1b tagjak\u00e9nt. A sors ir\u00f3ni\u00e1ja, hogy a d\u00f6nt\u0151ben \u00e9pp a brazilokkal szemben maradtak alul&#8230;<\/p>\n<p>\u201eMindenk\u00e9ppen \u00fajszer\u0171 \u00e9lm\u00e9ny sz\u00f6vets\u00e9gi kapit\u00e1nyk\u00e9nt a vb-n. Megtiszteltet\u00e9s \u00e9s \u00f3ri\u00e1si felel\u0151ss\u00e9g is egyben a vil\u00e1g legdekorat\u00edvabb v\u00e1logatottj\u00e1nak \u00e9l\u00e9n meg\u00e9lni mindezt. Igyekszem ki\u00e9lvezni \u00e9s meg\u00e9lni minden pillanat\u00e1t\u201d \u2013 mondta.\u00a0<\/p>\n<p class=\"isSelectedEnd\">A tr\u00e9nert a v\u00e1rhat\u00f3 j\u00e1t\u00e9kst\u00edlusr\u00f3l is k\u00e9rdezt\u00e9k \u2013 hasonl\u00edtani fog-e a kiv\u00e1l\u00f3an kontr\u00e1z\u00f3, az \u00e1tmeneteket remek\u00fcl j\u00e1tsz\u00f3 Real Madridj\u00e1ra a brazil v\u00e1logatott.<\/p>\n<p class=\"isSelectedEnd\">\u201eTal\u00e1n nem a legfontosabb, de m\u00e9g mindig fontos dolog, hogy kontroll\u00e1ld a labd\u00e1t a j\u00e1t\u00e9kban. Marokk\u00f3 remek egy\u00fcttes, a j\u00e1t\u00e9k csaknem minden aspektus\u00e1ban k\u00e9pes kiemelked\u0151 teljes\u00edtm\u00e9nyt ny\u00fajtani. Ha nem lesz n\u00e1lunk a labda, nagyon oda kell figyeln\u00fcnk. Persze a v\u00e9g\u00e9n nem a labdabirtokl\u00e1s d\u00f6nt, a g\u00f3lok sz\u00e1ma volt a legfontosabb r\u00e9gen \u00e9s most is, ebben nincs v\u00e1ltoz\u00e1s.\u201d<\/p>\n<p class=\"isSelectedEnd\">Ancelotti t\u00f6bbsz\u00f6r is megnevettette a jelenl\u00e9v\u0151ket. P\u00e9ld\u00e1ul akkor, amikor a lehets\u00e9ges j\u00f6v\u0151j\u00e9r\u0151l k\u00e9rdezt\u00e9k.<\/p>\n<p>\u201e\u00c9n csak azt tudom, a kem\u00e9ny munk\u00e1nak valamikor, valahol ki kell fizet\u0151dnie. Rem\u00e9lem, hogy a k\u00f6vetkez\u0151 hetekben fog.\u201d<\/p>\n<p>Neymar helyzete n\u00e1la is k\u00f6zponti t\u00e9ma volt, \u00e9s az olasz szakember igyekezett egy\u00e9rtelm\u0171 helyzetet teremteni a sok tal\u00e1lgat\u00e1s ut\u00e1n.<\/p>\n<p>\u201eNagyon kem\u00e9nyen dolgozik azon, hogy visszat\u00e9rjen, de m\u00e9g nem bevethet\u0151. Abban b\u00edzunk, hogy j\u00f6v\u0151 h\u00e9tre olyan \u00e1llapotban lehet, hogy teljes \u00e9rt\u00e9k\u0171 edz\u00e9smunk\u00e1t v\u00e9gezzen. Neymar szem\u00e9lye hihetetlen\u00fcl fontos. Sokat jelent a fiataljainknak, hogy egy \u00f6lt\u00f6z\u0151ben k\u00e9sz\u00fclhetnek vele.\u201d A vil\u00e1gbajnoki es\u00e9lyeket firtat\u00f3 k\u00e9rd\u00e9sre sem \u00edg\u00e9rt semmit, de a szok\u00e1sos Ancelotti-f\u00e9le nyugalommal jelezte, hogy Braz\u00edlia nem v\u00e9letlen\u00fcl \u00e9rkezett a torna egyik legnagyobb favoritjak\u00e9nt. \u201eCsak abban vagyok biztos, hogy minden es\u00e9ly\u00fcnk megvan r\u00e1, hogy versenyben legy\u00fcnk a vil\u00e1g legjobbjaival. Ha pedig versenyben vagyunk vel\u00fck, ak\u00e1r nyerhet\u00fcnk is. Mi\u00e9rt is ne? Ez\u00e9rt dolgozunk\u201d \u2013 tekintett el\u0151re a veter\u00e1n olasz szakvezet\u0151.\u00a0<\/p>\n<p>A szombati meccsel kapcsolatban egyetlen biztos kijelent\u00e9st tett csak: hogy a hangulatra nem lehet majd panasz, ismerve a k\u00e9t nemzet attit\u0171dj\u00e9t.\u00a0<\/p>\n<p>                        F\u00farni-faragni kellett, hogy bef\u00e9rjen a p\u00e1lya<\/p>\n<p>A meccs valamilyen szinten azt is megmutathatja majd nek\u00fcnk, hogy 36 nap m\u00falva a torna d\u00f6nt\u0151j\u00e9t\u0151l milyen hangulatot v\u00e1rhatunk. Hiszen ugyanebben a stadionban rendezik majd a vb \u2013 most m\u00e9g kiss\u00e9 t\u00e1volinak t\u0171n\u0151 \u2013 fin\u00e1l\u00e9j\u00e1t is.\u00a0\u00c9rdekess\u00e9g, hogy most el\u0151sz\u00f6r fordul el\u0151, hogy nem a legnagyobb l\u00e9tes\u00edtm\u00e9nyben rendezik egy labdar\u00fag\u00f3-vil\u00e1gbajnoks\u00e1g d\u00f6nt\u0151j\u00e9t, ugyanis a MetLife Stadionn\u00e1l a dallasi \u00e9s a mexik\u00f3v\u00e1rosi ar\u00e9na is nagyobb befogad\u00f3k\u00e9pess\u00e9ggel rendelkezik \u2013 m\u00e9g ha csak p\u00e1r sz\u00e1z f\u0151vel is. <\/p>\n<p>\n                          Ahogyan arra az MTI is eml\u00e9keztetett m\u00e9g a torna el\u0151tt: a New York Giants \u00e9s a New York Jets k\u00f6z\u00f6s otthon\u00e1t 2007 \u00e9s 2010 k\u00f6z\u00f6tt 1,6 milli\u00e1rd doll\u00e1rb\u00f3l \u00e9p\u00edtett\u00e9k fel, az aranycsat\u00e1t pedig 82 500 n\u00e9z\u0151 l\u00e1thatja majd a helysz\u00ednen. Kisebb \u00e1talak\u00edt\u00e1sokat el kellett v\u00e9gezni ahhoz, hogy az ar\u00e9na megfeleljen a nemzetk\u00f6zi sz\u00f6vets\u00e9g (FIFA) el\u0151\u00edr\u00e1sainak. A k\u00e9t \u00fctemben, 2024 \u00e9s 2025 elej\u00e9n v\u00e9gzett munk\u00e1latok sor\u00e1n a h\u00e1romb\u00f3l a legals\u00f3 kar\u00e9jjal kellett dolgozni annak \u00e9rdek\u00e9ben, hogy a j\u00e1t\u00e9kteret kib\u0151v\u00edts\u00e9k.\u00a0\n                        <\/p>\n<p>\n                          A sajt\u00f3t\u00e1j\u00e9koztat\u00f3kat k\u00f6vet\u0151 r\u00f6gt\u00f6nz\u00f6tt p\u00e1lyabej\u00e1r\u00e1son egy\u00e9bk\u00e9nt lehetetlen lett volna megmondani, melyek az \u00e1talak\u00edtott r\u00e9szek, \u00e9s mi az, ami m\u00e1r a 16 \u00e9vvel kor\u00e1bbi \u00e1tad\u00f3n is \u00edgy n\u00e9zhetett ki.\u00a0\n                        <\/p>\n<p>Az ar\u00e9na nem el\u0151sz\u00f6r l\u00e1tja vend\u00e9g\u00fcl a futballvil\u00e1g szerepl\u0151it, egyr\u00e9szt a mostani vb f\u0151pr\u00f3b\u00e1j\u00e1nak tekintett tavalyi klubvil\u00e1gbajnoks\u00e1gon kilenc meccset rendeztek benne, k\u00f6zt\u00fck a d\u00f6nt\u0151t, de el\u0151tte m\u00e1r otthont adott a 2011-es \u00e9s 2015-\u00f6s Arany Kupa, valamint a 2016-os centen\u00e1riumi \u00e9s a 2024-es Copa America egyes tal\u00e1lkoz\u00f3inak, t\u00edz \u00e9ve a fin\u00e1l\u00e9nak is. A multifunkcion\u00e1lis stadionban a vil\u00e1g legh\u00edresebb el\u0151ad\u00f3i, \u00e9nekesei l\u00e9ptek m\u00e1r fel, de 2024 febru\u00e1rj\u00e1ban k\u00e9t hokim\u00e9rk\u0151z\u00e9snek is helysz\u00edne volt, a k\u00e9t New York-i csapat, az Islanders \u00e9s a Rangers \u00f6sszecsap\u00e1sa az NHL t\u00f6rt\u00e9net\u00e9nek harmadik legnagyobb k\u00f6z\u00f6ns\u00e9ge el\u0151tt zajlott.\u00a0 <\/p>\n<p>Az ar\u00e9na t\u00f6rt\u00e9net\u00e9nek eddigi legnagyobb meccse a 2014-ben rendezett Super Bowl volt, amely az\u00e9rt k\u00fcl\u00f6nleges, mert az NFL d\u00f6nt\u0151j\u00e9t vagy csarnokban, vagy d\u00e9len rendezik, de a liga New York eset\u00e9ben kiv\u00e9telt tett. A MetLife Stadionban a nyolcadd\u00f6nt\u0151kig h\u00e9t meccset rendeznek \u2013 fell\u00e9p benne Braz\u00edlia mellett h\u00e1rom m\u00e1sik kor\u00e1bbi vil\u00e1gbajnok is: Franciaorsz\u00e1g, N\u00e9metorsz\u00e1g \u00e9s Anglia \u2013, majd k\u00e9t h\u00e9tig \u201epihentetik\u201d, hogy a d\u00f6nt\u0151re t\u00f6k\u00e9letes \u00e1llapotban legyen a p\u00e1lya.<\/p>\n<p>Az els\u0151 felvon\u00e1s el\u00e9 a f\u0151pr\u00f3ba megvolt.<\/p>\n<p>A tanuls\u00e1ga is: lehet, hogy a 10 doll\u00e1ros busz\u00fat k\u00f6lts\u00e9ghat\u00e9kony, de ennek ellen\u00e9re \u00e1r-\u00e9rt\u00e9k ar\u00e1ny\u00e1ban aligha a legjobb tud\u00f3s\u00edt\u00f3k\u00e9nt.<\/p>\n<p>J\u00f6het a haza\u00fat \u2013 pontosabban a visszat\u00e9r\u00e9s New Yorkba \u2013 egy B opci\u00f3t tesztelve. Azt\u00e1n ir\u00e1ny Queens \u00e9s az odahaza a US Open helysz\u00ednek\u00e9nt ismert\u00a0Billie Jean King Nemzeti Teniszk\u00f6zpont, ahol az Egyes\u00fclt \u00c1llamok\u2013Paraguay vb-meccs, azaz a harmadik rendez\u0151 bemutatkoz\u00e1s\u00e1nak hivatalos, New York-i\u00a0<a href=\"https:\/\/index.hu\/sport\/futball\/2026\/vb\/2026\/06\/13\/louis-armstrong-stadium-fifa-szurkoloi-zona-kozos-meccsnezes-amerikai-rajt-usa-paraguay-los-angeles-new-yorkbol\/\" id=\"hyperlink_83da80db9e05c092fb0e0d2f6fbaa6e4\" target=\"_blank\" title=\"\u00cdgy szurkoltak a soccerv\u00e1logatottjuknak a New York-iak\" data-recommendation=\"bekezdes_utan\" data-recommendation-preview=\"{\" og:title=\"\" rel=\"nofollow noopener\">meccsn\u00e9z\u0151 partija lesz.\u00a0<\/a><\/p>\n<p>Ha innent\u0151l kezdve n\u00e9gy \u00f3ra alatt siker\u00fcl oda\u00e9rnem&#8230;\u00a0<\/p>\n<p>\n                          <a href=\"https:\/\/dex.hu\/x.php?id=index_sport_cikklink&amp;url=https%3A%2F%2Findex.hu%2Fsport%2Ffutball%2F2026%2Fvb%2F\" id=\"hyperlink_d9a7aeaa85334bc3b6711d3ca7a39b2d\" target=\"_blank\" rel=\"nofollow noopener\">B\u00f6ng\u00e9ssze az Index vil\u00e1gbajnoki mell\u00e9klet\u00e9t<\/a>, ahol a cikkek mellett megtal\u00e1lja a menetrendet, a csoportok \u00e1ll\u00e1s\u00e1t, a j\u00e1t\u00e9koskereteket, a csapatle\u00edr\u00e1sokat \u00e9s a helysz\u00edneket is. J\u00e1t\u00e9kunkban megtippelheti a vb-gy\u0151ztest, v\u00e1rakoz\u00e1sait a k\u00f6z\u00f6ss\u00e9gi m\u00e9di\u00e1ban is megoszthatja.\n                        <\/p>\n<p>\n                          Tartsanak vel\u00fcnk t\u00f6bb mint egy h\u00f3napon \u00e1t, hiszen helysz\u00edni tud\u00f3s\u00edt\u00f3nk rendszeresen exkluz\u00edv tartalmakkal jelentkezik a tengerent\u00falr\u00f3l. Meccs\u00f6sszefoglal\u00f3k, riportok, interj\u00fak, podcastok, vide\u00f3k, \u00e9rdekess\u00e9gek \u2013 minden egy helyen, minden az Indexen!\n                        <\/p>\n<p>(Bor\u00edt\u00f3k\u00e9p:\u00a0 \u00a0Carlo Ancelotti a 2026-os FIFA vil\u00e1gbajnoks\u00e1g C csoportj\u00e1nak Braz\u00edlia\u2013Marokk\u00f3 m\u00e9rk\u0151z\u00e9se el\u0151tt tartott sajt\u00f3t\u00e1j\u00e9koztat\u00f3n 2026. j\u00fanius 12-\u00e9n. Fot\u00f3: Tnani Badreddine \/ DeFodi Images \/ DeFodi \/ Getty Images)<\/p>\n<p><a href=\"https:\/\/dex.hu\/x.php?id=googlepref_desktop&amp;url=https:\/\/google.com\/preferences\/source?q=https:\/\/index.hu\" class=\"google-pref-banner \" id=\"googlePrefBanner\" rel=\"nofollow noopener\" target=\"_blank\"><\/p>\n<p>    Itt \u00e1ll\u00edtsa be, hogy az Index az els\u0151k k\u00f6z\u00f6tt legyen a Google-tal\u00e1latokban!<\/p>\n<p><\/a><\/p>\n<p>                <a href=\"https:\/\/konyvek.index.hu\/\" target=\"_blank\" rel=\"nofollow noopener\"><br \/>\n                <img decoding=\"async\" src=\"https:\/\/index.hu\/assets\/images\/konyvajanlo\/book_indapress\/book_indapress_logo.svg\" loading=\"lazy\" alt=\"Inda Press Kiad\u00f3\"\/><br \/>\n                <\/a><\/p>\n<p>                <img decoding=\"async\" src=\"https:\/\/www.europesays.com\/hu\/wp-content\/uploads\/2026\/06\/1781332869_618_rossi.png\" loading=\"lazy\" alt=\"Rossi\"\/><\/p>\n<p>Ismerd meg a magyar labdar\u00fag\u00e1s h\u0151s\u00e9nek eml\u00e9kezetes pillanatait!<br \/>Folytassa, Mister!<\/p>\n<p>                <a class=\"book_index_btn\" href=\"https:\/\/indexadhu.hit.gemius.pl\/hitredir\/id=nSCbubuYpDWJZLZs0TssLrbt33Lk5kbipuiZrkg89G3.g7\/stparam=uciklwjurk\/fastid=efdamtuhsxcjschvtzobuxredglq\/nc=0\/url=https:\/\/www.indapresskiado.hu\/products\/marco-rossi?_pos=1&amp;_psq=rossi&amp;_ss=e&amp;_v=1.0\" target=\"_blank\" rel=\"nofollow noopener\">MEGVESZEM<\/a><\/p>\n<p>    <img loading=\"lazy\" decoding=\"async\" src=\"https:\/\/www.europesays.com\/hu\/wp-content\/uploads\/2026\/06\/1781332871_930_nc=0.gif\" border=\"0\" height=\"0\" width=\"0\"\/><\/p>\n<p>    <img decoding=\"async\" src=\"https:\/\/index.hu\/assets\/images\/social-follow\/logo-big.svg\" alt=\"Index.hu logo\"\/><\/p>\n<p>K\u00f6vesse az Indexet Facebookon is!<\/p>\n<p>    <a href=\"https:\/\/facebook.com\/Indexhu\" target=\"_blank\" rel=\"nofollow noopener\"><\/p>\n<p>        K\u00f6vetem!<br \/>\n    <\/a><\/p>\n","protected":false},"excerpt":{"rendered":"Ahol csak lehet, \u00e9rdemes tud\u00f3s\u00edt\u00f3k\u00e9nt is f\u0151pr\u00f3b\u00e1t tartani. Esetemben ez a szombati brazil\u2013marokk\u00f3 meccs el\u0151tt a k\u00e9t csapat&hellip;\n","protected":false},"author":2,"featured_media":135383,"comment_status":"","ping_status":"","sticky":false,"template":"","format":"standard","meta":{"footnotes":"","_share_on_mastodon":"0"},"categories":[14],"tags":[42203,5130,14487,24069,18361,44,42,40,43,41,5518,42204,42205,45,131,4411,41659,41660,4710],"class_list":["post-135382","post","type-post","status-publish","format-standard","has-post-thumbnail","category-sport","tag-brazil-labdarugo-valogatott","tag-brazilia","tag-carlo-ancelotti","tag-futball-vb","tag-futball-vb-2026","tag-hu","tag-hungarian","tag-hungary","tag-magyar","tag-magyarorszag","tag-marokko","tag-marokkoi-labdarugo-valogatott","tag-mohamed-uahbi","tag-sport","tag-sports","tag-vb-2026","tag-vb-2026-kiemelt","tag-vb-2026-new-york","tag-vilagbajnoksag"],"share_on_mastodon":{"url":"https:\/\/pubeurope.com\/@hu\/116741438464566976","error":""},"_links":{"self":[{"href":"https:\/\/www.europesays.com\/hu\/wp-json\/wp\/v2\/posts\/135382","targetHints":{"allow":["GET"]}}],"collection":[{"href":"https:\/\/www.europesays.com\/hu\/wp-json\/wp\/v2\/posts"}],"about":[{"href":"https:\/\/www.europesays.com\/hu\/wp-json\/wp\/v2\/types\/post"}],"author":[{"embeddable":true,"href":"https:\/\/www.europesays.com\/hu\/wp-json\/wp\/v2\/users\/2"}],"replies":[{"embeddable":true,"href":"https:\/\/www.europesays.com\/hu\/wp-json\/wp\/v2\/comments?post=135382"}],"version-history":[{"count":0,"href":"https:\/\/www.europesays.com\/hu\/wp-json\/wp\/v2\/posts\/135382\/revisions"}],"wp:featuredmedia":[{"embeddable":true,"href":"https:\/\/www.europesays.com\/hu\/wp-json\/wp\/v2\/media\/135383"}],"wp:attachment":[{"href":"https:\/\/www.europesays.com\/hu\/wp-json\/wp\/v2\/media?parent=135382"}],"wp:term":[{"taxonomy":"category","embeddable":true,"href":"https:\/\/www.europesays.com\/hu\/wp-json\/wp\/v2\/categories?post=135382"},{"taxonomy":"post_tag","embeddable":true,"href":"https:\/\/www.europesays.com\/hu\/wp-json\/wp\/v2\/tags?post=135382"}],"curies":[{"name":"wp","href":"https:\/\/api.w.org\/{rel}","templated":true}]}}