{"id":135753,"date":"2026-06-13T13:27:10","date_gmt":"2026-06-13T13:27:10","guid":{"rendered":"https:\/\/www.europesays.com\/hu\/135753\/"},"modified":"2026-06-13T13:27:10","modified_gmt":"2026-06-13T13:27:10","slug":"toth-gabi-az-uj-hajaval-ugy-nez-ki-mint-toth-vera","status":"publish","type":"post","link":"https:\/\/www.europesays.com\/hu\/135753\/","title":{"rendered":"T\u00f3th Gabi az \u00faj haj\u00e1val \u00fagy n\u00e9z ki, mint T\u00f3th Vera"},"content":{"rendered":"<p class=\"a-lead mb-8 text-xl lg:text-xl-plus font-medium&#10;                leading-[var(--article-lead-lh-mobile)] lg:leading-8\">\n    \u00daj hajsz\u00ednnel lepte meg rajong\u00f3it T\u00f3th Gabi. Az \u00e9nekesn\u0151 l\u00e1tv\u00e1nyos \u00e1talakul\u00e1sa sokak szerint nem csup\u00e1n k\u00fcls\u0151 v\u00e1ltoz\u00e1s, hanem annak a jele is, hogy v\u00e9gleg maga m\u00f6g\u00f6tt hagyta kor\u00e1bbi korszak\u00e1t.\n<\/p>\n<p>T\u00f3th Gabi a karrierje sor\u00e1n tal\u00e1n az egyik legnagyobb st\u00edlusv\u00e1lt\u00e1son ment kereszt\u00fcl a hazai szt\u00e1rvil\u00e1gban. <a href=\"https:\/\/www.origo.hu\/teve\/2025\/04\/toth-gabi-megasztar-buszke-karrier\" id=\"55245f29-6a61-4c1e-860d-26be8b04238c\" rel=\"nofollow noopener\" target=\"_blank\">A 2005-\u00f6s Megaszt\u00e1r felfedezettjek\u00e9nt m\u00e9g vag\u00e1ny, l\u00e1zad\u00f3 rockerl\u00e1nyk\u00e9nt ismerte meg az orsz\u00e1g<\/a>: fekete ruh\u00e1k, b\u0151rszerk\u00f3k \u00e9s karakteres sminkek jellemezt\u00e9k az akkori megjelen\u00e9s\u00e9t.<\/p>\n<p>Az \u00e9vek sor\u00e1n azonban nemcsak zenei p\u00e1ly\u00e1ja, hanem<a href=\"https:\/\/nlc.hu\/sztarok\/20170101\/toth-gabi-atalakulas-2016-x-faktor\/\" id=\"a42c4b01-35a7-4218-a9ac-105627df9e1c\" rel=\"nofollow noopener\" target=\"_blank\"> st\u00edlusa is folyamatosan form\u00e1l\u00f3dott<\/a>. A d\u00f6g\u00f6s, rockos k\u00fcls\u0151t fokozatosan felv\u00e1ltotta egy kifinomultabb, n\u0151iesebb megjelen\u00e9s, majd az ut\u00f3bbi id\u0151szakban a magyar n\u00e9pi hagyom\u00e1nyok, a maty\u00f3h\u00edmz\u00e9sek \u00e9s a tradicion\u00e1lis mot\u00edvumok v\u00e1ltak az \u00e9nekesn\u0151 v\u00e9djegy\u00e9v\u00e9.<\/p>\n<p>Egy dolog azonban szinte \u00e1lland\u00f3 maradt n\u00e1la: a s\u00f6t\u00e9t hajsz\u00edn. B\u00e1r a frizur\u00e1j\u00e1t gyakran v\u00e1ltoztatta, volt hossz\u00fa \u00e9s eg\u00e9szen r\u00f6vid haja is, s\u0151t egy id\u0151ben platinasz\u0151k\u00e9re v\u00e1ltott, <a href=\"https:\/\/story.hu\/napi-friss\/2023\/05\/02\/toth-gabi-ismet-hajszint-valtott\/\" id=\"2af9f93c-0454-45a0-bfd1-e20a10a06156\" rel=\"nofollow noopener\" target=\"_blank\">v\u00e9g\u00fcl mindig visszat\u00e9rt j\u00f3l bev\u00e1lt s\u00f6t\u00e9t tincseihez.<\/a><\/p>\n<p>                                                                                                                                Sz\u0151ke hajra v\u00e1ltott T\u00f3th Gabi<\/p>\n<p>Most azonban \u00fagy t\u0171nik, ezt a korszakot is maga m\u00f6g\u00f6tt hagyta. <a href=\"https:\/\/story.hu\/napi-friss\/2026\/05\/23\/lehet-beke-elkepesztoen-nehez-a-dolga-a-toth-testverek-csaladjanak\/ft8zvf5\" id=\"39f96697-ff74-4213-aaa1-769b0d7f1755\" rel=\"nofollow noopener\" target=\"_blank\">T\u00f3th Vera h\u00faga<\/a> a k\u00f6z\u00f6ss\u00e9gi oldal\u00e1n mutatta meg leg\u00fajabb \u00e1talakul\u00e1s\u00e1t, amelyen sz\u0151ke hajjal l\u00e1that\u00f3.<\/p>\n<p>A rajong\u00f3k szerint az \u00faj hajsz\u00edn teljesen megv\u00e1ltoztatta az \u00e9nekesn\u0151 megjelen\u00e9s\u00e9t, \u00e9s \u00e9veket fiatal\u00edtott rajta.<\/p>\n<p>Nem t\u00falz\u00e1s azt \u00e1ll\u00edtani, hogy ezzel a v\u00e1lt\u00e1ssal T\u00f3th Gabi lez\u00e1rta a s\u00f6t\u00e9t m\u00faltj\u00e1t. Legal\u00e1bbis ami a hajsz\u00edn\u00e9t illeti.<\/p>\n<p>                                                                                                                                Tiszta T\u00f3th Vera<\/p>\n<p>Gabi egy\u00e9bk\u00e9nt sz\u0151ke tincseivel nagyon hasonl\u00edt a n\u0151v\u00e9r\u00e9re, a Megaszt\u00e1r-gy\u0151ztes T\u00f3th Ver\u00e1ra. Az aranytork\u00fa \u00e9nekesn\u0151nek az ut\u00f3bbi id\u0151ben szint\u00e9n sz\u0151ke a haja.<\/p>\n<p>R\u00e1ad\u00e1sul szinte ugyanaz az \u00e1rnyalat, amivel most h\u00faga is el\u0151rukkolt. Igaz, \u0151 r\u00f6videbben hordja a frizur\u00e1j\u00e1t.<\/p>\n<p>B\u00e1r a Csin\u00e1ljuk a fesztiv\u00e1lt! c\u00edm\u0171 m\u0171sorban kor\u00e1bban hossz\u00fa hajjal l\u00e9pett sz\u00ednpadra:<\/p>\n","protected":false},"excerpt":{"rendered":"\u00daj hajsz\u00ednnel lepte meg rajong\u00f3it T\u00f3th Gabi. Az \u00e9nekesn\u0151 l\u00e1tv\u00e1nyos \u00e1talakul\u00e1sa sokak szerint nem csup\u00e1n k\u00fcls\u0151 v\u00e1ltoz\u00e1s, hanem&hellip;\n","protected":false},"author":2,"featured_media":135754,"comment_status":"","ping_status":"","sticky":false,"template":"","format":"standard","meta":{"footnotes":"","_share_on_mastodon":"0"},"categories":[16],"tags":[2768,137,44,42,40,43,41,17097,1800,138,3235,5039,4241],"class_list":["post-135753","post","type-post","status-publish","format-standard","has-post-thumbnail","category-szorakozas","tag-atalakulas","tag-entertainment","tag-hu","tag-hungarian","tag-hungary","tag-magyar","tag-magyarorszag","tag-megujulas","tag-szoke-haj","tag-szorakozas","tag-toth-gabi","tag-toth-vera","tag-valtozas"],"share_on_mastodon":{"url":"https:\/\/pubeurope.com\/@hu\/116743034848055907","error":""},"_links":{"self":[{"href":"https:\/\/www.europesays.com\/hu\/wp-json\/wp\/v2\/posts\/135753","targetHints":{"allow":["GET"]}}],"collection":[{"href":"https:\/\/www.europesays.com\/hu\/wp-json\/wp\/v2\/posts"}],"about":[{"href":"https:\/\/www.europesays.com\/hu\/wp-json\/wp\/v2\/types\/post"}],"author":[{"embeddable":true,"href":"https:\/\/www.europesays.com\/hu\/wp-json\/wp\/v2\/users\/2"}],"replies":[{"embeddable":true,"href":"https:\/\/www.europesays.com\/hu\/wp-json\/wp\/v2\/comments?post=135753"}],"version-history":[{"count":0,"href":"https:\/\/www.europesays.com\/hu\/wp-json\/wp\/v2\/posts\/135753\/revisions"}],"wp:featuredmedia":[{"embeddable":true,"href":"https:\/\/www.europesays.com\/hu\/wp-json\/wp\/v2\/media\/135754"}],"wp:attachment":[{"href":"https:\/\/www.europesays.com\/hu\/wp-json\/wp\/v2\/media?parent=135753"}],"wp:term":[{"taxonomy":"category","embeddable":true,"href":"https:\/\/www.europesays.com\/hu\/wp-json\/wp\/v2\/categories?post=135753"},{"taxonomy":"post_tag","embeddable":true,"href":"https:\/\/www.europesays.com\/hu\/wp-json\/wp\/v2\/tags?post=135753"}],"curies":[{"name":"wp","href":"https:\/\/api.w.org\/{rel}","templated":true}]}}