{"id":136675,"date":"2026-06-14T09:38:15","date_gmt":"2026-06-14T09:38:15","guid":{"rendered":"https:\/\/www.europesays.com\/hu\/136675\/"},"modified":"2026-06-14T09:38:15","modified_gmt":"2026-06-14T09:38:15","slug":"magyar-bobtail-a-vilag-legszebb-kutyaja","status":"publish","type":"post","link":"https:\/\/www.europesays.com\/hu\/136675\/","title":{"rendered":"Magyar bobtail a vil\u00e1g legszebb kuty\u00e1ja"},"content":{"rendered":"<p>Magyar tulajdon\u00fa <a href=\"https:\/\/nlc.hu\/otthon\/20130520\/kutya-vilagkiallitas-bobtail-nyertes\/\" target=\"_blank\" rel=\"noopener nofollow\">bobtail<\/a> lett a vil\u00e1g legszebb kuty\u00e1ja a Bologn\u00e1ban megrendezett World Dog Show 2026 vil\u00e1gki\u00e1ll\u00edt\u00e1son. A Bugaboo\u2019s Dream Big With Bottom Shaker \u201eJack\u201d nev\u0171 bobtail (Old English Sheepdog) az FCI World Challenge for Top Dog verseny\u00e9ben k\u00f6zel 60 orsz\u00e1g legjobb kuty\u00e1it megel\u0151zve szerezte meg az els\u0151 helyet, \u00e9s ezzel elnyerte a vil\u00e1g legszebb kuty\u00e1ja c\u00edmet \u2013 sz\u00e1molt be a <a href=\"https:\/\/www.kennelclub.hu\/\" target=\"_blank\" rel=\"noopener noreferrer nofollow\">Magyar Ebteny\u00e9szt\u0151k Orsz\u00e1gos Egyes\u00fcleteinek Sz\u00f6vets\u00e9ge<\/a>.<\/p>\n<p>A ki\u00e1ll\u00edt\u00e1son t\u00f6bb mint 31 500 fajtatiszta kutya vett r\u00e9szt 79 orsz\u00e1gb\u00f3l. Magyarorsz\u00e1g az \u00f6t\u00f6dik legt\u00f6bb kuty\u00e1t nevez\u0151 orsz\u00e1gk\u00e9nt k\u00e9pviseltette mag\u00e1t a rendezv\u00e9nyen.<\/p>\n<p>A <a href=\"https:\/\/nlc.hu\/ezvan\/20240808\/magyar-kutyafajtak-kutyafajta-sinka-vizsla\/\" target=\"_blank\" rel=\"noopener nofollow\">magyar kutyafajt\u00e1k<\/a> k\u00f6z\u00fcl egy r\u00f6vidsz\u0151r\u0171 magyar vizsla, Butterfly Hunter Casper \u00e9rte el a legkiemelked\u0151bb eredm\u00e9nyt. A kutya a vil\u00e1gki\u00e1ll\u00edt\u00e1s legeredm\u00e9nyesebb magyar fajt\u00e1j\u00fa egyedek\u00e9nt a vil\u00e1g legszebb r\u00f6vidsz\u0151r\u0171 magyar vizsl\u00e1ja c\u00edmet szerezte meg, emellett az FCI VII. fajtacsoportj\u00e1nak, vagyis a vizsl\u00e1k \u00e9s szetterek csoportj\u00e1nak legszebb kuty\u00e1ja is lett.<\/p>\n<p>A World Dog Show 2026 eredm\u00e9nyei ism\u00e9t igazolt\u00e1k, hogy a <a href=\"https:\/\/nlc.hu\/csalad-kedvencei\/20231215\/milo-viki-karacsony-kutyak\/\" target=\"_blank\" rel=\"noopener nofollow\">magyar teny\u00e9szt\u00e9s\u0171<\/a> \u00e9s magyar tulajdonban l\u00e9v\u0151 kuty\u00e1k a nemzetk\u00f6zi \u00e9lmez\u0151nybe tartoznak, \u00e9s sikeresen k\u00e9pviselik Magyarorsz\u00e1got a vil\u00e1g legnagyobb kuty\u00e1s rendezv\u00e9nyein \u2013 hangs\u00falyozta a sz\u00f6vets\u00e9g.<\/p>\n<p>Ez a 7 fajta a legjobb v\u00e1laszt\u00e1s kezd\u0151 kutyatart\u00f3knak:<\/p>\n<p>Az al\u00e1bbi gal\u00e9ri\u00e1ban 7 olyan kutyafajt\u00e1t mutatunk be, amelyeket\u00a0szak\u00e9rt\u0151k is gyakran aj\u00e1nlanak\u00a0<a href=\"https:\/\/nlc.hu\/otthon\/20260608\/legjobb-kutyafajtak-kezdoknek\/\" target=\"_blank\" rel=\"noopener nofollow\">kezd\u0151 kutyatart\u00f3knak<\/a>. Ezek a kuty\u00e1k jellemz\u0151en bar\u00e1ts\u00e1gosak, kiegyens\u00falyozottak, \u00e9s k\u00f6nnyebben kezelhet\u0151k akkor is, ha a gazdi m\u00e9g csak most tanulja a kutyanevel\u00e9s alapjait. Van k\u00f6zt\u00fck kistest\u0171, ide\u00e1lis lak\u00e1sba, \u00e9s nagyobb termet\u0171, akt\u00edvabb fajta is, \u00edgy k\u00fcl\u00f6nb\u00f6z\u0151 \u00e9lethelyzetekhez \u00e9s ig\u00e9nyekhez is tal\u00e1lhatunk megfelel\u0151 t\u00e1rsat.<\/p>\n<p><a id=\"galeria-1\" class=\"m-nextGallery _ce_measure_widget _ce_measure_link\" href=\"https:\/\/nlc.hu\/szabadido\/20260613\/magyar-bobtail-a-vilag-legszebb-kutyaja\/?gallery=1\/1\/uszkar.jpg\" data-ce-measure-widget=\"gallery-open\" rel=\"nofollow noopener\" target=\"_blank\"><\/p>\n<p>\t\t<img decoding=\"async\" width=\"2124\" height=\"1412\" src=\"https:\/\/www.europesays.com\/hu\/wp-content\/uploads\/2026\/06\/uszkar.jpg\" class=\"m-nextGallery__featureImage wp-image-2142425\" alt=\"Uszka\u0301r\"   loading=\"lazy\"\/>\t<\/p>\n<p><\/a><\/p>\n<p>Kiemelt fot\u00f3: illusztr\u00e1ci\u00f3, Roy Rochlin\/Getty Images for Westminster Kennel Club<\/p>\n<p>Ez is \u00e9rdekelhet:<\/p>\n","protected":false},"excerpt":{"rendered":"Magyar tulajdon\u00fa bobtail lett a vil\u00e1g legszebb kuty\u00e1ja a Bologn\u00e1ban megrendezett World Dog Show 2026 vil\u00e1gki\u00e1ll\u00edt\u00e1son. A Bugaboo\u2019s&hellip;\n","protected":false},"author":2,"featured_media":136676,"comment_status":"","ping_status":"","sticky":false,"template":"","format":"standard","meta":{"footnotes":"","_share_on_mastodon":"0"},"categories":[6],"tags":[44,42,40,917,42546,43,41,9110],"class_list":["post-136675","post","type-post","status-publish","format-standard","has-post-thumbnail","category-magyarorszag","tag-hu","tag-hungarian","tag-hungary","tag-kutya","tag-kutyakiallitas","tag-magyar","tag-magyarorszag","tag-szabadido-utazas"],"share_on_mastodon":{"url":"https:\/\/pubeurope.com\/@hu\/116747796693908767","error":""},"_links":{"self":[{"href":"https:\/\/www.europesays.com\/hu\/wp-json\/wp\/v2\/posts\/136675","targetHints":{"allow":["GET"]}}],"collection":[{"href":"https:\/\/www.europesays.com\/hu\/wp-json\/wp\/v2\/posts"}],"about":[{"href":"https:\/\/www.europesays.com\/hu\/wp-json\/wp\/v2\/types\/post"}],"author":[{"embeddable":true,"href":"https:\/\/www.europesays.com\/hu\/wp-json\/wp\/v2\/users\/2"}],"replies":[{"embeddable":true,"href":"https:\/\/www.europesays.com\/hu\/wp-json\/wp\/v2\/comments?post=136675"}],"version-history":[{"count":0,"href":"https:\/\/www.europesays.com\/hu\/wp-json\/wp\/v2\/posts\/136675\/revisions"}],"wp:featuredmedia":[{"embeddable":true,"href":"https:\/\/www.europesays.com\/hu\/wp-json\/wp\/v2\/media\/136676"}],"wp:attachment":[{"href":"https:\/\/www.europesays.com\/hu\/wp-json\/wp\/v2\/media?parent=136675"}],"wp:term":[{"taxonomy":"category","embeddable":true,"href":"https:\/\/www.europesays.com\/hu\/wp-json\/wp\/v2\/categories?post=136675"},{"taxonomy":"post_tag","embeddable":true,"href":"https:\/\/www.europesays.com\/hu\/wp-json\/wp\/v2\/tags?post=136675"}],"curies":[{"name":"wp","href":"https:\/\/api.w.org\/{rel}","templated":true}]}}