{"id":137451,"date":"2026-06-15T01:26:14","date_gmt":"2026-06-15T01:26:14","guid":{"rendered":"https:\/\/www.europesays.com\/hu\/137451\/"},"modified":"2026-06-15T01:26:14","modified_gmt":"2026-06-15T01:26:14","slug":"index-futball-futball-vb-2026-116","status":"publish","type":"post","link":"https:\/\/www.europesays.com\/hu\/137451\/","title":{"rendered":"Index &#8211; Futball &#8211; Futball-vb 2026"},"content":{"rendered":"<p><a href=\"https:\/\/index.hu\/sport\/futball\/2026\/vb\/2026\/06\/14\/vilagbajnoksag-2026-nemetorszag-curacao-e-csoport-1.-fordulo-kiutes-kai-havertz\/\" id=\"hyperlink_fa5074eacde90e3be848de63342ec7b9\" target=\"_blank\" title=\"Meglepet\u00e9snek indult, ki\u00fct\u00e9s lett a v\u00e9ge: a n\u00e9metek hetet v\u00e1gtak az \u00fajonc Curaca\u00f3nak\" data-recommendation=\"bekezdes_utan\" data-recommendation-preview=\"{&quot;og:title&quot;:&quot;Meglepet\u00e9snek indult, ki\u00fct\u00e9s lett a v\u00e9ge: a n\u00e9metek hetet v\u00e1gtak az \u00fajonc Curaca\u00f3nak&quot;,&quot;og:description&quot;:&quot;Vb-n legut\u00f3bb a 2014-es brazil v\u00e1logatott futott bele ekkora pofonba a Nationalelf ellen.&quot;,&quot;og:image&quot;:&quot;\\\/\\\/kep.cdn.indexvas.hu\\\/1\\\/0\\\/6993\\\/69934\\\/699341\\\/69934125_5159871_02abeade73d6db3a5494b79317152789_wm.jpg&quot;}\" data-recommendation-id=\"6226749\" rel=\"nofollow noopener\">G\u00f3lsz\u00e1mban ugyan feladta a leck\u00e9t N\u00e9metorsz\u00e1g<\/a> a magyar id\u0151 szerint 22 \u00f3rakor kezd\u0151d\u0151 holland\u2013jap\u00e1n \u00f6sszecsap\u00e1snak, a vil\u00e1granglista 8. hely\u00e9n \u00e1ll\u00f3 eur\u00f3paiak \u00e9s a 18. \u201ek\u00e9k szamur\u00e1jok\u201d tal\u00e1lkoz\u00e1sa azonban sokkal szorosabb tal\u00e1lkoz\u00f3t hozott, mint a nap els\u0151 meccse.<\/p>\n<p>M\u00edg az Oranje hat gy\u0151zelemmel \u00e9s k\u00e9t d\u00f6ntetlennel jutott tov\u00e1bb selejtez\u0151s csoportj\u00e1b\u00f3l, az \u00e1zsiaiak az elm\u00falt hat meccs\u00fcket mind megnyert\u00e9k, k\u00f6zt\u00fck pedig olyan csapatokon kerekedett fel\u00fcl, mint Braz\u00edlia (3\u20132), Sk\u00f3cia (1\u20130) vagy \u00e9ppen Anglia\u00a0(1\u20130).<\/p>\n<p>Persze mind a k\u00e9t f\u00e9lnek akadtak fontos <a href=\"https:\/\/index.hu\/sport\/futball\/2026\/vb\/2026\/06\/11\/vilagbajnoksag-2026-serules-hianyzok-brazilia-rodrygo-estevao-militao-gnabry-simons-karl\/\" id=\"hyperlink_d18cc3c1d2a97d717e578b5fed75ffe5\" target=\"_blank\" title=\"Nagy csap\u00e1st m\u00e9rtek a s\u00e9r\u00fcl\u00e9sek a favoritokra, t\u00f6bb szt\u00e1r is csak otthonr\u00f3l szor\u00edthat haz\u00e1ja v\u00e1logatottj\u00e1nak\" rel=\"nofollow noopener\">hi\u00e1nyz\u00f3i<\/a>: Ronald Koeman, a holland egy\u00fcttes sz\u00f6vets\u00e9gi kapit\u00e1nya Xavi Simonsszal, Matthijs De Ligttel, Jurrien\u00a0  Timberrel\u00a0vagy \u00e9ppen  Nico Schoutennel  sem sz\u00e1molhatott, m\u00edg  Morijaszu Hadzsime  a jap\u00e1n v\u00e1logatottban kulcsembernek sz\u00e1m\u00edt\u00f3  Mitoma Kaorut ,  Minamino Takumit  \u00e9s a torna el\u0151tt k\u00f6zvetlen\u00fcl megs\u00e9r\u00fcl\u0151  Vataru End\u00f3t  is n\u00e9lk\u00fcl\u00f6zni k\u00e9nyszer\u00fclt.<\/p>\n<p>\n                          A tal\u00e1lkoz\u00f3 3. perc\u00e9ben m\u00e1ris r\u00e9sen kellett lennie Szuzuki Zionnak, miut\u00e1n Donyell Malen eresztett el egy hatalmas l\u00f6v\u00e9st nagyj\u00e1b\u00f3l 12 m\u00e9terr\u0151l. A 23. percben megejtett els\u0151 iv\u00f3sz\u00fcnetig azonban hi\u00e1ba mutattak \u00edg\u00e9retes t\u00e1mad\u00f3 akci\u00f3kat a felek, \u00fajabb pr\u00f3b\u00e1lkoz\u00e1st nem l\u00e1thattak a n\u00e9z\u0151k.\n                        <\/p>\n<p>\n                          Eg\u00e9szen a 34. percig kellett v\u00e1rni az \u00fajabb \u00e9rdemleges esem\u00e9nyre: Malen fejelhetett Tijjani Reijnders sz\u00f6glete ut\u00e1n, azonban a holland t\u00e1mad\u00f3 pr\u00f3b\u00e1lkoz\u00e1sa k\u00f6z\u00e9pre sz\u00e1llt, \u00edgy Szuzuki h\u00e1r\u00edtani tudta a vesz\u00e9lyes helyzetet.\u00a0\n                        <\/p>\n<p>\n                          A kihagyott lehet\u0151s\u00e9g mintha felt\u00fczelte volna a feleket. Nem sokkal k\u00e9s\u0151bb Denzel Dumfries visszacs\u00fasztatott labd\u00e1j\u00e1t bomb\u00e1zta a kapu f\u00f6l\u00e9 Cody Gakpo, ami ut\u00e1n v\u00e9g\u00fcl a k\u00e9kmezesek is akci\u00f3ba l\u00e9ptek.\n                        <\/p>\n<p>\n                          Vatanabe Cujosi jobb oldali bead\u00e1sa a tizenhatos bal oldal\u00e1ban \u00e9rkez\u0151 Nakamura Keit\u00f3t tal\u00e1lta meg, aki miut\u00e1n \u00e1tvette jobb l\u00e1b\u00e1ra a labd\u00e1t, csup\u00e1n centikkel t\u00e9vesztette el a jobb als\u00f3 sarkot.\n                        <\/p>\n<p>Nem sokkal k\u00e9s\u0151bb m\u00e1r\u00a0Ueda Ajasze, a holland \u00e9lvonal g\u00f3lkir\u00e1lya (a Feyenord sz\u00edneiben 31 bajnokin 25 g\u00f3lig jutott) vesz\u00e9lyeztetett, azonban a t\u00e1mad\u00f3 h\u00e9t m\u00e9terr\u0151l, kiss\u00e9 kisodr\u00f3dva eleresztett l\u00f6v\u00e9se csak a kapu bal oldal\u00e1t s\u00farolta.<\/p>\n<p>                        <img decoding=\"async\" id=\"kep_szerkfoto_image_69936633\" src=\"https:\/\/www.europesays.com\/hu\/wp-content\/uploads\/2026\/06\/69936633_5160057_3bf108b68d10db986c26b7450e1942ac_wm.jpg\" loading=\"lazy\" alt=\"Frenkie de Jong (balra(, Tijjani Reijnders (k\u00f6z\u00e9pen) \u00e9s Ueda Ajasze (jobbra)\" data-image_width=\"759\" data-image_height=\"428\"\/>Frenkie de Jong (balra(, Tijjani Reijnders (k\u00f6z\u00e9pen) \u00e9s Ueda Ajasze (jobbra)<\/p>\n<p>Fot\u00f3: Michael Steele \/ Getty Images<\/p>\n<p>\u00c9g \u00e9s f\u00f6ld volt a meccsen kialak\u00edtott helyzetek sz\u00e1ma a 30. perc el\u0151tti \u00e9s ut\u00e1ni id\u0151szakot n\u00e9zve. Csak a j\u00e1t\u00e9kr\u00e9sz utols\u00f3 negyed\u00f3r\u00e1j\u00e1ban a hollandok \u00f6t, m\u00edg a jap\u00e1nok k\u00e9t helyzetet pusk\u00e1ztak el.     <\/p>\n<p>A sz\u00fcnet ut\u00e1n g\u00f3lz\u00e1poros id\u0151szak k\u00f6vetkezett, el\u0151bb Virgil van Dijk szerezte meg a vezet\u00e9st a hollandoknak az 51. percben, miut\u00e1n a Liverpool h\u00e1tv\u00e9dje m\u00e9rtani pontoss\u00e1ggal fejelte be Ryan Gravenberch \u00edvel\u00e9s\u00e9t a bal als\u00f3 sarokba (1\u20130). Nem \u00f6r\u00fclhetett sok\u00e1ig az el\u0151nynek az eur\u00f3pai csapat, hat minutummal k\u00e9s\u0151bb m\u00e1r Nakamura t\u00fczelt a tizenhatos vonal\u00e1r\u00f3l a jobb als\u00f3ba\u00a0(1\u20131) .<\/p>\n<p>A k\u00f6vetkez\u0151 fordulat sem v\u00e1ratott sokat mag\u00e1ra,\u00a0 Crysencio Summerville a jobb oldalr\u00f3l t\u00f6rt be a tizenhatoson bel\u00fclre, majd 15 m\u00e9terr\u0151l mesterien tekert a kapu bal oldal\u00e1ba\u00a0 (2\u20131).<\/p>\n<p>\n                          A hajr\u00e1 kezdet\u00e9ig kiss\u00e9 lecsillapodott a j\u00e1t\u00e9k, b\u00e1r a tal\u00e1lkoz\u00f3n sz\u00e1mos nagy v\u00e9d\u00e9st bemutat\u00f3 Szuzukinak a 73. percben is nagyot kellett h\u00e1r\u00edtania Gakpo l\u00f6v\u00e9se ut\u00e1n.\n                        <\/p>\n<p>A labdabirtokl\u00e1sban kiegyenl\u00edtettnek sz\u00e1m\u00edt\u00f3 m\u00e1sodik f\u00e9lid\u0151 utols\u00f3 t\u00edz perc\u00e9t\u00a0 Szugavara Jukinari gyeng\u00e9cske l\u00f6v\u00e9se ind\u00edtotta \u00fatj\u00e1ra, ahol Jap\u00e1n m\u00e1r-m\u00e1r saj\u00e1t kapuja el\u00e9 szegezte a hollandokat.<\/p>\n<p>A nyom\u00e1s v\u00e9g\u00fcl g\u00f3ll\u00e1 \u00e9rett, Junya Ito bead\u00e1sa ut\u00e1n Ogava Koki b\u00f3lintott kapura a 88. percben, pr\u00f3b\u00e1lkoz\u00e1sa r\u00e1ad\u00e1sul \u00e9ppen a vele szemben \u00e1ll\u00f3 t\u00e1rs, Kamada\u00a0Daicsi fej\u00e9n pattant tov\u00e1bb a kapu bal oldal\u00e1ba, amibe Verbruggen m\u00e1r csak belekapni tudott (2\u20132).<\/p>\n<p>\u00dajabb g\u00f3l nem esett a tal\u00e1lkoz\u00f3n, \u00edgy a felek megosztoztak a pontokon.<\/p>\n<p>Hollandia legk\u00f6zelebb j\u00fanius 20-\u00e1n l\u00e9p p\u00e1ly\u00e1ra Sv\u00e9dorsz\u00e1g ellen magyar id\u0151 szerint 19 \u00f3rakor, m\u00edg Jap\u00e1n majd Tun\u00e9zi\u00e1val tal\u00e1lkozik j\u00fanius 21-\u00e9n reggel 6 \u00f3rakor.<\/p>\n<p>                        Labdar\u00fag\u00f3-vil\u00e1gbajnoks\u00e1g 2026, csoportk\u00f6r, 1. fordul\u00f3<\/p>\n<p>\n                          vas\u00e1rnap\n                        <\/p>\n<p>\n                          F csoport:\n                        <\/p>\n<p>                        Hollandia \u2013 Jap\u00e1n 2\u20132 (Van Dijk 51, Summerville 64., ill., Nakamura 57., Kamada 88.)<\/p>\n<p>\n                          E csoport:\n                        <\/p>\n<p>\n                          h\u00e9tf\u0151\n                        <\/p>\n<p>\n                          E csoport:\n                        <\/p>\n<p>                        Elef\u00e1ntcsontpart \u2013 Ecuador 1.00<\/p>\n<p>\n                          F csoport:\n                        <\/p>\n<p>                        Sv\u00e9dorsz\u00e1g \u2013 Tun\u00e9zia 4.00<\/p>\n<p>\n                          <a href=\"https:\/\/dex.hu\/x.php?id=index_sport_cikklink&amp;url=https%3A%2F%2Findex.hu%2Fsport%2Ffutball%2F2026%2Fvb%2F\" id=\"hyperlink_d9a7aeaa85334bc3b6711d3ca7a39b2d\" target=\"_blank\" rel=\"nofollow noopener\">B\u00f6ng\u00e9ssze az Index vil\u00e1gbajnoki mell\u00e9klet\u00e9t<\/a>, ahol a cikkek mellett megtal\u00e1lja a menetrendet, a csoportok \u00e1ll\u00e1s\u00e1t, a j\u00e1t\u00e9koskereteket, a csapatle\u00edr\u00e1sokat \u00e9s a helysz\u00edneket is. J\u00e1t\u00e9kunkban megtippelheti a vb-gy\u0151ztest, v\u00e1rakoz\u00e1sait a k\u00f6z\u00f6ss\u00e9gi m\u00e9di\u00e1ban is megoszthatja.\n                        <\/p>\n<p>\n                          Tartsanak vel\u00fcnk t\u00f6bb mint egy h\u00f3napon \u00e1t, hiszen helysz\u00edni tud\u00f3s\u00edt\u00f3nk rendszeresen exkluz\u00edv tartalmakkal jelentkezik a tengerent\u00falr\u00f3l. Meccs\u00f6sszefoglal\u00f3k, riportok, interj\u00fak, podcastok, vide\u00f3k, \u00e9rdekess\u00e9gek \u2013 minden egy helyen, minden az Indexen!\n                        <\/p>\n<p>(Bor\u00edt\u00f3k\u00e9p: Micky van de Ven \u00e9s Ueda Ajasze harcol a labd\u00e1\u00e9rt a holland-jap\u00e1n vil\u00e1gbajnoki csoportm\u00e9rk\u0151z\u00e9sen 2026. j\u00fanius 14-\u00e9n.\u00a0 Anp\/Getty Images )<\/p>\n<p><a href=\"https:\/\/dex.hu\/x.php?id=googlepref_desktop&amp;url=https:\/\/google.com\/preferences\/source?q=https:\/\/index.hu\" class=\"google-pref-banner \" id=\"googlePrefBanner\" rel=\"nofollow noopener\" target=\"_blank\"><\/p>\n<p>    Itt \u00e1ll\u00edtsa be, hogy az Index az els\u0151k k\u00f6z\u00f6tt legyen a Google-tal\u00e1latokban!<\/p>\n<p><\/a><\/p>\n<p>                <a href=\"https:\/\/konyvek.index.hu\/\" target=\"_blank\" rel=\"nofollow noopener\"><br \/>\n                <img decoding=\"async\" src=\"https:\/\/index.hu\/assets\/images\/konyvajanlo\/book_indapress\/book_indapress_logo.svg\" loading=\"lazy\" alt=\"Inda Press Kiad\u00f3\"\/><br \/>\n                <\/a><\/p>\n<p>                <img decoding=\"async\" src=\"https:\/\/www.europesays.com\/hu\/wp-content\/uploads\/2026\/06\/1781486771_64_rossi.png\" loading=\"lazy\" alt=\"Rossi\"\/><\/p>\n<p>Ismerd meg a magyar labdar\u00fag\u00e1s h\u0151s\u00e9nek eml\u00e9kezetes pillanatait!<br \/>Folytassa, Mister!<\/p>\n<p>                <a class=\"book_index_btn\" href=\"https:\/\/indexadhu.hit.gemius.pl\/hitredir\/id=nSCbubuYpDWJZLZs0TssLrbt33Lk5kbipuiZrkg89G3.g7\/stparam=uciklwjurk\/fastid=efdamtuhsxcjschvtzobuxredglq\/nc=0\/url=https:\/\/www.indapresskiado.hu\/products\/marco-rossi?_pos=1&amp;_psq=rossi&amp;_ss=e&amp;_v=1.0\" target=\"_blank\" rel=\"nofollow noopener\">MEGVESZEM<\/a><\/p>\n<p>    <img loading=\"lazy\" decoding=\"async\" src=\"https:\/\/www.europesays.com\/hu\/wp-content\/uploads\/2026\/06\/1781486773_514_nc=0.gif\" border=\"0\" height=\"0\" width=\"0\"\/><\/p>\n<p>    <img decoding=\"async\" src=\"https:\/\/index.hu\/assets\/images\/social-follow\/logo-big.svg\" alt=\"Index.hu logo\"\/><\/p>\n<p>K\u00f6vesse az Indexet Facebookon is!<\/p>\n<p>    <a href=\"https:\/\/facebook.com\/Indexhu\" target=\"_blank\" rel=\"nofollow noopener\"><\/p>\n<p>        K\u00f6vetem!<br \/>\n    <\/a><\/p>\n","protected":false},"excerpt":{"rendered":"G\u00f3lsz\u00e1mban ugyan feladta a leck\u00e9t N\u00e9metorsz\u00e1g a magyar id\u0151 szerint 22 \u00f3rakor kezd\u0151d\u0151 holland\u2013jap\u00e1n \u00f6sszecsap\u00e1snak, a vil\u00e1granglista 8.&hellip;\n","protected":false},"author":2,"featured_media":137452,"comment_status":"","ping_status":"","sticky":false,"template":"","format":"standard","meta":{"footnotes":"","_share_on_mastodon":"0"},"categories":[14],"tags":[24069,18361,20126,2631,44,42,40,503,20619,43,41,45,131,4411,4710],"class_list":["post-137451","post","type-post","status-publish","format-standard","has-post-thumbnail","category-sport","tag-futball-vb","tag-futball-vb-2026","tag-holland-valogatott","tag-hollandia","tag-hu","tag-hungarian","tag-hungary","tag-japan","tag-japan-valogatott","tag-magyar","tag-magyarorszag","tag-sport","tag-sports","tag-vb-2026","tag-vilagbajnoksag"],"share_on_mastodon":{"url":"https:\/\/pubeurope.com\/@hu\/116751524814214422","error":""},"_links":{"self":[{"href":"https:\/\/www.europesays.com\/hu\/wp-json\/wp\/v2\/posts\/137451","targetHints":{"allow":["GET"]}}],"collection":[{"href":"https:\/\/www.europesays.com\/hu\/wp-json\/wp\/v2\/posts"}],"about":[{"href":"https:\/\/www.europesays.com\/hu\/wp-json\/wp\/v2\/types\/post"}],"author":[{"embeddable":true,"href":"https:\/\/www.europesays.com\/hu\/wp-json\/wp\/v2\/users\/2"}],"replies":[{"embeddable":true,"href":"https:\/\/www.europesays.com\/hu\/wp-json\/wp\/v2\/comments?post=137451"}],"version-history":[{"count":0,"href":"https:\/\/www.europesays.com\/hu\/wp-json\/wp\/v2\/posts\/137451\/revisions"}],"wp:featuredmedia":[{"embeddable":true,"href":"https:\/\/www.europesays.com\/hu\/wp-json\/wp\/v2\/media\/137452"}],"wp:attachment":[{"href":"https:\/\/www.europesays.com\/hu\/wp-json\/wp\/v2\/media?parent=137451"}],"wp:term":[{"taxonomy":"category","embeddable":true,"href":"https:\/\/www.europesays.com\/hu\/wp-json\/wp\/v2\/categories?post=137451"},{"taxonomy":"post_tag","embeddable":true,"href":"https:\/\/www.europesays.com\/hu\/wp-json\/wp\/v2\/tags?post=137451"}],"curies":[{"name":"wp","href":"https:\/\/api.w.org\/{rel}","templated":true}]}}