{"id":137850,"date":"2026-06-15T10:18:11","date_gmt":"2026-06-15T10:18:11","guid":{"rendered":"https:\/\/www.europesays.com\/hu\/137850\/"},"modified":"2026-06-15T10:18:11","modified_gmt":"2026-06-15T10:18:11","slug":"index-futball-futball-vb-2026-120","status":"publish","type":"post","link":"https:\/\/www.europesays.com\/hu\/137850\/","title":{"rendered":"Index &#8211; Futball &#8211; Futball-vb 2026"},"content":{"rendered":"<p><a href=\"https:\/\/index.hu\/sport\/futball\/2026\/06\/11\/real-madrid-jose-mourinho-az-uj-vezetoedzo-hivatalos\/\" id=\"hyperlink_4599d6f9e362827b68b59d29a41e2e2c\" target=\"_blank\" title=\"A Real Madrid hivatalosan bejelentette, hogy Jos\u00e9 Mourinho a csapat \u00faj vezet\u0151edz\u0151je\" data-recommendation=\"bekezdes_utan\" data-recommendation-preview=\"{&quot;og:title&quot;:&quot;A Real Madrid hivatalosan bejelentette, hogy Jos\u00e9 Mourinho a csapat \u00faj vezet\\u0151edz\\u0151je&quot;,&quot;og:description&quot;:&quot;M\u00e1r azt is tudni, meddig sz\u00f3l a szerz\\u0151d\u00e9se.&quot;,&quot;og:image&quot;:&quot;\\\/\\\/kep.cdn.indexvas.hu\\\/1\\\/0\\\/6989\\\/69899\\\/698999\\\/69899937_5157331_1764864ff42fd5468339d35ccd7889fe_wm.jpg&quot;}\" data-recommendation-id=\"6225213\" rel=\"nofollow noopener\">Jos\u00e9 Mourinho \u00e9rkez\u00e9s\u00e9vel<\/a> a Real Madrid kerete is jelent\u0151s v\u00e1ltoz\u00e1sokon eshet \u00e1t, az elm\u00falt hetekben Denzel Dumfries, Ibrahima Konat\u00e9 \u00e9s Bernardo Silva \u00e9rkez\u00e9s\u00e9t is biztosra vett\u00e9k a lapok, ez\u00fattal pedig egy \u00fajabb j\u00e1t\u00e9kos ker\u00fclt a \u201ekir\u00e1lyi g\u00e1rda\u201d c\u00e9lkeresztj\u00e9be, akinek \u00e9rkez\u00e9s\u00e9t h\u00e9tf\u0151 d\u00e9lel\u0151tt m\u00e1r hivatalosan is bejelentett\u00e9k.<\/p>\n<p>A <a href=\"https:\/\/www.realmadrid.com\/en-US\/news\/club\/announcements\/comunicado-oficial-cucurella-15-06-2026\" id=\"hyperlink_991aa5908a85d9b121ce254c8cc9b531\" rel=\"nofollow noopener\" target=\"_blank\">k\u00f6zlem\u00e9ny<\/a> szerint a\u00a015-sz\u00f6r\u00f6s Bajnokok Lig\u00e1ja-gy\u0151ztes klub meg\u00e1llapod\u00e1sra jutott a Chelsea-vel Marc Cucurella \u00e1tigazol\u00e1s\u00e1r\u00f3l, amelynek r\u00e9szek\u00e9nt 2032-ig sz\u00f3l\u00f3 szerz\u0151d\u00e9st \u00edr majd al\u00e1 a j\u00e1t\u00e9kos. az <a href=\"https:\/\/www.nytimes.com\/athletic\/7325256\/2026\/06\/14\/marc-cucurella-real-madrid-chelsea-transfer\/\" id=\"hyperlink_8bdf0d20bc10ddb1e22390bab93a4f33\" rel=\"nofollow noopener\" target=\"_blank\">Athletic<\/a> tov\u00e1bb\u00e1 \u00fagy \u00e9rtes\u00fclt, hogy 60 milli\u00f3 eur\u00f3t fizetnek a madridiak a 27 esztend\u0151s balh\u00e1tv\u00e9d j\u00e1t\u00e9kjog\u00e1\u00e9rt.<\/p>\n<p>A j\u00e1t\u00e9kos \u00fcgyn\u00f6k\u00e9vel kor\u00e1bban m\u00e1r a madridiak k\u00e9t nagy riv\u00e1lisa, az Atl\u00e9tico Madrid \u00e9s a Barcelona k\u00e9pvisel\u0151i is felvett\u00e9k a kapcsolatot, ennek ellen\u00e9re m\u00e9gis a feh\u00e9rmezeseket v\u00e1lasztotta Cucurella.<\/p>\n<p>A 24-szeres spanyol v\u00e1logatott v\u00e9d\u0151t m\u00e9g 2022-ben v\u00e1s\u00e1rolta a Brightont\u00f3l 65 milli\u00f3 eur\u00f3\u00e9rt a Chelsea, amelynek sz\u00edneiben 163 t\u00e9tm\u00e9rk\u0151z\u00e9sen l\u00e9pett p\u00e1ly\u00e1ra.<\/p>\n<p>A balh\u00e1tv\u00e9d poz\u00edci\u00f3ra kor\u00e1bban az Arsenal olasz v\u00e1logatott j\u00e1t\u00e9kos\u00e1nak, Riccardo Calafiorinak a nev\u00e9t lehetett hallani, azonban a kor\u00e1bbi Barcelona-nevel\u00e9s Cucurella \u00e9rkez\u00e9s\u00e9vel jelent\u0151sen cs\u00f6kkent az es\u00e9lye, hogy a 24 \u00e9ves futballista is Madridba tegye \u00e1t a sz\u00e9khely\u00e9t.<\/p>\n<p>\n                          A 2024-ben Eur\u00f3pa-bajnoks\u00e1got nyer\u0151 j\u00e1t\u00e9kost Spanyolorsz\u00e1g sz\u00edneiben a vil\u00e1gbajnoks\u00e1gon is l\u00e1thatjuk majd futballozni, a 2010-es gy\u0151ztes a csoportk\u00f6rben a Z\u00f6ld-foki-szigetekkel, Sza\u00fad-Ar\u00e1bi\u00e1val \u00e9s Uruguayjal tal\u00e1lkozik majd a H jel\u0171 kvartettben.\n                        <\/p>\n<p>\n                          <a href=\"https:\/\/dex.hu\/x.php?id=index_sport_cikklink&amp;url=https%3A%2F%2Findex.hu%2Fsport%2Ffutball%2F2026%2Fvb%2F\" id=\"hyperlink_d9a7aeaa85334bc3b6711d3ca7a39b2d\" target=\"_blank\" rel=\"nofollow noopener\">B\u00f6ng\u00e9ssze az Index vil\u00e1gbajnoki mell\u00e9klet\u00e9t<\/a>, ahol a cikkek mellett megtal\u00e1lja a menetrendet, a csoportok \u00e1ll\u00e1s\u00e1t, a j\u00e1t\u00e9koskereteket, a csapatle\u00edr\u00e1sokat \u00e9s a helysz\u00edneket is. J\u00e1t\u00e9kunkban megtippelheti a vb-gy\u0151ztest, v\u00e1rakoz\u00e1sait a k\u00f6z\u00f6ss\u00e9gi m\u00e9di\u00e1ban is megoszthatja.\n                        <\/p>\n<p>\n                          Tartsanak vel\u00fcnk t\u00f6bb mint egy h\u00f3napon \u00e1t, hiszen helysz\u00edni tud\u00f3s\u00edt\u00f3nk rendszeresen exkluz\u00edv tartalmakkal jelentkezik a tengerent\u00falr\u00f3l. Meccs\u00f6sszefoglal\u00f3k, riportok, interj\u00fak, podcastok, vide\u00f3k, \u00e9rdekess\u00e9gek \u2013 minden egy helyen, minden az Indexen!\n                        <\/p>\n<p>\n                          (Bor\u00edt\u00f3k\u00e9p:<br \/>\n                          Jam Media \/ Getty Images<br \/>\n                          )\n                        <\/p>\n<p><a href=\"https:\/\/dex.hu\/x.php?id=googlepref_desktop&amp;url=https:\/\/google.com\/preferences\/source?q=https:\/\/index.hu\" class=\"google-pref-banner \" id=\"googlePrefBanner\" rel=\"nofollow noopener\" target=\"_blank\"><\/p>\n<p>    Itt \u00e1ll\u00edtsa be, hogy az Index az els\u0151k k\u00f6z\u00f6tt legyen a Google-tal\u00e1latokban!<\/p>\n<p><\/a><\/p>\n<p>                <a href=\"https:\/\/konyvek.index.hu\/\" target=\"_blank\" rel=\"nofollow noopener\"><br \/>\n                <img decoding=\"async\" src=\"https:\/\/index.hu\/assets\/images\/konyvajanlo\/book_indapress\/book_indapress_logo.svg\" loading=\"lazy\" alt=\"Inda Press Kiad\u00f3\"\/><br \/>\n                <\/a><\/p>\n<p>                <img decoding=\"async\" src=\"https:\/\/www.europesays.com\/hu\/wp-content\/uploads\/2026\/06\/1781486771_64_rossi.png\" loading=\"lazy\" alt=\"Rossi\"\/><\/p>\n<p>Ismerd meg a magyar labdar\u00fag\u00e1s h\u0151s\u00e9nek eml\u00e9kezetes pillanatait!<br \/>Folytassa, Mister!<\/p>\n<p>                <a class=\"book_index_btn\" href=\"https:\/\/indexadhu.hit.gemius.pl\/hitredir\/id=nSCbubuYpDWJZLZs0TssLrbt33Lk5kbipuiZrkg89G3.g7\/stparam=uciklwjurk\/fastid=efdamtuhsxcjschvtzobuxredglq\/nc=0\/url=https:\/\/www.indapresskiado.hu\/products\/marco-rossi?_pos=1&amp;_psq=rossi&amp;_ss=e&amp;_v=1.0\" target=\"_blank\" rel=\"nofollow noopener\">MEGVESZEM<\/a><\/p>\n<p>    <img loading=\"lazy\" decoding=\"async\" src=\"https:\/\/www.europesays.com\/hu\/wp-content\/uploads\/2026\/06\/1781486773_514_nc=0.gif\" border=\"0\" height=\"0\" width=\"0\"\/><\/p>\n<p>    <img decoding=\"async\" src=\"https:\/\/index.hu\/assets\/images\/social-follow\/logo-big.svg\" alt=\"Index.hu logo\"\/><\/p>\n<p>K\u00f6vesse az Indexet Facebookon is!<\/p>\n<p>    <a href=\"https:\/\/facebook.com\/Indexhu\" target=\"_blank\" rel=\"nofollow noopener\"><\/p>\n<p>        K\u00f6vetem!<br \/>\n    <\/a><\/p>\n","protected":false},"excerpt":{"rendered":"Jos\u00e9 Mourinho \u00e9rkez\u00e9s\u00e9vel a Real Madrid kerete is jelent\u0151s v\u00e1ltoz\u00e1sokon eshet \u00e1t, az elm\u00falt hetekben Denzel Dumfries, Ibrahima&hellip;\n","protected":false},"author":2,"featured_media":137851,"comment_status":"","ping_status":"","sticky":false,"template":"","format":"standard","meta":{"footnotes":"","_share_on_mastodon":"0"},"categories":[14],"tags":[1031,7353,18361,44,42,40,43,41,42786,2310,45,131,4411],"class_list":["post-137850","post","type-post","status-publish","format-standard","has-post-thumbnail","category-sport","tag-atigazolas","tag-chelsea","tag-futball-vb-2026","tag-hu","tag-hungarian","tag-hungary","tag-magyar","tag-magyarorszag","tag-marc-cucurella","tag-real-madrid","tag-sport","tag-sports","tag-vb-2026"],"share_on_mastodon":{"url":"https:\/\/pubeurope.com\/@hu\/116753616975242166","error":""},"_links":{"self":[{"href":"https:\/\/www.europesays.com\/hu\/wp-json\/wp\/v2\/posts\/137850","targetHints":{"allow":["GET"]}}],"collection":[{"href":"https:\/\/www.europesays.com\/hu\/wp-json\/wp\/v2\/posts"}],"about":[{"href":"https:\/\/www.europesays.com\/hu\/wp-json\/wp\/v2\/types\/post"}],"author":[{"embeddable":true,"href":"https:\/\/www.europesays.com\/hu\/wp-json\/wp\/v2\/users\/2"}],"replies":[{"embeddable":true,"href":"https:\/\/www.europesays.com\/hu\/wp-json\/wp\/v2\/comments?post=137850"}],"version-history":[{"count":0,"href":"https:\/\/www.europesays.com\/hu\/wp-json\/wp\/v2\/posts\/137850\/revisions"}],"wp:featuredmedia":[{"embeddable":true,"href":"https:\/\/www.europesays.com\/hu\/wp-json\/wp\/v2\/media\/137851"}],"wp:attachment":[{"href":"https:\/\/www.europesays.com\/hu\/wp-json\/wp\/v2\/media?parent=137850"}],"wp:term":[{"taxonomy":"category","embeddable":true,"href":"https:\/\/www.europesays.com\/hu\/wp-json\/wp\/v2\/categories?post=137850"},{"taxonomy":"post_tag","embeddable":true,"href":"https:\/\/www.europesays.com\/hu\/wp-json\/wp\/v2\/tags?post=137850"}],"curies":[{"name":"wp","href":"https:\/\/api.w.org\/{rel}","templated":true}]}}