{"id":137958,"date":"2026-06-15T11:56:08","date_gmt":"2026-06-15T11:56:08","guid":{"rendered":"https:\/\/www.europesays.com\/hu\/137958\/"},"modified":"2026-06-15T11:56:08","modified_gmt":"2026-06-15T11:56:08","slug":"nem-engedtek-be-az-egyesult-allamokba-a-szomaliai-jatekvezetot-igy-is-kifizeti-a-fifa","status":"publish","type":"post","link":"https:\/\/www.europesays.com\/hu\/137958\/","title":{"rendered":"Nem engedt\u00e9k be az Egyes\u00fclt \u00c1llamokba a szom\u00e1liai j\u00e1t\u00e9kvezet\u0151t, \u00edgy is kifizeti a FIFA"},"content":{"rendered":"<p class=\"\">\n    Omar Abdulkadir Artan szom\u00e1liai labdar\u00fag\u00f3-j\u00e1t\u00e9kvezet\u0151t\u0151l <a href=\"https:\/\/444.hu\/2026\/06\/09\/jol-indul-a-foci-vb-nem-engedtek-be-amerikaba-az-ev-legjobb-afrikai-jatekvezetojet\" target=\"_blank\" rel=\"nofollow noopener\">megtagadt\u00e1k a bel\u00e9p\u00e9st<\/a> az Egyes\u00fclt \u00c1llamokba, ahova a vil\u00e1gbajnoks\u00e1gra \u00e9rkezett, azonban ahogy a <a href=\"https:\/\/www.reuters.com\/sports\/soccer\/somali-referee-denied-us-entry-world-cup-will-receive-full-fifa-fee-2026-06-14\/\" target=\"_blank\" rel=\"nofollow noopener\">Reuters<\/a> is \u00edrja, ennek ellen\u00e9re megkapja a teljes versenyd\u00edjaz\u00e1st.\n  <\/p>\n<p>    <a href=\"https:\/\/www.europesays.com\/hu\/wp-content\/uploads\/2026\/06\/8M18Kl4kdHF8l6VPs.jpeg\" class=\"uwwrama _1chu0ywg _8b6bx65\" rel=\"nofollow\"><\/p>\n<p>  <img decoding=\"async\" loading=\"lazy\" src=\"https:\/\/www.europesays.com\/hu\/wp-content\/uploads\/2026\/06\/8M18Kl4kdHF8l6VPs.jpeg\"   class=\"_672m2jd _1chu0ywo ta3a4c1ey ta3a4c1aa he2knv4 ta3a4c1ey ta3a4czs\" style=\"--_672m2j6:1.50;--_672m2j5:2560px 1707px\" alt=\"\"\/><\/p>\n<p>      <\/a><\/p>\n<p>\n              Fot\u00f3:<br \/>\n                KENZO TRIBOUILLARD\/AFP\n            <\/p>\n<p class=\"\">\n    A Trump-korm\u00e1ny azzal az indokkal tagadta meg Artan bel\u00e9p\u00e9s\u00e9t az orsz\u00e1gba, miszerint a f\u00e9rfinak \u201eterrorista szervezetek felt\u00e9telezett tagjaival\u201d vannak kapcsolatai.\n  <\/p>\n<p class=\"\">\n    Artan, aki 2025-ben Afrika legjobb j\u00e1t\u00e9kvezet\u0151je lett, az els\u0151 szom\u00e1liai lett volna, aki a vil\u00e1gbajnoks\u00e1gon b\u00edr\u00e1skodott volna, de az amerikai v\u00e1m- \u00e9s hat\u00e1r\u0151rs\u00e9g ezt megakad\u00e1lyozta a hat\u00e1ron.\n  <\/p>\n<p class=\"\">\n    A Reuters azt \u00edrja, otthon \u201eh\u0151sk\u00e9nt fogadt\u00e1k\u201d, az eur\u00f3pai labdar\u00fag\u00f3-sz\u00f6vets\u00e9g, az UEFA pedig kinevezte \u0151t a Paris St Germain \u00e9s az Aston Villa k\u00f6z\u00f6tti augusztusi UEFA-szuperkupa j\u00e1t\u00e9kvezet\u0151j\u00e9nek.\n  <\/p>\n","protected":false},"excerpt":{"rendered":"Omar Abdulkadir Artan szom\u00e1liai labdar\u00fag\u00f3-j\u00e1t\u00e9kvezet\u0151t\u0151l megtagadt\u00e1k a bel\u00e9p\u00e9st az Egyes\u00fclt \u00c1llamokba, ahova a vil\u00e1gbajnoks\u00e1gra \u00e9rkezett, azonban ahogy a&hellip;\n","protected":false},"author":2,"featured_media":137959,"comment_status":"","ping_status":"","sticky":false,"template":"","format":"standard","meta":{"footnotes":"","_share_on_mastodon":"0"},"categories":[14],"tags":[1353,7103,303,378,7631,44,42,40,43,41,42817,42816,12814,45,131,42818,42814,552,42815,4710],"class_list":["post-137958","post","type-post","status-publish","format-standard","has-post-thumbnail","category-sport","tag-afrika","tag-aston-villa","tag-egyesult-allamok","tag-foci","tag-foci-vb-2026","tag-hu","tag-hungarian","tag-hungary","tag-magyar","tag-magyarorszag","tag-omar-abdulkadir-artan","tag-paris-st-germain","tag-reuters","tag-sport","tag-sports","tag-szomaliai","tag-trump-kormany","tag-uefa","tag-uefa-szuperkupa","tag-vilagbajnoksag"],"share_on_mastodon":{"url":"https:\/\/pubeurope.com\/@hu\/116754002030928925","error":""},"_links":{"self":[{"href":"https:\/\/www.europesays.com\/hu\/wp-json\/wp\/v2\/posts\/137958","targetHints":{"allow":["GET"]}}],"collection":[{"href":"https:\/\/www.europesays.com\/hu\/wp-json\/wp\/v2\/posts"}],"about":[{"href":"https:\/\/www.europesays.com\/hu\/wp-json\/wp\/v2\/types\/post"}],"author":[{"embeddable":true,"href":"https:\/\/www.europesays.com\/hu\/wp-json\/wp\/v2\/users\/2"}],"replies":[{"embeddable":true,"href":"https:\/\/www.europesays.com\/hu\/wp-json\/wp\/v2\/comments?post=137958"}],"version-history":[{"count":0,"href":"https:\/\/www.europesays.com\/hu\/wp-json\/wp\/v2\/posts\/137958\/revisions"}],"wp:featuredmedia":[{"embeddable":true,"href":"https:\/\/www.europesays.com\/hu\/wp-json\/wp\/v2\/media\/137959"}],"wp:attachment":[{"href":"https:\/\/www.europesays.com\/hu\/wp-json\/wp\/v2\/media?parent=137958"}],"wp:term":[{"taxonomy":"category","embeddable":true,"href":"https:\/\/www.europesays.com\/hu\/wp-json\/wp\/v2\/categories?post=137958"},{"taxonomy":"post_tag","embeddable":true,"href":"https:\/\/www.europesays.com\/hu\/wp-json\/wp\/v2\/tags?post=137958"}],"curies":[{"name":"wp","href":"https:\/\/api.w.org\/{rel}","templated":true}]}}