{"id":138039,"date":"2026-06-15T12:59:26","date_gmt":"2026-06-15T12:59:26","guid":{"rendered":"https:\/\/www.europesays.com\/hu\/138039\/"},"modified":"2026-06-15T12:59:26","modified_gmt":"2026-06-15T12:59:26","slug":"irany-a-pita-ha-minosegi-giroszt-es-mennyei-baklavat-akarsz-kostolni-cikkek","status":"publish","type":"post","link":"https:\/\/www.europesays.com\/hu\/138039\/","title":{"rendered":"Ir\u00e1ny a Pita, ha min\u0151s\u00e9gi g\u00edroszt \u00e9s mennyei baklav\u00e1t akarsz k\u00f3stolni &#8211; Cikkek"},"content":{"rendered":"<p>\n    A g\u00edrosz nem egy komplik\u00e1lt \u00e9tel, m\u00e9gis sok hibalehet\u0151s\u00e9get rejt mag\u00e1ban. A Bazilika k\u00f6zel\u00e9ben ny\u00edlt Pita Budapest tulajdonosai sz\u00e1mtalan helyen k\u00f3stoltak, list\u00e1zt\u00e1k a pozit\u00edv \u00e9s negat\u00edv tapasztalatokat, \u00e9s a saj\u00e1t hely\u00fck\u00f6n mindenb\u0151l csak a legjobbat adj\u00e1k, pit\u00e1ban vagy t\u00e1lon.<\/p>\n<p>    \t                            Tapasztalt vend\u00e9gl\u00e1t\u00f3sok \u00faj terepen<\/p>\n<p>A\u00a0<a href=\"http:\/\/welovebudapest.com\/hely\/hachi-budapest\/\" id=\"hyperlink_3f67feea61a798076b709dfa196e7f59\" target=\"_blank\" title=\"HACHI Budapest\" rel=\"nofollow noopener\">Hachi<\/a> \u00e9s a <a href=\"http:\/\/welovebudapest.com\/cikk\/2026\/01\/20\/hachi-ko-ramen-budapest-japan-etterem\/\" id=\"hyperlink_d17f2d45ce57e099dc3ea2fd45acb219\" target=\"_blank\" title=\"Formabont\u00f3 ramenekkel ny\u00edlt meg a Hachi-Ko, a Hachi Budapest j\u00e1t\u00e9kos kis testv\u00e9re\" rel=\"nofollow noopener\">Hachi-Ko<\/a>\u00a0\u00e1zsiai \u00e9ttermek tulajdonosi k\u00f6re \u00faj vizekre \u00e9s \u00edzekre evezett, hozz\u00e1juk tartozik ugyanis az Okt\u00f3ber 6. utca \u00faj g\u00edroszoz\u00f3ja, a Pita Budapest. A csapat tapasztalt \u00e9s nyitott vend\u00e9gl\u00e1t\u00f3sokb\u00f3l \u00e1ll, akik nemcsak a saj\u00e1t helyeiken esznek reggel, d\u00e9lben, este, hanem sz\u00edvesen kalandoznak belf\u00f6ld\u00f6n \u00e9s k\u00fclf\u00f6ld\u00f6n is. A g\u00edrosz szem\u00e9lyes kedvenc\u00fck, amit sok helyen k\u00f3stoltak, azonban ig\u00e9nyes, j\u00f3 min\u0151s\u00e9gben ritk\u00e1n tal\u00e1lkoztak vele itthon: ezt az \u0171rt akart\u00e1k bet\u00f6lteni a Pit\u00e1val.<\/p>\n<p>                                <img decoding=\"async\" id=\"kep_69905677\" src=\"https:\/\/www.europesays.com\/hu\/wp-content\/uploads\/2026\/06\/69905677_c3b3b8161a43b998bbeef0d5371e8a7c_wm.jpg\" alt=\"pita gyros 260611 majorkata-9\" loading=\"lazy\"\/><\/p>\n<p>            (Fot\u00f3: Major Kata &#8211; We Love Budapest)<\/p>\n<p>A konyhai csapatot egy sokat l\u00e1tott szak\u00e1cs vezeti, de nem ragaszkodnak szigor\u00faan a g\u00f6r\u00f6g g\u00edrosz iskol\u00e1j\u00e1hoz. K\u00f6zel-keleti \u00e9s kreat\u00edv csavarokkal sz\u00ednes\u00edtik az alaposan megpakolt pit\u00e1kat \u00e9s t\u00e1lakat, hogy a min\u0151s\u00e9gi street fooddal egy kis pluszt is adjanak a vend\u00e9geknek.<\/p>\n<p>                                <img decoding=\"async\" id=\"kep_69905743\" src=\"https:\/\/www.europesays.com\/hu\/wp-content\/uploads\/2026\/06\/69905743_694bb4081fbf2cd493215171d34e8945_wm.jpg\" alt=\"pita gyros 260611 majorkata-1\" loading=\"lazy\"\/><\/p>\n<p>            (Fot\u00f3: Major Kata &#8211; We Love Budapest)<\/p>\n<p>                        Street food st\u00edlus profi kivitelez\u00e9sben<\/p>\n<p>Sz\u00f6ll\u0151si Misi, a hely egyik tulajdonosa elmondta, hogy a Pita Budapest egyik f\u0151 er\u0151ss\u00e9ge, hogy konyhatechnol\u00f3giailag is a professzionalit\u00e1sra t\u00f6rekednek. A g\u00e9pek, az eszk\u00f6z\u00f6k \u00e9s a szakmai hozz\u00e1\u00e1ll\u00e1s is magas szint\u0171, \u00edgy a v\u00e9geredm\u00e9ny nem egy \u00f6sszecsapott h\u00fasos szendvics, hanem egy gasztron\u00f3miailag is izgalmas, finom g\u00edrosz.\n                        <\/p>\n<p>                                <img decoding=\"async\" id=\"kep_69905903\" src=\"https:\/\/www.europesays.com\/hu\/wp-content\/uploads\/2026\/06\/69905903_ae184d0b0510d6a8ef8ac8934b05b586_wm.jpg\" alt=\"pita gyros 260611 majorkata-17\" loading=\"lazy\"\/><\/p>\n<p>            (Fot\u00f3: Major Kata &#8211; We Love Budapest)<\/p>\n<p>Jelenleg a csirk\u00e9t egy besz\u00e1ll\u00edt\u00f3t\u00f3l veszik, de ezt \u00e9s a pit\u00e1k k\u00e9sz\u00edt\u00e9s\u00e9t is h\u00e1zon bel\u00fcl tervezik megoldani a j\u00f6v\u0151ben. A csirk\u00e9n k\u00edv\u00fcl a veg\u00e1k s\u00fclt padlizs\u00e1nt, m\u00edg a h\u00fasim\u00e1d\u00f3k\u00a0konfit\u00e1lt borj\u00fat v\u00e1laszthatnak. A h\u00fast a saj\u00e1t lev\u00e9be forgatj\u00e1k vissza, ez\u00e1ltal kifejezetten karakteres \u00e9s szaftos.<\/p>\n<p>                                <img decoding=\"async\" id=\"kep_69905999\" src=\"https:\/\/www.europesays.com\/hu\/wp-content\/uploads\/2026\/06\/69905999_1b5e97daf7abbb7a6d75676939c9de99_wm.jpg\" alt=\"pita gyros 260611 majorkata-16\" loading=\"lazy\"\/><\/p>\n<p>            (Fot\u00f3: Major Kata &#8211; We Love Budapest)<\/p>\n<p>A h\u00fasokon \u00e9s z\u00f6lds\u00e9geken k\u00edv\u00fcl h\u00e1zi, kr\u00e9mes tahinis labneh-vel, \u00fcde z\u00f6ldf\u0171szeres dzadz\u00edkivel vagy egy sp\u00e9ci, f\u00fcst\u00f6lt sajtos r\u00e9pasal\u00e1t\u00e1val extr\u00e1zhatjuk a g\u00edroszunkat. Ez ut\u00f3bbi egy leheletnyit \u00e9desk\u00e9s, de m\u00e9gis friss \u00edzeket csemp\u00e9sz az \u00e9telbe, a mediterr\u00e1n g\u00f6r\u00f6gsal\u00e1ta pedig zamatos ol\u00edvabogy\u00f3kkal \u00e9s \u00edzletes fet\u00e1val \u00e9rkezik. A lila hagym\u00e1t savany\u00edtj\u00e1k, \u00edgy nincs meg benne az a massz\u00edv hagyma\u00edz, ami miatt sokan ker\u00fclik, m\u00e9gis feldobja az \u00f6sszhat\u00e1st.<\/p>\n<p>                                <img decoding=\"async\" id=\"kep_69906057\" src=\"https:\/\/www.europesays.com\/hu\/wp-content\/uploads\/2026\/06\/69906057_5aaacf5c63dd6b4e78586bac3fc28200_wm.jpg\" alt=\"pita gyros 260611 majorkata-4\" loading=\"lazy\"\/><\/p>\n<p>            (Fot\u00f3: Major Kata &#8211; We Love Budapest)<\/p>\n<p>                                <img decoding=\"async\" id=\"kep_69906067\" src=\"https:\/\/www.europesays.com\/hu\/wp-content\/uploads\/2026\/06\/69906067_a66e23e43c0a882712ab880277d55ce7_wm.jpg\" alt=\"pita gyros 260611 majorkata-15\" loading=\"lazy\"\/><\/p>\n<p>            (Fot\u00f3: Major Kata &#8211; We Love Budapest)<\/p>\n<p>A k\u00e9tf\u00e9le, mogyor\u00f3s \u00e9s piszt\u00e1ci\u00e1s baklava, illetve a mang\u00f3s raguval t\u00e1lalt k\u00f3kusztejes tejberizs is saj\u00e1t k\u00e9sz\u00edt\u00e9s\u0171. A baklav\u00e1k elk\u00e9peszt\u0151en finomak, aki nem akar g\u00edroszozni, m\u00e1r csak ez\u00e9rt is \u00e9rdemes beugrania a Pita Budapestbe. A m\u00e9zes, olajos magvas \u00e9dess\u00e9g nem a megszokott cukorbomba, ugyanis h\u00e1zi k\u00e9sz\u00edt\u00e9s\u0171 s\u00f3pelyhekkel teszik kontrasztoss\u00e1 benne az \u00edzeket. A hideg tejberizs k\u00f6nnyedebb, de szint\u00e9n ide\u00e1lis lez\u00e1r\u00e1sa egy eb\u00e9del\u0151s vagy vacsor\u00e1z\u00f3s g\u00edroszoz\u00e1snak.<\/p>\n<p>                                <img decoding=\"async\" id=\"kep_69906079\" src=\"https:\/\/www.europesays.com\/hu\/wp-content\/uploads\/2026\/06\/69906079_f0c1e3bfd24d0f4b16c21bfa4a0b0728_wm.jpg\" alt=\"pita gyros 260611 majorkata-22\" loading=\"lazy\"\/><\/p>\n<p>            (Fot\u00f3: Major Kata &#8211; We Love Budapest)<\/p>\n<p>                                <img decoding=\"async\" id=\"kep_69906087\" src=\"https:\/\/www.europesays.com\/hu\/wp-content\/uploads\/2026\/06\/69906087_1f3752bd948aed394141420408b5325e_wm.jpg\" alt=\"pita gyros 260611 majorkata-23\" loading=\"lazy\"\/><\/p>\n<p>            (Fot\u00f3: Major Kata &#8211; We Love Budapest)<\/p>\n<p>A g\u00edroszok mellett mindennap k\u00e9sz\u00fclnek valamilyen k\u00fcl\u00f6n fog\u00e1ssal, mint p\u00e9ld\u00e1ul egy spen\u00f3tos lasagn\u00e9val vagy s\u00fclt csirkecombbal. Ez egyfajta eb\u00e9dmen\u00fck\u00e9nt \u00e9p\u00fcl be a koncepci\u00f3ba, sz\u00f3val ak\u00e1r naponta k\u00e9tszer is beugorhatunk hozz\u00e1juk, egyszer g\u00edrosz\u00e9rt, egyszer a napi aj\u00e1nlat\u00e9rt.<\/p>\n<p>                                <img decoding=\"async\" id=\"kep_69906091\" src=\"https:\/\/www.europesays.com\/hu\/wp-content\/uploads\/2026\/06\/69906091_7e2445ef92ffbcffaa9f02d7cd0c06cf_wm.jpg\" alt=\"pita gyros 260611 majorkata-24\" loading=\"lazy\"\/><\/p>\n<p>            (Fot\u00f3: Major Kata &#8211; We Love Budapest)<\/p>\n<p>                        Nem megv\u00e1lt\u00e1s, csak v\u00e1lt\u00e1s<\/p>\n<p>A Pita Budapest \u00e1t\u00edrja a fejekben a g\u00edroszr\u00f3l alkotott negat\u00edv sztereot\u00edpi\u00e1kat. Laktat\u00f3 adagokat k\u00edn\u00e1lnak, kimagasl\u00f3an j\u00f3 \u00e1r-\u00e9rt\u00e9k ar\u00e1nyban, r\u00e1ad\u00e1sul olyan magas min\u0151s\u00e9g\u0171 alapanyagokb\u00f3l, amik nem gyakoriak a v\u00e1rosban. A hajnali k\u00f6r\u00fati g\u00edroszoz\u00e1snak is megvan a maga b\u00e1ja, de aki kulin\u00e1risan is \u00e9lvezn\u00e9 a g\u00f6r\u00f6g jelleg\u0171 street foodot, az menjen a Pit\u00e1ba.<\/p>\n<p>                            <a class=\"gallery-image\" href=\"http:\/\/galeria.welovebudapest.com\/cikk\/2026\/06\/12\/pita_budapest\/?currpic=69906455\" target=\"galesz69906455\" data-contentid=\"6225581\" data-js-galeria-url=\"https:\/\/galeria.welovebudapest.com\/cikk\/2026\/06\/12\/pita_budapest\/\" data-js-galeria-open-with=\"69906455\" rel=\"nofollow noopener\"><br \/>\n                            <img decoding=\"async\" id=\"kep69906455\" src=\"https:\/\/www.europesays.com\/hu\/wp-content\/uploads\/2026\/06\/69906549_a5ecf137bcd8727562ece252116d6e21_wm.jpg\" alt=\"\" loading=\"lazy\" width=\"727\" height=\"485\"\/><\/p>\n<p>                        <\/a><\/p>\n<p>                                        Gal\u00e9ria: Pita Budapest            <\/p>\n<p>\u00c1rak:<\/p>\n<p>                        Pit\u00e1k: 1990\u20132990 forint<br \/>\n                        T\u00e1lak: 2990\u20133790 forint<br \/>\n                        Extr\u00e1k: 290 forintt\u00f3l<\/p>\n<p>\n                          EL\u00c9RHET\u0150S\u00c9GEK\n                        <\/p>\n<p>\n                           Pita Budapest\n                        <\/p>\n<p>                        1051 Budapest, Okt\u00f3ber 6. utca 10.<br \/>\n                        <a href=\"https:\/\/www.instagram.com\/pita_budapest\" id=\"hyperlink_b929b09bac61f5fa21d4d5dc02587661\" rel=\"nofollow noopener\" target=\"_blank\">Instagram<\/a><\/p>\n<p><a href=\"https:\/\/dex.hu\/x.php?id=googlepref_desktop_welovebudapest&amp;url=https:\/\/google.com\/preferences\/source?q=https:\/\/welovebudapest.com\/\" class=\"google-pref-banner \" id=\"googlePrefBanner\" rel=\"nofollow noopener\" target=\"_blank\"><\/p>\n<p>        \u00c1ll\u00edtsd be a Google keres\u0151j\u00e9t, hogy a tal\u00e1latok k\u00f6z\u00f6tt biztos ott legyen a We Love Budapest!<\/p>\n<p><\/a><\/p>\n<p>        <img loading=\"lazy\" decoding=\"async\" class=\"wlbkonyv-ajanlo_img\" src=\"https:\/\/www.europesays.com\/hu\/wp-content\/uploads\/2026\/06\/1781524992_664_69201281_3194f691f5c54101ba8cd5e10826374b_wm.jpg\" width=\"851\" height=\"851\" alt=\"\" style=\"\"\/><\/p>\n<p>            <a href=\"https:\/\/www.indapresskiado.hu\/products\/15-ve-sszhangban-a-v-rossal\" target=\"_blank\" rel=\"nofollow noopener\">Megjelent els\u0151 bookazine-unk, ne maradj le r\u00f3la!<\/a><\/p>\n<p>M\u00e1r 15 \u00e9ve l\u00e9legz\u00fcnk \u00f6sszhangban a f\u0151v\u00e1rossal. Jubileumi kiadv\u00e1nyunkban mindent megtal\u00e1lsz, ami magazinunk \u00e9s eddigi munk\u00e1nk esszenci\u00e1ja. Gasztron\u00f3mia, kult\u00fara, v\u00e1rosi legend\u00e1k \u00e9s Budapest arcai, interj\u00fak, t\u00f6rt\u00e9netek \u00e9s a legjobb helyek \u2013 \u00fagy, ahogyan mi l\u00e1tjuk a f\u0151v\u00e1rost. <\/p>\n<p> <a href=\"https:\/\/www.indapresskiado.hu\/products\/15-ve-sszhangban-a-v-rossal\" target=\"_blank\" rel=\"nofollow noopener\">Rendeld meg itt <\/a>vagy keresd a nagyobb k\u00f6nyvesboltokban!\n        <\/p>\n<p class=\"wlbkonyv-ajanlo_promocio\">hirdet\u00e9s<\/p>\n<p>Folytatn\u00e1d az olvas\u00e1st? Szeretsz mindig k\u00e9pben lenni, \u00e9rdekelnek a leg\u00fajabb budapesti h\u00edrek, t\u00f6rt\u00e9netek? <a target=\"_blank\" href=\"https:\/\/welovebudapest.com\/hirlevel\/feliratkozas\" rel=\"nofollow noopener\">Iratkozz fel heti h\u00edrlevel\u00fcnkre<\/a>, az Insiderre, \u00e9s legy\u00e9l te a t\u00e1rsas\u00e1g ir\u00e1nyt\u0171je, ha \u00e9ttermet, kir\u00e1ndul\u00f3helyet vagy programot kerestek!<\/p>\n<p>                C\u00edmk\u00e9k            <\/p>\n<p>    \t<script async src=\"\/\/www.instagram.com\/embed.js\"><\/script><\/p>\n","protected":false},"excerpt":{"rendered":"A g\u00edrosz nem egy komplik\u00e1lt \u00e9tel, m\u00e9gis sok hibalehet\u0151s\u00e9get rejt mag\u00e1ban. A Bazilika k\u00f6zel\u00e9ben ny\u00edlt Pita Budapest tulajdonosai&hellip;\n","protected":false},"author":2,"featured_media":138040,"comment_status":"","ping_status":"","sticky":false,"template":"","format":"standard","meta":{"footnotes":"","_share_on_mastodon":"0"},"categories":[22],"tags":[42843,3501,73,800,865,42840,42842,42839,44,42,40,19718,43,41,19719,42841,12297,42838,11366,42844,8119],"class_list":["post-138039","post","type-post","status-publish","format-standard","has-post-thumbnail","category-budapest","tag-baklava","tag-belvaros","tag-budapest","tag-cikkek","tag-gasztro","tag-girosz","tag-gorog-konyha","tag-gyros","tag-hu","tag-hungarian","tag-hungary","tag-kozel-keleti-konyha","tag-magyar","tag-magyarorszag","tag-mediterran-konyha","tag-oktober-6-utca","tag-pita","tag-pita-budapest","tag-street-food","tag-tejberizs","tag-v-kerulet"],"share_on_mastodon":{"url":"https:\/\/pubeurope.com\/@hu\/116754249481766600","error":""},"_links":{"self":[{"href":"https:\/\/www.europesays.com\/hu\/wp-json\/wp\/v2\/posts\/138039","targetHints":{"allow":["GET"]}}],"collection":[{"href":"https:\/\/www.europesays.com\/hu\/wp-json\/wp\/v2\/posts"}],"about":[{"href":"https:\/\/www.europesays.com\/hu\/wp-json\/wp\/v2\/types\/post"}],"author":[{"embeddable":true,"href":"https:\/\/www.europesays.com\/hu\/wp-json\/wp\/v2\/users\/2"}],"replies":[{"embeddable":true,"href":"https:\/\/www.europesays.com\/hu\/wp-json\/wp\/v2\/comments?post=138039"}],"version-history":[{"count":0,"href":"https:\/\/www.europesays.com\/hu\/wp-json\/wp\/v2\/posts\/138039\/revisions"}],"wp:featuredmedia":[{"embeddable":true,"href":"https:\/\/www.europesays.com\/hu\/wp-json\/wp\/v2\/media\/138040"}],"wp:attachment":[{"href":"https:\/\/www.europesays.com\/hu\/wp-json\/wp\/v2\/media?parent=138039"}],"wp:term":[{"taxonomy":"category","embeddable":true,"href":"https:\/\/www.europesays.com\/hu\/wp-json\/wp\/v2\/categories?post=138039"},{"taxonomy":"post_tag","embeddable":true,"href":"https:\/\/www.europesays.com\/hu\/wp-json\/wp\/v2\/tags?post=138039"}],"curies":[{"name":"wp","href":"https:\/\/api.w.org\/{rel}","templated":true}]}}