{"id":138376,"date":"2026-06-15T18:16:55","date_gmt":"2026-06-15T18:16:55","guid":{"rendered":"https:\/\/www.europesays.com\/hu\/138376\/"},"modified":"2026-06-15T18:16:55","modified_gmt":"2026-06-15T18:16:55","slug":"jennifer-lopez-szerint-ez-a-legrosszabb-oscar-dijas-film-amit-latott","status":"publish","type":"post","link":"https:\/\/www.europesays.com\/hu\/138376\/","title":{"rendered":"Jennifer Lopez szerint ez a legrosszabb Oscar-d\u00edjas film, amit l\u00e1tott"},"content":{"rendered":"<p><a href=\"https:\/\/port.hu\/adatlap\/szemely\/jennifer-lopez\/person-6990\" rel=\"nofollow noopener\" target=\"_blank\">Jennifer Lopez<\/a> egy podcastben \u00e1rulta el nemr\u00e9g, hogy van egy Oscar-d\u00edjas film, amit \u0151 nem szeret, pedig az alkot\u00e1s nagy kritikai sikert aratott a 2020-as megjelen\u00e9s\u00e9t k\u00f6vet\u0151en. Az \u00e9nekesn\u0151-sz\u00edn\u00e9szn\u0151 A nom\u00e1dok f\u00f6ldje c\u00edm\u0171 projektr\u0151l besz\u00e9lt, amelyet Chlo\u00e9 Zhao rendezett.<\/p>\n<p>&#13;<br \/>\n&#13;<\/p>\n<p>A besz\u00e9lget\u00e9s alatt Lopezt arra k\u00e9rt\u00e9k, hogy nevezze meg, melyik filmet kedveli a legkev\u00e9sb\u00e9. Erre azt mondta:<\/p>\n<p>&#13;<br \/>\nAzt hiszem, ez a filmes \u00edzl\u00e9semb\u0151l is kider\u00fcl\u2026 de A nom\u00e1dok f\u00f6ldje.\u201d&#13;<\/p>\n<p data-start=\"456\" data-end=\"546\">Hozz\u00e1tette, hogy tiszt\u00e1ban van vele: ez egy \u201en\u00e9pszer\u0171tlen\u201d v\u00e9lem\u00e9ny, hiszen A nom\u00e1dok f\u00f6ldje 2020-ban hatalmas kritikai elismer\u00e9st kapott. Chlo\u00e9 Zhao alkot\u00e1sa elnyerte a legjobb filmnek j\u00e1r\u00f3 Oscar-d\u00edjat, \u00f6sszesen h\u00e1rom szobrot vihetett haza, k\u00f6zt\u00fck a legjobb rendez\u00e9s\u00e9rt j\u00e1r\u00f3t, valamint a legjobb n\u0151i f\u0151szerepl\u0151 d\u00edj\u00e1t Frances McDormand sz\u00e1m\u00e1ra.<\/p>\n<p>&#13;<\/p>\n<p><a href=\"https:\/\/port.hu\/cikk\/stream\/jennifer-lopez-meg-mindig-nezomagnes-elkepeszto-nezettseget-hoz-az-uj-netflixes-filmje\/article-127566\" rel=\"nofollow noopener\" target=\"_blank\"><img decoding=\"async\" src=\"https:\/\/www.europesays.com\/hu\/wp-content\/uploads\/2026\/06\/514.webp\" width=\"300\"\/><\/a><a href=\"https:\/\/port.hu\/cikk\/stream\/jennifer-lopez-meg-mindig-nezomagnes-elkepeszto-nezettseget-hoz-az-uj-netflixes-filmje\/article-127566\" rel=\"nofollow noopener\" target=\"_blank\">Jennifer Lopez m\u00e9g mindig n\u00e9z\u0151m\u00e1gnes, elk\u00e9peszt\u0151 n\u00e9zetts\u00e9get hoz az \u00faj netflixes filmje <\/a><\/p>\n<p>A Jennifer Lopez \u00e9s Brett Goldstein f\u0151szerepl\u00e9s\u00e9vel k\u00e9sz\u00fclt Munkahely rom\u00e1nc alig n\u00e9h\u00e1ny nappal a premierje ut\u00e1n m\u00e1ris a Netflix legn\u00e9zettebb filmje lett vil\u00e1gszerte.<\/p>\n<p><a class=\"article-btn\" href=\"https:\/\/port.hu\/cikk\/stream\/jennifer-lopez-meg-mindig-nezomagnes-elkepeszto-nezettseget-hoz-az-uj-netflixes-filmje\/article-127566\" rel=\"nofollow noopener\" target=\"_blank\">Tov\u00e1bb<\/a><\/p>\n<p>&#13;<\/p>\n<p data-start=\"456\" data-end=\"546\">Jennifer Lopez hozz\u00e1tette, hogy \u0151 b\u00e1r ezt a filmet rettenetesen szomor\u00fanak tartja, azt elismeri, hogy egy gy\u00f6ny\u00f6r\u0171 alkot\u00e1s, m\u00e9g akkor is, ha az \u0151 \u00edzl\u00e9s\u00e9nek nem j\u00f6tt be. \u0150 a romantikus v\u00edgj\u00e1t\u00e9kokat \u00e9s a musicaleket r\u00e9szes\u00edti el\u0151nyben. Kiemelte azt is, hogy <a href=\"https:\/\/port.hu\/adatlap\/szemely\/frances-mcdormand\/person-3486\" rel=\"nofollow noopener\" target=\"_blank\">Frances McDormand<\/a> meg\u00e9rdemelten kapott Oscar-d\u00edjat az alak\u00edt\u00e1s\u00e1\u00e9rt.\u00a0<\/p>\n<p>&#13;<\/p>\n<p data-start=\"456\" data-end=\"546\">A nom\u00e1dok f\u00f6ldj\u00e9ben a t\u00f6rt\u00e9net szerint egyetlen c\u00e9g \u00e1ltal ell\u00e1tott nevadai kisv\u00e1ros gazdas\u00e1gi \u00f6sszeoml\u00e1s\u00e1t k\u00f6vet\u0151en Fern (Frances McDormand) mindent bepakol furgonj\u00e1ba, \u00e9s elindul, hogy modern nom\u00e1dk\u00e9nt a hagyom\u00e1nyos t\u00e1rsadalmon k\u00edv\u00fcli \u00e9letet folytasson. A film sz\u00e1mos m\u00e1s kit\u00fcntet\u00e9s mellett d\u00edjat nyert a Toront\u00f3i Nemzetk\u00f6zi Filmfesztiv\u00e1lon \u00e9s a Velencei Filmfesztiv\u00e1lon is.<\/p>\n<p>&#13;<\/p>\n<p>Kiemelt k\u00e9p: Getty Images \/ Stephane Cardinale &#8211; Corbis \/ Contributor<\/p>\n<p>&#13;<\/p>\n<p>Forr\u00e1s: <a href=\"https:\/\/www.independent.co.uk\/arts-entertainment\/films\/news\/jennifer-lopez-office-romance-nomadland-b2994579.html\" rel=\"nofollow noopener\" target=\"_blank\">Independent<\/a><\/p>\n<p>                <a href=\"https:\/\/google.com\/preferences\/source?q=https:\/\/port.hu\" target=\"_blank\" class=\"google-pref-banner\" id=\"googlePrefBanner\" rel=\"nofollow noopener\"><br \/>\n                    <img loading=\"lazy\" decoding=\"async\" src=\"https:\/\/port.hu\/img\/svg\/google-logo.svg\" width=\"52\" height=\"52\"\/><br \/>\n                    Itt \u00e1ll\u00edtsa be, hogy a Port az els\u0151k k\u00f6z\u00f6tt legyen a Google-tal\u00e1latokban!<\/p>\n<p>                <\/a><\/p>\n","protected":false},"excerpt":{"rendered":"Jennifer Lopez egy podcastben \u00e1rulta el nemr\u00e9g, hogy van egy Oscar-d\u00edjas film, amit \u0151 nem szeret, pedig az&hellip;\n","protected":false},"author":2,"featured_media":138377,"comment_status":"","ping_status":"","sticky":false,"template":"","format":"standard","meta":{"footnotes":"","_share_on_mastodon":"0"},"categories":[21],"tags":[42927,198,137,167,199,44,42,40,3533,43,41,166,4456,138],"class_list":["post-138376","post","type-post","status-publish","format-standard","has-post-thumbnail","category-hiressegek","tag-a-nomadok-foldje","tag-celebrities","tag-entertainment","tag-film","tag-hiressegek","tag-hu","tag-hungarian","tag-hungary","tag-jennifer-lopez","tag-magyar","tag-magyarorszag","tag-mozi","tag-oscar-dij","tag-szorakozas"],"share_on_mastodon":{"url":"https:\/\/pubeurope.com\/@hu\/116755497482522886","error":""},"_links":{"self":[{"href":"https:\/\/www.europesays.com\/hu\/wp-json\/wp\/v2\/posts\/138376","targetHints":{"allow":["GET"]}}],"collection":[{"href":"https:\/\/www.europesays.com\/hu\/wp-json\/wp\/v2\/posts"}],"about":[{"href":"https:\/\/www.europesays.com\/hu\/wp-json\/wp\/v2\/types\/post"}],"author":[{"embeddable":true,"href":"https:\/\/www.europesays.com\/hu\/wp-json\/wp\/v2\/users\/2"}],"replies":[{"embeddable":true,"href":"https:\/\/www.europesays.com\/hu\/wp-json\/wp\/v2\/comments?post=138376"}],"version-history":[{"count":0,"href":"https:\/\/www.europesays.com\/hu\/wp-json\/wp\/v2\/posts\/138376\/revisions"}],"wp:featuredmedia":[{"embeddable":true,"href":"https:\/\/www.europesays.com\/hu\/wp-json\/wp\/v2\/media\/138377"}],"wp:attachment":[{"href":"https:\/\/www.europesays.com\/hu\/wp-json\/wp\/v2\/media?parent=138376"}],"wp:term":[{"taxonomy":"category","embeddable":true,"href":"https:\/\/www.europesays.com\/hu\/wp-json\/wp\/v2\/categories?post=138376"},{"taxonomy":"post_tag","embeddable":true,"href":"https:\/\/www.europesays.com\/hu\/wp-json\/wp\/v2\/tags?post=138376"}],"curies":[{"name":"wp","href":"https:\/\/api.w.org\/{rel}","templated":true}]}}