{"id":139483,"date":"2026-06-16T15:09:11","date_gmt":"2026-06-16T15:09:11","guid":{"rendered":"https:\/\/www.europesays.com\/hu\/139483\/"},"modified":"2026-06-16T15:09:11","modified_gmt":"2026-06-16T15:09:11","slug":"index-sport-kovesse-a-vilagbajnoksag-legfontosabb-esemenyeit-elo-hirfolyamunkban","status":"publish","type":"post","link":"https:\/\/www.europesays.com\/hu\/139483\/","title":{"rendered":"Index &#8211; Sport &#8211; K\u00f6vesse a vil\u00e1gbajnoks\u00e1g legfontosabb esem\u00e9nyeit \u00e9l\u0151 h\u00edrfolyamunkban"},"content":{"rendered":"<p>Gianni Infantino azt tervezi, hogy a hatalmas t\u00e1vols\u00e1gok ellen\u00e9re, ahol lehets\u00e9ges, a torna h\u00e1tral\u00e9v\u0151 r\u00e9sz\u00e9ben naponta k\u00e9t vil\u00e1gbajnoki m\u00e9rk\u0151z\u00e9sen fog r\u00e9szt venni \u2013 \u00edrja a <a href=\"https:\/\/www.theguardian.com\/football\/2026\/jun\/16\/infantino-private-jet-world-cup-matches\" id=\"hyperlink_5201716bd4a6b396e8874b2abc99a646\" rel=\"nofollow noopener\" target=\"_blank\">The Guardian<\/a>.<\/p>\n<p>A FIFA<a href=\"https:\/\/www.theguardian.com\/football\/fifa\" id=\"hyperlink_1c30bb5e4999caf42cefbcfadd8281ae\" rel=\"nofollow noopener\" target=\"_blank\"> eln\u00f6ke pedig ezt viszonylag k\u00f6nnyed\u00e9n meg is teheti, ugyanis hozz\u00e1f\u00e9r egy mag\u00e1ng\u00e9phez, amelyet a Qatar Airways biztos\u00edt sz\u00e1m\u00e1ra a vil\u00e1gbajnoks\u00e1gra k\u00f6t\u00f6tt szponzor\u00e1ci\u00f3s meg\u00e1llapod\u00e1suk r\u00e9szek\u00e9nt. Ez kifejezetten haszn\u00e1ra is v\u00e1lhat akkor, amennyiben t\u00e9nyleg szeretne naponta k\u00e9t meccset is megtekinteni, mindezt az Egyes\u00fclt \u00c1llamokban, Kanad\u00e1ban \u00e9s Mexik\u00f3ban.<\/p>\n<p>A sport\u00e1gi sz\u00f6vets\u00e9g feje m\u00falt cs\u00fct\u00f6rt\u00f6k\u00f6n Mexik\u00f3v\u00e1rosban r\u00e9szt vett a torna nyit\u00f3m\u00e9rk\u0151z\u00e9s\u00e9n, majd azonnal Guadalajar\u00e1ba rep\u00fclt, hogy megn\u00e9zze D\u00e9l-Korea Csehorsz\u00e1g elleni gy\u0151zelm\u00e9t. M\u00e1snap Los Angelesben volt, hogy a helysz\u00ednen szeml\u00e9lhesse az Egyes\u00fclt \u00c1llamok 4\u20131-es gy\u0151zelm\u00e9t Paraguay ellen, miel\u0151tt szombaton San Francisc\u00f3ban \u00e9s Vancouverben t\u0171nt fel a lel\u00e1t\u00f3n Katar \u00e9s Sv\u00e1jc, valamint Ausztr\u00e1lia \u00e9s T\u00f6r\u00f6korsz\u00e1g \u00f6sszecsap\u00e1sain.<\/p>\n<p>Persze nem lehet mindig csak n\u00e9zni a futballt, n\u00e9ha alak\u00edtani is kell, \u00edgy Infantino vas\u00e1rnap nem vett r\u00e9szt m\u00e9rk\u0151z\u00e9sen, mivel Miamiban tart\u00f3zkodott, ahol egy FIFA-cs\u00facstal\u00e1lkoz\u00f3t tartottak, amelyen 211 tagsz\u00f6vets\u00e9g k\u00e9pvisel\u0151i vettek r\u00e9szt. Este azonban \u00fajra g\u00e9pre sz\u00e1llt, \u00e9s visszat\u00e9rt Los Angelesbe, hogy r\u00e9szt vegyen Ir\u00e1n els\u0151, \u00daj-Z\u00e9land elleni m\u00e9rk\u0151z\u00e9s\u00e9n a torn\u00e1n.<\/p>\n<p>A FIFA forr\u00e1sai a lapnak meger\u0151s\u00edtett\u00e9k, hogy Infantino a kimer\u00edt\u0151 menetrend ellen\u00e9re is megpr\u00f3b\u00e1l majd naponta k\u00e9t m\u00e9rk\u0151z\u00e9sen r\u00e9szt venni, amilyen gyakran csak lehets\u00e9ges. Az 56 \u00e9ves sportvezet\u0151 a 2022-es katari vil\u00e1gbajnoks\u00e1g mind a 64 m\u00e9rk\u0151z\u00e9s\u00e9n jelen tudott lenni, \u00e1m akkor nagy k\u00f6nnyebbs\u00e9g volt sz\u00e1m\u00e1ra, hogy a stadionok k\u00f6z\u00f6tti legnagyobb t\u00e1vols\u00e1g mind\u00f6ssze 74 kilom\u00e9ter volt.<\/p>\n<p>Az idei vil\u00e1gbajnoki torna n\u00e9gy id\u0151z\u00f3n\u00e1t \u00e9s h\u00e1rom orsz\u00e1got \u00f6lel fel, a 16 stadion pedig ak\u00e1r 4500 kilom\u00e9terre is lehet egym\u00e1st\u00f3l, ami a csapatok k\u00e9s\u0151bbi dolg\u00e1t is nagyban megnehez\u00edtheti majd. Persze senki nem mondta, hogy k\u00f6nny\u0171 lesz vil\u00e1gbajnoks\u00e1got nyerni&#8230;\u00a0<\/p>\n","protected":false},"excerpt":{"rendered":"Gianni Infantino azt tervezi, hogy a hatalmas t\u00e1vols\u00e1gok ellen\u00e9re, ahol lehets\u00e9ges, a torna h\u00e1tral\u00e9v\u0151 r\u00e9sz\u00e9ben naponta k\u00e9t vil\u00e1gbajnoki&hellip;\n","protected":false},"author":2,"featured_media":139484,"comment_status":"","ping_status":"","sticky":false,"template":"","format":"standard","meta":{"footnotes":"","_share_on_mastodon":"0"},"categories":[8],"tags":[1399,24069,18361,42,304,43,34,140,41674,45,14677,42784,4411,94,4710,93,92],"class_list":["post-139483","post","type-post","status-publish","format-standard","has-post-thumbnail","category-vilag","tag-franciaorszag","tag-futball-vb","tag-futball-vb-2026","tag-hungarian","tag-iran","tag-magyar","tag-news","tag-percrol-percre","tag-psvilagbajnoksag2026","tag-sport","tag-szenegal","tag-uruguay","tag-vb-2026","tag-vilag","tag-vilagbajnoksag","tag-world","tag-world-news"],"share_on_mastodon":{"url":"https:\/\/pubeurope.com\/@hu\/116760422992649958","error":""},"_links":{"self":[{"href":"https:\/\/www.europesays.com\/hu\/wp-json\/wp\/v2\/posts\/139483","targetHints":{"allow":["GET"]}}],"collection":[{"href":"https:\/\/www.europesays.com\/hu\/wp-json\/wp\/v2\/posts"}],"about":[{"href":"https:\/\/www.europesays.com\/hu\/wp-json\/wp\/v2\/types\/post"}],"author":[{"embeddable":true,"href":"https:\/\/www.europesays.com\/hu\/wp-json\/wp\/v2\/users\/2"}],"replies":[{"embeddable":true,"href":"https:\/\/www.europesays.com\/hu\/wp-json\/wp\/v2\/comments?post=139483"}],"version-history":[{"count":0,"href":"https:\/\/www.europesays.com\/hu\/wp-json\/wp\/v2\/posts\/139483\/revisions"}],"wp:featuredmedia":[{"embeddable":true,"href":"https:\/\/www.europesays.com\/hu\/wp-json\/wp\/v2\/media\/139484"}],"wp:attachment":[{"href":"https:\/\/www.europesays.com\/hu\/wp-json\/wp\/v2\/media?parent=139483"}],"wp:term":[{"taxonomy":"category","embeddable":true,"href":"https:\/\/www.europesays.com\/hu\/wp-json\/wp\/v2\/categories?post=139483"},{"taxonomy":"post_tag","embeddable":true,"href":"https:\/\/www.europesays.com\/hu\/wp-json\/wp\/v2\/tags?post=139483"}],"curies":[{"name":"wp","href":"https:\/\/api.w.org\/{rel}","templated":true}]}}