{"id":139736,"date":"2026-06-16T18:53:12","date_gmt":"2026-06-16T18:53:12","guid":{"rendered":"https:\/\/www.europesays.com\/hu\/139736\/"},"modified":"2026-06-16T18:53:12","modified_gmt":"2026-06-16T18:53:12","slug":"dontott-az-mvm-valtoztat-az-ugyintezeseken-egy-mederbe-tereli-a-rendszereit","status":"publish","type":"post","link":"https:\/\/www.europesays.com\/hu\/139736\/","title":{"rendered":"D\u00f6nt\u00f6tt az MVM: v\u00e1ltoztat az \u00fcgyint\u00e9z\u00e9seken, egy mederbe tereli a rendszereit"},"content":{"rendered":"<p data-alignment=\"left\" class=\"text-left\" data-block-key=\"46kkv\">Az <a href=\"https:\/\/www.economx.hu\/vallalatok\/2026\/05\/07\/mvm-leallas-rezsi-szamla-befizetes\/\" target=\"_blank\" rel=\" noopener noreferrer nofollow\" data-link-preview=\"true\" data-og-title=\"Le\u00e1llt az MVM, ne most akarjon sz\u00e1ml\u00e1t befizetni\" data-og-description=\"T\u00f6bbnapos rendszerkarbantart\u00e1s miatt \u00e1tmenetileg nem lesz el\u00e9rhet\u0151 az MVM online \u00fcgyf\u00e9lszolg\u00e1lata, valamint az MVM Next mobilalkalmaz\u00e1s sem.\" data-og-image=\"https:\/\/www.economx.hu\/neon\/media\/images\/GettyImages-1888354802.format-jpeg.max-3840x2160.jpg\" data-og-column=\"V\u00e1llalatok\" data-og-tags=\"[&quot;V\\u00e1llalatok&quot;, &quot;mvm_next&quot;, &quot;le\\u00e1ll\\u00e1s&quot;, &quot;karbantart\\u00e1s&quot;]\">MVM<\/a> egys\u00e9ges\u00edti \u00fcgyf\u00e9lkiszolg\u00e1l\u00e1si rendszereit, ez\u00e1ltal nemcsak az egyetemes szolg\u00e1ltat\u00e1sban ell\u00e1tott \u00fcgyfelek, hanem a versenypiaci villamosenergia-v\u00e1s\u00e1rl\u00f3k, valamint az MVM D\u00e9m\u00e1sz eloszt\u00f3i \u00fcgyfelei is egyszer\u0171bben int\u00e9zhetik \u00fcgyeiket, az \u00e1t\u00e1ll\u00e1ssal \u00e1tmeneti \u00fcgyint\u00e9z\u00e9si korl\u00e1toz\u00e1st vezetnek be, a v\u00e1ltoz\u00e1sr\u00f3l az \u00e9rintettek szem\u00e9lyre szabott t\u00e1j\u00e9koztat\u00e1st kapnak \u2013 k\u00f6z\u00f6lte kedden az MVM.<\/p>\n<p data-alignment=\"left\" class=\"text-left\" data-block-key=\"61n5t\">Az MVM arra k\u00e9ri az \u00fcgyfeleket, hogy \u00fcgyeiket lehet\u0151s\u00e9g szerint az \u00e1t\u00e1ll\u00e1si id\u0151szakon k\u00edv\u00fcl, azaz j\u00fanius 30-a el\u0151tt, vagy j\u00falius k\u00f6zepe ut\u00e1n int\u00e9zz\u00e9k.<\/p>\n<p>  <a rel=\"noopener nofollow\" href=\"https:\/\/indamediasales.hu\/2019\/06\/25\/quality_placement_minosegbiztositasi_tajekoztato_728\" target=\"_blank\" class=\"flex items-center\"><\/p>\n<p>      <img loading=\"lazy\" decoding=\"async\" src=\"https:\/\/www.economx.hu\/neon\/static\/images\/brand\/quality_placement_logo.svg\" alt=\"Quality Placement\" width=\"150\" height=\"15\"\/><\/p>\n<p>  <\/a><\/p>\n<p>\n  hirdet\u00e9s<\/p>\n<p>    X<\/p>\n<p data-alignment=\"left\" class=\"text-left\" data-block-key=\"4r4cd\">Az \u00e1t\u00e1ll\u00e1ssal j\u00e1r\u00f3 \u00e1tmeneti \u00fcgyint\u00e9z\u00e9si korl\u00e1toz\u00e1s valamennyi \u00fcgyfelet \u00e9rint elt\u00e9r\u0151 m\u00e9rt\u00e9kben, a v\u00e1ltoz\u00e1sr\u00f3l az \u00e9rintetteket szem\u00e9lyre szabottan t\u00e1j\u00e9koztatj\u00e1k \u2013 h\u00edvt\u00e1k fel a figyelmet.<\/p>\n<p data-alignment=\"left\" class=\"text-left\" data-block-key=\"1p18o\">A k\u00f6zlem\u00e9ny szerint az \u00e1t\u00e1ll\u00e1s legink\u00e1bb az MVM D\u00e9m\u00e1sz ell\u00e1t\u00e1si ter\u00fcletet \u00e9rinti. Az MVM D\u00e9m\u00e1sz h\u00e1l\u00f3zati online \u00fcgyf\u00e9lszolg\u00e1lata is k\u00f6lt\u00f6zik, \u00edgy az okosm\u00e9r\u0151k m\u00e9r\u00e9si adatai sem lesznek el\u00e9rhet\u0151k az eddig haszn\u00e1lt fel\u00fcleteken. Az adatok az mvmnext.hu\/Ugyfelszolgalat oldal\u00e1n<\/p>\n<p data-alignment=\"left\" class=\"text-left\" data-block-key=\"m9la7\">csak 2026. j\u00fanius 1-j\u00e9ig lesznek visszamen\u0151leg felt\u00f6ltve, \u00edgy akinek sz\u00fcks\u00e9ge van a kor\u00e1bbi id\u0151szakra vonatkoz\u00f3 \u00e9rt\u00e9kekre, azokat m\u00e9g az \u00e1t\u00e1ll\u00e1s el\u0151tt mentse el<\/p>\n<p data-alignment=\"left\" class=\"text-left\" data-block-key=\"auhnq\">\u2013 tan\u00e1csolt\u00e1k.<\/p>\n<p data-alignment=\"left\" class=\"text-left\" data-block-key=\"5mo2v\">A versenypiaci felhaszn\u00e1l\u00f3k r\u00e9sz\u00e9re jelenleg m\u0171k\u00f6d\u0151 MVM h\u00e1l\u00f3zati online \u00fcgyf\u00e9lszolg\u00e1lat megsz\u0171nik, a j\u00f6v\u0151ben ezek az \u00fcgyfelek is az mvmnext.hu\/Ugyfelszolgalat oldalon int\u00e9zhetik \u00fcgyeiket \u2013 \u00edrt\u00e1k.<\/p>\n<p data-alignment=\"left\" class=\"text-left\" data-block-key=\"fc19k\">Hangs\u00falyozt\u00e1k, a villamosenergia-ell\u00e1t\u00e1s az \u00e1t\u00e1ll\u00e1s ideje alatt is zavartalan marad, a megl\u00e9v\u0151 szerz\u0151d\u00e9sek \u2013 az \u00faj azonos\u00edt\u00f3 kiv\u00e9tel\u00e9vel \u2013 nem v\u00e1ltoznak, tov\u00e1bb\u00e1 a villamos energia \u00e1ra sem m\u00f3dosul. A csoportos beszed\u00e9si megb\u00edz\u00e1sok \u00e9s az e-sz\u00e1ml\u00e1ra vonatkoz\u00f3 be\u00e1ll\u00edt\u00e1sok szint\u00e9n \u00e9rv\u00e9nyben maradnak. Az \u00e1t\u00e1ll\u00e1s nem \u00e9rinti a kor\u00e1bbi regisztr\u00e1ci\u00f3t az MVM Next online \u00fcgyf\u00e9lszolg\u00e1laton vagy mobilapplik\u00e1ci\u00f3ban, ezek tov\u00e1bbra is akt\u00edvak \u00e9s \u00e9rv\u00e9nyesek lesznek.<\/p>\n<p data-alignment=\"left\" class=\"text-left\" data-block-key=\"clm7f\">Tov\u00e1bbi inform\u00e1ci\u00f3 a folyamatosan friss\u00fcl\u0151, aktu\u00e1lis inform\u00e1ci\u00f3kat tartalmaz\u00f3 mvmnext.hu\/2026araminfo, mvmhalozat.hu\/aram oldalakon tal\u00e1lhat\u00f3 \u2013 k\u00f6z\u00f6lte az <a href=\"https:\/\/www.economx.hu\/gazdasag\/2026\/06\/02\/mvm-cegek-e-szamlazas\/\" target=\"_blank\" rel=\" noopener noreferrer nofollow\" data-link-preview=\"true\" data-og-title=\"Az MVM \u00fajra riaszt: t\u00f6megek maradhatnak le a fizet\u00e9si \u00e9rtes\u00edt\u0151kr\u0151l\" data-og-description=\"Hi\u00e1ba j\u00e1rt le m\u00e1r r\u00e9g a hat\u00e1rid\u0151, rengeteg nem lakoss\u00e1gi felhaszn\u00e1l\u00f3 m\u00e9g mindig v\u00e1ltott \u00e1t a k\u00f6telez\u0151 elektronikus sz\u00e1ml\u00e1ra. M\u00e1rpedig ez azzal j\u00e1r, hogy nem kapj\u00e1k meg az MVM-t\u0151l a fizet\u00e9si \u00e9rtes\u00edt\u00e9seket.\" data-og-image=\"https:\/\/www.economx.hu\/neon\/media\/images\/image1312213264.format-jpeg.max-3840x2160.jpg\" data-og-column=\"Gazdas\u00e1g\" data-og-tags=\"[&quot;Gazdas\\u00e1g&quot;, &quot;mVM&quot;, &quot;e-sz\\u00e1mla&quot;, &quot;energia&quot;]\">MVM<\/a>.<\/p>\n<p><a href=\"https:\/\/google.com\/preferences\/source?q=https%3A\/\/www.economx.hu\" rel=\"noopener nofollow\" class=\"!flex !items-center !gap-5 !py-2 !px-3 w-full !rounded-xl !font-bold cursor-pointer !no-underline relative !bg-white !text-[#202124] !border !border-[#858585] dark:!bg-[#323232] dark:!text-white dark:border-none mb-4 \" target=\"_blank\"><br \/>\n  <img decoding=\"async\" src=\"https:\/\/www.economx.hu\/neon\/static\/images\/favicons\/google_favicon.svg\" alt=\"Google\" class=\"shrink-0 w-7 h-7\"\/><br \/>\n  \u00c1ll\u00edtsd be Google keres\u0151j\u00e9t, hogy a tal\u00e1latok k\u00f6z\u00f6tt biztos ott legyen az Economx!<\/p>\n<p><\/a><\/p>\n","protected":false},"excerpt":{"rendered":"Az MVM egys\u00e9ges\u00edti \u00fcgyf\u00e9lkiszolg\u00e1l\u00e1si rendszereit, ez\u00e1ltal nemcsak az egyetemes szolg\u00e1ltat\u00e1sban ell\u00e1tott \u00fcgyfelek, hanem a versenypiaci villamosenergia-v\u00e1s\u00e1rl\u00f3k, valamint az&hellip;\n","protected":false},"author":2,"featured_media":139737,"comment_status":"","ping_status":"","sticky":false,"template":"","format":"standard","meta":{"footnotes":"","_share_on_mastodon":"0"},"categories":[8],"tags":[3768,2002,43223,1382,42,43,3067,43221,34,43222,43224,14296,94,93,92],"class_list":["post-139736","post","type-post","status-publish","format-standard","has-post-thumbnail","category-vilag","tag-aram","tag-aramszolgaltatas","tag-aramszolgaltato","tag-energia","tag-hungarian","tag-magyar","tag-mvm","tag-mvm_next","tag-news","tag-ugyfel","tag-ugyfelszolgalat","tag-ugyintezes","tag-vilag","tag-world","tag-world-news"],"share_on_mastodon":{"url":"https:\/\/pubeurope.com\/@hu\/116761303714182531","error":""},"_links":{"self":[{"href":"https:\/\/www.europesays.com\/hu\/wp-json\/wp\/v2\/posts\/139736","targetHints":{"allow":["GET"]}}],"collection":[{"href":"https:\/\/www.europesays.com\/hu\/wp-json\/wp\/v2\/posts"}],"about":[{"href":"https:\/\/www.europesays.com\/hu\/wp-json\/wp\/v2\/types\/post"}],"author":[{"embeddable":true,"href":"https:\/\/www.europesays.com\/hu\/wp-json\/wp\/v2\/users\/2"}],"replies":[{"embeddable":true,"href":"https:\/\/www.europesays.com\/hu\/wp-json\/wp\/v2\/comments?post=139736"}],"version-history":[{"count":0,"href":"https:\/\/www.europesays.com\/hu\/wp-json\/wp\/v2\/posts\/139736\/revisions"}],"wp:featuredmedia":[{"embeddable":true,"href":"https:\/\/www.europesays.com\/hu\/wp-json\/wp\/v2\/media\/139737"}],"wp:attachment":[{"href":"https:\/\/www.europesays.com\/hu\/wp-json\/wp\/v2\/media?parent=139736"}],"wp:term":[{"taxonomy":"category","embeddable":true,"href":"https:\/\/www.europesays.com\/hu\/wp-json\/wp\/v2\/categories?post=139736"},{"taxonomy":"post_tag","embeddable":true,"href":"https:\/\/www.europesays.com\/hu\/wp-json\/wp\/v2\/tags?post=139736"}],"curies":[{"name":"wp","href":"https:\/\/api.w.org\/{rel}","templated":true}]}}