{"id":139826,"date":"2026-06-16T20:20:09","date_gmt":"2026-06-16T20:20:09","guid":{"rendered":"https:\/\/www.europesays.com\/hu\/139826\/"},"modified":"2026-06-16T20:20:09","modified_gmt":"2026-06-16T20:20:09","slug":"index-kultur-ujabb-magyar-fesztival-jelentette-be-hogy-elmarad-iden","status":"publish","type":"post","link":"https:\/\/www.europesays.com\/hu\/139826\/","title":{"rendered":"Index &#8211; Kult\u00far &#8211; \u00dajabb magyar fesztiv\u00e1l jelentette be, hogy elmarad id\u00e9n"},"content":{"rendered":"<p>Lemondj\u00e1k a Jazzfest Budapest 2026-os fesztiv\u00e1lj\u00e1t \u2013 k\u00f6z\u00f6lte a rendezv\u00e9ny igazgat\u00f3ja, Kleb Attila a fesztiv\u00e1l hivatalos k\u00f6z\u00f6ss\u00e9gi oldal\u00e1n. A d\u00f6nt\u00e9st azzal indokolt\u00e1k, hogy az esem\u00e9ny megszervez\u00e9s\u00e9hez sz\u00fcks\u00e9ges felt\u00e9telek az elm\u00falt h\u00f3napokban alapvet\u0151en megv\u00e1ltoztak, \u00e9s a fesztiv\u00e1l jelenlegi form\u00e1j\u00e1ban nem finansz\u00edrozhat\u00f3.<\/p>\n<p>A szervez\u0151k szerint az elm\u00falt \u00f6t \u00e9vben jelent\u0151s nemzetk\u00f6zi sikereket \u00e9rtek el: \u00f6sszesen 271 koncertet rendeztek, 39 orsz\u00e1gb\u00f3l k\u00f6zel ezer m\u0171v\u00e9sz r\u00e9szv\u00e9tel\u00e9vel. Emellett a magyar jazz\u00e9let szerepl\u0151i is nemzetk\u00f6zi fell\u00e9p\u00e9si lehet\u0151s\u00e9gekhez jutottak, 30 koncertet adva kilenc orsz\u00e1gban.<\/p>\n<p>A k\u00f6zlem\u00e9ny hangs\u00falyozza, hogy a fesztiv\u00e1l m\u0171k\u00f6d\u00e9s\u00e9t eddig is rendk\u00edv\u00fcl korl\u00e1tozott \u00e1llami \u00e9s int\u00e9zm\u00e9nyi t\u00e1mogat\u00e1s mellett, d\u00f6nt\u0151en \u2013 90\u201395 sz\u00e1zal\u00e9kban \u2013 jegybev\u00e9telb\u0151l finansz\u00edrozt\u00e1k.<\/p>\n<p>A 2026-os \u00e9vre azonban a szervez\u0151k elvesz\u00edtett\u00e9k kor\u00e1bbi f\u0151 helysz\u00edn\u00fcket, az Erkel Sz\u00ednh\u00e1zat, miut\u00e1n az \u00fczemeltet\u00e9s\u00e9ben v\u00e1ltoz\u00e1s t\u00f6rt\u00e9nt, \u00e9s az \u00faj kezel\u0151k nem k\u00edv\u00e1nt\u00e1k b\u00e9rbe adni a l\u00e9tes\u00edtm\u00e9nyt. Alternat\u00edv helysz\u00ednk\u00e9nt v\u00e9g\u00fcl a f\u0151v\u00e1rost\u00f3l a V\u00e1rosh\u00e1za Parkot kapt\u00e1k meg, ahol azonban teljes infrastrukt\u00far\u00e1t \u2013 sz\u00ednpadot, n\u00e9z\u0151teret \u00e9s kiszolg\u00e1l\u00f3 l\u00e9tes\u00edtm\u00e9nyeket \u2013 kellett volna ki\u00e9p\u00edteni.<\/p>\n<p>A szervez\u0151k szerint ez olyan m\u00e9rt\u00e9k\u0171 el\u0151finansz\u00edroz\u00e1si terhet jelentett, amelyet a cs\u00f6kken\u0151 jegyelad\u00e1sok mellett nem tudtak v\u00e1llalni. A besz\u00e1mol\u00f3 szerint a jegyek mind\u00f6ssze 26\u201327 sz\u00e1zal\u00e9ka kelt el a tervezett kontingensb\u0151l.<\/p>\n<p>A fesztiv\u00e1l k\u00f6zl\u00e9se szerint az elm\u00falt id\u0151szakban t\u00f6bb lehets\u00e9ges megold\u00e1st is megvizsg\u00e1ltak, azonban egyik sem bizonyult \u00e9letk\u00e9pesnek. Ennek k\u00f6vetkezt\u00e9ben arra a d\u00f6nt\u00e9sre jutottak, hogy a rendezv\u00e9nyt 2026-ban nem tartj\u00e1k meg.<\/p>\n<p>A szervez\u0151k hangs\u00falyozt\u00e1k, hogy els\u0151dleges c\u00e9ljuk most a jegyv\u00e1s\u00e1rl\u00f3k k\u00e1rtalan\u00edt\u00e1sa \u00e9s a keletkezett k\u00e1rok enyh\u00edt\u00e9se. Mint \u00edrt\u00e1k, minden rendelkez\u00e9s\u00fckre \u00e1ll\u00f3 eszk\u00f6zzel azon dolgoznak, hogy a k\u00f6z\u00f6ns\u00e9g fel\u00e9 v\u00e1llalt k\u00f6telezetts\u00e9geiknek eleget tegyenek.<\/p>\n<p>A Jazzfest Budapest vezet\u00e9se egyben jelezte, hogy a kialakult helyzet miatt a j\u00f6v\u0151ben egys\u00e9ges kommunik\u00e1ci\u00f3t folytatnak, \u00e9s az egyedi megkeres\u00e9sekre csak korl\u00e1tozottan tudnak reag\u00e1lni.\u00a0A 2026-os fesztiv\u00e1l j\u00fanius 27-j\u00falius 5. k\u00f6z\u00f6tt ker\u00fclt volna megrendez\u00e9sre.<\/p>\n<p>                        A Kolor\u00e1d\u00f3 is elmarad, alig egy h\u00f3nappal a kezd\u00e9s el\u0151tt jelentett\u00e9k be<\/p>\n<p>Kor\u00e1bban besz\u00e1moltunk r\u00f3la, hogy nem rendezik meg 2026-ban a <a href=\"https:\/\/index.hu\/kultur\/2026\/06\/16\/kolorado-fesztival-rendezveny-elmarad-halasztas-sziget\/\" id=\"hyperlink_2a0f6e48debb804c9f519054f325b214\" target=\"_blank\" title=\"M\u00e9gsem lesz id\u00e9n Kolor\u00e1d\u00f3 Fesztiv\u00e1l, egy h\u00f3nappal a kezd\u00e9s el\u0151tt mondt\u00e1k le a szervez\u0151k\" data-recommendation=\"bekezdes_utan\" data-recommendation-preview=\"{&quot;og:title&quot;:&quot;M\u00e9gsem lesz id\u00e9n Kolor\u00e1d\u00f3 Fesztiv\u00e1l, egy h\u00f3nappal a kezd\u00e9s el\\u0151tt mondt\u00e1k le a szervez\\u0151k&quot;,&quot;og:description&quot;:&quot;Jelent\\u0151sen megemelkedtek a k\u00f6lts\u00e9gek az \u00faj helysz\u00edn k\u00f6r\u00fcl.&quot;,&quot;og:image&quot;:&quot;\\\/\\\/kep.cdn.indexvas.hu\\\/1\\\/0\\\/6997\\\/69972\\\/699728\\\/69972891_5162665_da8d45cb66214c74cac88598d2494d54_wm.jpg&quot;}\" data-recommendation-id=\"6228267\" rel=\"nofollow noopener\">Kolor\u00e1d\u00f3 Fesztiv\u00e1lt<\/a>. A d\u00f6nt\u00e9st az \u00faj helysz\u00edn kialak\u00edt\u00e1s\u00e1nak jelent\u0151sen megn\u00f6vekedett k\u00f6lts\u00e9geivel, valamint a fesztiv\u00e1lipart \u00e9rint\u0151 gazdas\u00e1gi neh\u00e9zs\u00e9gekkel indokolt\u00e1k. A megv\u00e1s\u00e1rolt jegyek j\u00f6v\u0151re is \u00e9rv\u00e9nyesek maradnak, a tulajdonosok pedig k\u00fcl\u00f6nleges kompenz\u00e1ci\u00f3ban is r\u00e9szes\u00fclhetnek.<\/p>\n<p>A szervez\u0151k hangs\u00falyozt\u00e1k, hogy az elm\u00falt h\u00f3napokban minden er\u0151fesz\u00edt\u00e9s\u00fck ellen\u00e9re nem tudtak olyan rendezv\u00e9nyt l\u00e9trehozni, amely m\u00e9lt\u00f3 lenne a kor\u00e1bbi \u00e9vek sz\u00ednvonal\u00e1hoz.<\/p>\n<p>A m\u00e1r megv\u00e1s\u00e1rolt jegyek automatikusan \u00e9rv\u00e9nyesek lesznek a j\u00f6v\u0151 \u00e9vi Kolor\u00e1d\u00f3 Fesztiv\u00e1lra. A szervez\u0151k azt is bejelentett\u00e9k, hogy a neh\u00e9z helyzetre reag\u00e1lva a Sziget szervez\u0151i seg\u00edts\u00e9get aj\u00e1nlottak fel:<\/p>\n<p>azok a jegytulajdonosok, akik nem k\u00e9rik vissza a bel\u00e9p\u0151j\u00fck \u00e1r\u00e1t, aj\u00e1nd\u00e9k cs\u00fct\u00f6rt\u00f6ki napijegyet kaphatnak a Sziget Fesztiv\u00e1lra.<\/p>\n<p>A jegyek visszav\u00e1lt\u00e1s\u00e1nak r\u00e9szleteir\u0151l \u00e9s a tov\u00e1bbi tudnival\u00f3kr\u00f3l a v\u00e1s\u00e1rl\u00f3k a j\u00f6v\u0151 h\u00e9t v\u00e9g\u00e9ig e-mailben kapnak t\u00e1j\u00e9koztat\u00e1st.<\/p>\n<p>Felid\u00e9zt\u00e9k, hogy tavaly elvesz\u00edtett\u00e9k a fesztiv\u00e1l hossz\u00fa \u00e9veken \u00e1t otthont ad\u00f3 <a href=\"https:\/\/index.hu\/kultur\/2025\/06\/18\/kolorado-fesztival-pilisi-parkerdo-magyar-cserkeszszovetseg\/\" id=\"hyperlink_9e55bba9d0e96120b2ca76dff12d7f1c\" target=\"_blank\" title=\"Megsz\u0171nik a h\u00edres magyar fesztiv\u00e1l, egyel\u0151re mindenki csak tal\u00e1lgat az okokr\u00f3l\" rel=\"nofollow noopener\">nagykov\u00e1csi cserk\u00e9szparkot<\/a>, ez\u00e9rt \u00faj helysz\u00edn ut\u00e1n kellett n\u00e9zni\u00fck. Az \u00faj otthont Fej\u00e9r v\u00e1rmegy\u00e9ben, K\u00e1lozon tal\u00e1lt\u00e1k meg, ahol nagy rem\u00e9nyekkel kezdt\u00e9k meg az el\u0151k\u00e9sz\u00edt\u0151 munk\u00e1latokat.<\/p>\n<p><a href=\"https:\/\/dex.hu\/x.php?id=googlepref_desktop&amp;url=https:\/\/google.com\/preferences\/source?q=https:\/\/index.hu\" class=\"google-pref-banner \" id=\"googlePrefBanner\" rel=\"nofollow noopener\" target=\"_blank\"><\/p>\n<p>    Itt \u00e1ll\u00edtsa be, hogy az Index az els\u0151k k\u00f6z\u00f6tt legyen a Google-tal\u00e1latokban!<\/p>\n<p><\/a><\/p>\n<p>    <img decoding=\"async\" src=\"https:\/\/index.hu\/assets\/images\/social-follow\/logo-big.svg\" alt=\"Index.hu logo\"\/><\/p>\n<p>K\u00f6vesse az Indexet Facebookon is!<\/p>\n<p>    <a href=\"https:\/\/facebook.com\/Indexhu\" target=\"_blank\" rel=\"nofollow noopener\"><\/p>\n<p>        K\u00f6vetem!<br \/>\n    <\/a><\/p>\n","protected":false},"excerpt":{"rendered":"Lemondj\u00e1k a Jazzfest Budapest 2026-os fesztiv\u00e1lj\u00e1t \u2013 k\u00f6z\u00f6lte a rendezv\u00e9ny igazgat\u00f3ja, Kleb Attila a fesztiv\u00e1l hivatalos k\u00f6z\u00f6ss\u00e9gi oldal\u00e1n.&hellip;\n","protected":false},"author":2,"featured_media":139827,"comment_status":"","ping_status":"","sticky":false,"template":"","format":"standard","meta":{"footnotes":"","_share_on_mastodon":"0"},"categories":[22],"tags":[73,13444,6985,44,42,40,8448,150,1396,43,41,6899],"class_list":["post-139826","post","type-post","status-publish","format-standard","has-post-thumbnail","category-budapest","tag-budapest","tag-elmarad","tag-fesztival","tag-hu","tag-hungarian","tag-hungary","tag-jazzfest-budapest","tag-kultur","tag-lemondas","tag-magyar","tag-magyarorszag","tag-rendezveny"],"share_on_mastodon":{"url":"https:\/\/pubeurope.com\/@hu\/116761646057389831","error":""},"_links":{"self":[{"href":"https:\/\/www.europesays.com\/hu\/wp-json\/wp\/v2\/posts\/139826","targetHints":{"allow":["GET"]}}],"collection":[{"href":"https:\/\/www.europesays.com\/hu\/wp-json\/wp\/v2\/posts"}],"about":[{"href":"https:\/\/www.europesays.com\/hu\/wp-json\/wp\/v2\/types\/post"}],"author":[{"embeddable":true,"href":"https:\/\/www.europesays.com\/hu\/wp-json\/wp\/v2\/users\/2"}],"replies":[{"embeddable":true,"href":"https:\/\/www.europesays.com\/hu\/wp-json\/wp\/v2\/comments?post=139826"}],"version-history":[{"count":0,"href":"https:\/\/www.europesays.com\/hu\/wp-json\/wp\/v2\/posts\/139826\/revisions"}],"wp:featuredmedia":[{"embeddable":true,"href":"https:\/\/www.europesays.com\/hu\/wp-json\/wp\/v2\/media\/139827"}],"wp:attachment":[{"href":"https:\/\/www.europesays.com\/hu\/wp-json\/wp\/v2\/media?parent=139826"}],"wp:term":[{"taxonomy":"category","embeddable":true,"href":"https:\/\/www.europesays.com\/hu\/wp-json\/wp\/v2\/categories?post=139826"},{"taxonomy":"post_tag","embeddable":true,"href":"https:\/\/www.europesays.com\/hu\/wp-json\/wp\/v2\/tags?post=139826"}],"curies":[{"name":"wp","href":"https:\/\/api.w.org\/{rel}","templated":true}]}}