{"id":139921,"date":"2026-06-16T21:56:10","date_gmt":"2026-06-16T21:56:10","guid":{"rendered":"https:\/\/www.europesays.com\/hu\/139921\/"},"modified":"2026-06-16T21:56:10","modified_gmt":"2026-06-16T21:56:10","slug":"megsem-rendezik-meg-iden-a-kolorado-fesztivalt-annyi-problema-merult-fel-az-uj-helyszinen","status":"publish","type":"post","link":"https:\/\/www.europesays.com\/hu\/139921\/","title":{"rendered":"M\u00e9gsem rendezik meg id\u00e9n a Kolor\u00e1d\u00f3 Fesztiv\u00e1lt, annyi probl\u00e9ma mer\u00fclt fel az \u00faj helysz\u00ednen"},"content":{"rendered":"<p>Arra a d\u00f6nt\u00e9sre jutottunk, hogy csak j\u00f6v\u0151re rendezz\u00fck meg a Kolor\u00e1d\u00f3 Fesztiv\u00e1lt \u2013 kezdik bejegyz\u00e9s\u00fcket a fesztiv\u00e1l szervez\u0151i az Instagramon.<\/p>\n<p>Az okokr\u00f3l azt \u00edrt\u00e1k:<\/p>\n<p>Miut\u00e1n tavaly elvesztett\u00fck a cserk\u00e9szparkot Nagykov\u00e1csiban, rengeteg energi\u00e1t \u00e9s p\u00e9nzt befektetve kerest\u00fck az \u00faj otthonunkat. K\u00e1lozon tal\u00e1ltuk meg azt az \u00e1lmot, ami\u00e9rt akkor meg\u00e9rte tov\u00e1bbmenni. Lelkesen v\u00e1gtunk bele az el\u0151k\u00e9sz\u00fcletekbe, azonban h\u00f3napr\u00f3l h\u00f3napra bukkantak el\u0151 \u00fajabb neh\u00e9zs\u00e9gek a ter\u00fclet fejleszt\u00e9s\u00e9vel \u00e9s lehet\u0151s\u00e9geivel kapcsolatban.<\/p>\n<p>Az \u00faj fesztiv\u00e1l megszervez\u00e9s\u00e9nek \u00e9s a helysz\u00edn kialak\u00edt\u00e1s\u00e1nak v\u00e1ratlanul n\u00f6vekv\u0151 k\u00f6lts\u00e9gei, valamint a teljes fesztiv\u00e1lipart s\u00fajt\u00f3 piaci neh\u00e9zs\u00e9gek elvezettek oda, hogy a nagykov\u00e1csi helysz\u00edn\u00fcnkh\u00f6z nem m\u00e9lt\u00f3 folytat\u00e1st tudtunk volna csak \u00f6sszehozni.<\/p>\n<p>\u00dagy \u00e9rezz\u00fck, hogy ezekkel a kompromisszumokkal nem tudn\u00e1nk azt az \u00e9lm\u00e9nyt adni nektek, amit meg\u00e1lmodtunk, \u00e9s amit megszokhattatok t\u0151l\u00fcnk. \u00cdgy arra jutottunk, hogy ink\u00e1bb elhalasztjuk az idei fesztiv\u00e1lt, hogy j\u00f6v\u0151re valami olyat hozhassunk l\u00e9tre, ami m\u00e9lt\u00f3 hozz\u00e1nk \u00e9s hozz\u00e1tok is. Nagyon sajn\u00e1ljuk, hogy csak most h\u00fazzuk be a f\u00e9ket, de az utols\u00f3 pillanatig azon voltunk, hogy meg tudjuk csin\u00e1lni.<\/p>\n<p>Az eddig megv\u00e1s\u00e1rolt jegyek visszav\u00e1lt\u00e1s\u00e1r\u00f3l <a target=\"_blank\" href=\"https:\/\/www.instagram.com\/p\/DZp-7bciPhw\/?igsh=MWhiZmF6MmxhaDV1cg%3D%3D\" rel=\"nofollow noopener\">itt<\/a> olvashat b\u0151vebben.<\/p>\n<p>\t\t<script async src=\"\/\/www.instagram.com\/embed.js\"><\/script><\/p>\n","protected":false},"excerpt":{"rendered":"Arra a d\u00f6nt\u00e9sre jutottunk, hogy csak j\u00f6v\u0151re rendezz\u00fck meg a Kolor\u00e1d\u00f3 Fesztiv\u00e1lt \u2013 kezdik bejegyz\u00e9s\u00fcket a fesztiv\u00e1l szervez\u0151i&hellip;\n","protected":false},"author":2,"featured_media":139922,"comment_status":"","ping_status":"","sticky":false,"template":"","format":"standard","meta":{"footnotes":"","_share_on_mastodon":"0"},"categories":[6],"tags":[13444,44,42,40,12773,22909,43,41],"class_list":["post-139921","post","type-post","status-publish","format-standard","has-post-thumbnail","category-magyarorszag","tag-elmarad","tag-hu","tag-hungarian","tag-hungary","tag-kaloz","tag-kolorado-fesztival","tag-magyar","tag-magyarorszag"],"share_on_mastodon":{"url":"https:\/\/pubeurope.com\/@hu\/116762023630998957","error":""},"_links":{"self":[{"href":"https:\/\/www.europesays.com\/hu\/wp-json\/wp\/v2\/posts\/139921","targetHints":{"allow":["GET"]}}],"collection":[{"href":"https:\/\/www.europesays.com\/hu\/wp-json\/wp\/v2\/posts"}],"about":[{"href":"https:\/\/www.europesays.com\/hu\/wp-json\/wp\/v2\/types\/post"}],"author":[{"embeddable":true,"href":"https:\/\/www.europesays.com\/hu\/wp-json\/wp\/v2\/users\/2"}],"replies":[{"embeddable":true,"href":"https:\/\/www.europesays.com\/hu\/wp-json\/wp\/v2\/comments?post=139921"}],"version-history":[{"count":0,"href":"https:\/\/www.europesays.com\/hu\/wp-json\/wp\/v2\/posts\/139921\/revisions"}],"wp:featuredmedia":[{"embeddable":true,"href":"https:\/\/www.europesays.com\/hu\/wp-json\/wp\/v2\/media\/139922"}],"wp:attachment":[{"href":"https:\/\/www.europesays.com\/hu\/wp-json\/wp\/v2\/media?parent=139921"}],"wp:term":[{"taxonomy":"category","embeddable":true,"href":"https:\/\/www.europesays.com\/hu\/wp-json\/wp\/v2\/categories?post=139921"},{"taxonomy":"post_tag","embeddable":true,"href":"https:\/\/www.europesays.com\/hu\/wp-json\/wp\/v2\/tags?post=139921"}],"curies":[{"name":"wp","href":"https:\/\/api.w.org\/{rel}","templated":true}]}}