{"id":140337,"date":"2026-06-17T07:46:10","date_gmt":"2026-06-17T07:46:10","guid":{"rendered":"https:\/\/www.europesays.com\/hu\/140337\/"},"modified":"2026-06-17T07:46:10","modified_gmt":"2026-06-17T07:46:10","slug":"a-kolorado-utan-egy-budapesti-fesztival-is-elmarad-iden","status":"publish","type":"post","link":"https:\/\/www.europesays.com\/hu\/140337\/","title":{"rendered":"A Kolor\u00e1d\u00f3 ut\u00e1n egy budapesti fesztiv\u00e1l is elmarad id\u00e9n"},"content":{"rendered":"<p class=\"text-subheading-l2 font-bold\">Elmarad az \u00f6t\u00f6dik budapesti JazzFest, miut\u00e1n a szervez\u0151k \u2013 t\u00f6bbek k\u00f6z\u00f6tt a v\u00e1ratlanul felhalmoz\u00f3d\u00f3 k\u00f6lts\u00e9gek miatt \u2013 lemondt\u00e1k a fesztiv\u00e1lt. A fesztiv\u00e1ligazgat\u00f3 elmondta, m\u00e1r \u00e9vek \u00f3ta k\u00fczdenek a t\u00e1mogat\u00e1sok hi\u00e1ny\u00e1val, s a kor\u00e1bbi esem\u00e9nyeket t\u00f6bbnyire a jegyelad\u00e1sokb\u00f3l tudt\u00e1k megval\u00f3s\u00edtani. B\u00e1r pr\u00f3b\u00e1ltak alternat\u00edv megold\u00e1st keresni, a fesztiv\u00e1lt egyel\u0151re nem tudj\u00e1k folytatni, mert az finansz\u00edrozhatatlann\u00e1 v\u00e1lt.<\/p>\n<p class=\"paragraph tracking-paragraph\">A szervez\u0151k lemondt\u00e1k a JazzFest Budapest 2026 fesztiv\u00e1lt, \u00edgy <a href=\"https:\/\/www.blikk.hu\/aktualis\/belfold\/mcc-feszt-helyzet-elmarad-rendezveny\/cgx6rmj\" id=\"12c4e951-da4a-4c87-a785-ad70657849a7\" rel=\"nofollow noopener\" target=\"_blank\">elmarad<\/a> a j\u00fanius 27-t\u0151l j\u00falius 5-ig tervezett idei rendezv\u00e9ny \u2013 k\u00f6z\u00f6lte a fesztiv\u00e1ligazgat\u00f3 kedden Facebook-bejegyz\u00e9s\u00e9ben.<\/p>\n<p class=\"paragraph tracking-paragraph\">Kleb Attila hangs\u00falyozta, a d\u00f6nt\u00e9st <a href=\"https:\/\/www.blikk.hu\/gazdasag\/penz\/sziget-veszteseg-eros-forint-csod\/l53t288\" id=\"e79af104-a684-4880-817e-a34c98642f1f\" rel=\"nofollow noopener\" target=\"_blank\">a v\u00e1ratlanul felhalmoz\u00f3d\u00f3 k\u00f6lts\u00e9gek<\/a>, a v\u00e1rakoz\u00e1sokt\u00f3l elmarad\u00f3 jegy\u00e9rt\u00e9kes\u00edt\u00e9si adatok, valamint a rendezv\u00e9nyszervez\u0151 szektort \u00e9rint\u0151, a k\u00f6zelm\u00falt esem\u00e9nyei \u00e1ltal gener\u00e1lt probl\u00e9m\u00e1k miatt kellett meghozniuk.<\/p>\n<p class=\"paragraph tracking-paragraph\">\u201e\u00c9vek \u00f3ta k\u00fczd\u00fcnk a t\u00e1mogat\u00e1sok hi\u00e1ny\u00e1val, azok minim\u00e1lis volumen\u00e9vel. Az eddigi n\u00e9gy fesztiv\u00e1lt 90-95 sz\u00e1zal\u00e9kban a jegyelad\u00e1sokb\u00f3l val\u00f3s\u00edtottuk meg\u201d \u2013 \u00edrta a fesztiv\u00e1ligazgat\u00f3 az MTI szerint.<\/p>\n<p>        <a class=\"block mx-auto mb-6 max-w-[500px] border-l-brand-red border-l-4\" target=\"_blank\" href=\"https:\/\/www.blikk.hu\/aktualis\/belfold\/mcc-feszt-helyzet-elmarad-rendezveny\/cgx6rmj\" rel=\"nofollow noopener\"><br \/>\n            Ez is \u00e9rdekelheti<\/p>\n<p>                            <img decoding=\"async\" class=\"col-lg-12 px-0 img-fluid\" src=\"https:\/\/www.europesays.com\/hu\/wp-content\/uploads\/2026\/06\/7gUktlyaHR0cHM6Ly9pbWFnZS5ibGlray5odS8xL0MwUmt0a3BUVVJCWHk4MFpHVXhZemswWW1Ka01XUTROakU0WXpReFlUTmtZV.jpeg\" loading=\"lazy\" alt=\"Elmarad az MCC Feszt, a kialakult helyzetre hivatkoznak\"\/><\/p>\n<p>                Elmarad az MCC Feszt, a kialakult helyzetre hivatkoznak<\/p>\n<p class=\"line-clamp-2 text-bodycopy-sm\">A Mathias Corvinus Collegium h\u00e9tf\u0151n jelentette be, hogy a ny\u00e1ri MCC Fesztiv\u00e1lt nem rendezik meg, a jegyek \u00e9s b\u00e9rletek \u00e1r\u00e1t j\u00falius 31-ig visszat\u00e9r\u00edtik. A d\u00f6nt\u00e9s h\u00e1tter\u00e9ben a k\u00f6zfeladatot ell\u00e1t\u00f3 k\u00f6z\u00e9rdek\u0171 vagyonkezel\u0151 alap\u00edtv\u00e1nyok megsz\u00fcntet\u00e9s\u00e9t el\u0151k\u00e9sz\u00edt\u0151 Alapt\u00f6rv\u00e9ny-m\u00f3dos\u00edt\u00e1s \u00e1llhat, amelyet szint\u00e9n h\u00e9tf\u0151n szavazott meg a parlament.<\/p>\n<p>                    Tov\u00e1bb<\/p>\n<p>        <\/a><\/p>\n<p class=\"paragraph tracking-paragraph\">Mint felid\u00e9zte, id\u00e9n azzal, hogy <a target=\"_blank\" href=\"https:\/\/index.hu\/kultur\/2025\/01\/29\/jazzfest-budapest-erkel-szinhaz-uzemeltetes-eloadasok-komolyzene-koncertek\/\" id=\"82bbcf72-a343-467e-977a-4d8048769d3e\" rel=\"nofollow noopener\">az Erkel Sz\u00ednh\u00e1zat elvett\u00e9k a kor\u00e1bbi \u00fczemeltet\u0151j\u00e9t\u0151l<\/a>, az Oper\u00e1t\u00f3l, \u00e9s az \u00fajak nem k\u00edv\u00e1nt\u00e1k b\u00e9rbe adni, elvesztett\u00e9k f\u0151 j\u00e1tsz\u00f3hely\u00fcket, ez\u00e9rt k\u00e9nytelenek voltak alternat\u00edv megold\u00e1st keresni, hogy a fesztiv\u00e1lt folytathass\u00e1k.<\/p>\n<p class=\"paragraph tracking-paragraph\">\u201eA f\u0151v\u00e1ros seg\u00edt\u0151 kezet ny\u00fajtott, megkaptuk a V\u00e1rosh\u00e1za Parkot, itt viszont sz\u00ednpadot, n\u00e9z\u0151teret, lel\u00e1t\u00f3t kell \u00e9p\u00edteni, \u00e9s minden egy\u00e9b szolg\u00e1ltat\u00e1st biztos\u00edtani kell. Ezek elk\u00e9peszt\u0151en magas \u00f6sszegek, \u00e9s r\u00e1ad\u00e1sul a k\u00fclf\u00f6ldi fell\u00e9p\u0151k honor\u00e1rium\u00e1n \u00e9s utaz\u00e1si k\u00f6lts\u00e9gein k\u00edv\u00fcl, ezeket is el\u0151re kell finansz\u00edrozni\u201d \u2013 fogalmazott Kleb, aki hozz\u00e1f\u0171zte azt is, hogy jelen helyzetben, amikor a p\u00e9nz\u00fcgyi t\u00e1mogat\u00e1s kinull\u00e1z\u00f3dott, mindent a jegy\u00e9rt\u00e9kes\u00edt\u00e9sb\u0151l kellett volna finansz\u00edrozni, ez azonban nagyon messze elmaradt a v\u00e1rhat\u00f3t\u00f3l, a teljes jegykontingens mind\u00f6ssze 26-27 sz\u00e1zal\u00e9ka tal\u00e1lt vev\u0151re.<\/p>\n<p class=\"paragraph tracking-paragraph\">\u201eEzen k\u00edv\u00fcl az eg\u00e9sz rendezv\u00e9nyszervez\u0151 szektort \u00e9rint\u0151, a k\u00f6zelm\u00falt esem\u00e9nyei \u00e1ltal gener\u00e1lt probl\u00e9m\u00e1k is jelent\u0151sen nehez\u00edtett\u00e9k a munk\u00e1nkat. Az elm\u00falt napokban minden lehet\u0151s\u00e9get megvizsg\u00e1ltunk, kerest\u00fcnk r\u00f6vid- \u00e9s hossz\u00fat\u00e1v\u00fa megold\u00e1st is, azonban nem j\u00e1rtunk sikerrel. Be kellett l\u00e1ssuk, hogy a fesztiv\u00e1l finansz\u00edrozhatatlann\u00e1 v\u00e1lt. A nagyobb k\u00e1rok elker\u00fcl\u00e9se \u00e9rdek\u00e9ben kedden este meg kellett hoznunk a szomor\u00fa \u00e9s rendk\u00edv\u00fcl f\u00e1jdalmas d\u00f6nt\u00e9st: lemondjuk a JazzFest Budapest 2026 fesztiv\u00e1lt\u201d \u2013 tette hozz\u00e1 Kleb Attila.<\/p>\n<p>        A k\u00e1rok enyh\u00edt\u00e9s\u00e9n dolgoznak<\/p>\n<p class=\"paragraph tracking-paragraph\">A fesztiv\u00e1llal, amelyet \u00f6t\u00f6dik alkalommal terveztek megtartani, komoly nemzetk\u00f6zi elismer\u00e9seket \u00e9rtek el. A JazzFest Budapest elm\u00falt n\u00e9gy \u00e9v\u00e9ben 271 koncertet rendeztek, amelyeken 39 orsz\u00e1g csaknem ezer m\u0171v\u00e9sze l\u00e9pett fel a hazai k\u00f6z\u00f6ns\u00e9g el\u0151tt. A szervez\u0151k emellett a m\u0171faj hazai kiv\u00e1l\u00f3s\u00e1gait seg\u00edtett\u00e9k abban, hogy k\u00fclf\u00f6ld\u00f6n is megismerj\u00e9k \u0151ket. Ennek eredm\u00e9nyek\u00e9nt n\u00e9gy \u00e9v alatt kilenc orsz\u00e1gban harminc koncertet adhattak a magyar zen\u00e9szek.<\/p>\n<p>            Olvasta m\u00e1r?<\/p>\n<p>                    <img decoding=\"async\" class=\"rotate-180 dark:invert\" src=\"https:\/\/ocdn.eu\/ucs\/static\/blikkhu\/e65c142d2b2ea4d33040bbfdd9f7abfc\/svg\/arrow-right.svg\" alt=\"el\u0151z\u0151\"\/><\/p>\n<p>                    <img decoding=\"async\" src=\"https:\/\/ocdn.eu\/ucs\/static\/blikkhu\/e65c142d2b2ea4d33040bbfdd9f7abfc\/svg\/arrow-right.svg\" alt=\"k\u00f6vetkez\u0151\"\/><\/p>\n<p class=\"paragraph tracking-paragraph\">\u201eJelenleg m\u00e9g magunk sem l\u00e1tjuk a d\u00f6nt\u00e9s\u00fcnk legt\u00f6bb k\u00f6vetkezm\u00e9ny\u00e9t, anyagi vonzat\u00e1t. Azonban sok bizonytalans\u00e1g ellen\u00e9re is hangs\u00falyozzuk, hogy mindent meg fogunk tenni annak \u00e9rdek\u00e9ben, hogy a jegyv\u00e1s\u00e1rl\u00f3inkat k\u00e1rtalan\u00edtsuk. Mostant\u00f3l kezdve minden er\u0151nkkel a k\u00e1rok enyh\u00edt\u00e9s\u00e9n fogunk dolgozni\u201d \u2013 \u00edrta a fesztiv\u00e1ligazgat\u00f3.<\/p>\n<p class=\"paragraph tracking-paragraph\">A JazzFest Budapesten id\u00e9n tizenk\u00e9t orsz\u00e1gb\u00f3l csaknem k\u00e9tsz\u00e1z zen\u00e9sz, k\u00f6zt\u00fck sz\u00e1mos vil\u00e1gszt\u00e1r l\u00e9pett volna sz\u00ednpadra. J\u00fanius 27-t\u0151l j\u00falius 5-ig koncertet adott volna m\u00e1sok mellett Al Di Meola, Pat Metheny, Marcus Miller \u00e9s Charles Lloyd is.<\/p>\n<p>        A Kolor\u00e1d\u00f3 Fesztiv\u00e1lt sem rendezik meg<\/p>\n<p class=\"paragraph tracking-paragraph\">Kedden der\u00fclt ki, hogy a v\u00e1ltozatos zenei k\u00edn\u00e1lata miatt n\u00e9pszer\u0171 <a href=\"https:\/\/www.blikk.hu\/aktualis\/belfold\/kolorado-fesztival-elmarad\/sqhf337\" id=\"b34eeacb-5805-4dff-ad11-fdaae3fa8bc6\" rel=\"nofollow noopener\" target=\"_blank\">Kolor\u00e1d\u00f3 Fesztiv\u00e1lt sem tartj\u00e1k meg id\u00e9n ny\u00e1ron.<\/a> Az esem\u00e9nyre K\u00e1l\u00f3zon ker\u00fclt volna sor j\u00falius k\u00f6zep\u00e9n, \u00e1m v\u00e9g\u00fcl 2027-re halasztott\u00e1k, aminek az oka els\u0151sorban gazdas\u00e1gi jelleg\u0171. A fesztiv\u00e1l kor\u00e1bban Nagykov\u00e1csi k\u00fclter\u00fclet\u00e9n, egy cserk\u00e9szparkban zajlott, csakhogy ez a lehet\u0151s\u00e9g id\u00e9n megsz\u0171nt, ami miatt a szervez\u0151knek \u00faj helysz\u00ednt kellett keresni\u00fck. A v\u00e1laszt\u00e1s a Fej\u00e9r-megyei K\u00e1l\u00f3zon l\u00e9v\u0151 Zichy-kast\u00e9lyra esett, \u00e9s nagy lelkesed\u00e9ssel v\u00e1gtak bele az el\u0151k\u00e9sz\u00fcletekbe, \u00e1m ahogy azt a szervez\u0151k a fesztiv\u00e1l k\u00f6z\u00f6ss\u00e9gi oldal\u00e1n azt \u00edrt\u00e1k, a helysz\u00edn fejleszt\u00e9s\u00e9vel \u00e9s a fesztiv\u00e1l megszervez\u00e9s\u00e9vel kapcsolatos k\u00f6lts\u00e9gek jelent\u0151sen megn\u0151ttek, mik\u00f6zben az eg\u00e9sz fesztiv\u00e1lipart s\u00fajt\u00f3 piaci neh\u00e9zs\u00e9gek is tov\u00e1bb nehez\u00edtett\u00e9k a helyzetet.<\/p>\n<p>            <a class=\"flex gap-2 px-[1px] tagArticleTemplate\"><br \/>\n                <img decoding=\"async\" class=\"shrink-0 object-cover aspect-square max-w-[134px] max-h-[134px] w-full\" src=\"\" alt=\"\"\/><\/p>\n<p>            <\/a><\/p>\n","protected":false},"excerpt":{"rendered":"Elmarad az \u00f6t\u00f6dik budapesti JazzFest, miut\u00e1n a szervez\u0151k \u2013 t\u00f6bbek k\u00f6z\u00f6tt a v\u00e1ratlanul felhalmoz\u00f3d\u00f3 k\u00f6lts\u00e9gek miatt \u2013 lemondt\u00e1k&hellip;\n","protected":false},"author":2,"featured_media":140338,"comment_status":"","ping_status":"","sticky":false,"template":"","format":"standard","meta":{"footnotes":"","_share_on_mastodon":"0"},"categories":[22],"tags":[73,4305,13444,6985,44,42,40,43,41,308],"class_list":["post-140337","post","type-post","status-publish","format-standard","has-post-thumbnail","category-budapest","tag-budapest","tag-dragulas","tag-elmarad","tag-fesztival","tag-hu","tag-hungarian","tag-hungary","tag-magyar","tag-magyarorszag","tag-szolj-hozza"],"share_on_mastodon":{"url":"https:\/\/pubeurope.com\/@hu\/116764343497790684","error":""},"_links":{"self":[{"href":"https:\/\/www.europesays.com\/hu\/wp-json\/wp\/v2\/posts\/140337","targetHints":{"allow":["GET"]}}],"collection":[{"href":"https:\/\/www.europesays.com\/hu\/wp-json\/wp\/v2\/posts"}],"about":[{"href":"https:\/\/www.europesays.com\/hu\/wp-json\/wp\/v2\/types\/post"}],"author":[{"embeddable":true,"href":"https:\/\/www.europesays.com\/hu\/wp-json\/wp\/v2\/users\/2"}],"replies":[{"embeddable":true,"href":"https:\/\/www.europesays.com\/hu\/wp-json\/wp\/v2\/comments?post=140337"}],"version-history":[{"count":0,"href":"https:\/\/www.europesays.com\/hu\/wp-json\/wp\/v2\/posts\/140337\/revisions"}],"wp:featuredmedia":[{"embeddable":true,"href":"https:\/\/www.europesays.com\/hu\/wp-json\/wp\/v2\/media\/140338"}],"wp:attachment":[{"href":"https:\/\/www.europesays.com\/hu\/wp-json\/wp\/v2\/media?parent=140337"}],"wp:term":[{"taxonomy":"category","embeddable":true,"href":"https:\/\/www.europesays.com\/hu\/wp-json\/wp\/v2\/categories?post=140337"},{"taxonomy":"post_tag","embeddable":true,"href":"https:\/\/www.europesays.com\/hu\/wp-json\/wp\/v2\/tags?post=140337"}],"curies":[{"name":"wp","href":"https:\/\/api.w.org\/{rel}","templated":true}]}}