{"id":140399,"date":"2026-06-17T08:42:06","date_gmt":"2026-06-17T08:42:06","guid":{"rendered":"https:\/\/www.europesays.com\/hu\/140399\/"},"modified":"2026-06-17T08:42:06","modified_gmt":"2026-06-17T08:42:06","slug":"elmarad-a-jazzfest-budapest-fidelio-hu","status":"publish","type":"post","link":"https:\/\/www.europesays.com\/hu\/140399\/","title":{"rendered":"Elmarad a Jazzfest Budapest &#8211; Fidelio.hu"},"content":{"rendered":"<p>\n                        A fesztiv\u00e1l a t\u00e1mogat\u00e1s hi\u00e1ny\u00e1val \u00e9s az Erkel Sz\u00ednh\u00e1z elveszt\u00e9s\u00e9vel indokolta, hogy nem tudj\u00e1k megrendezni az id\u00e9n j\u00fanius 27. \u00e9s j\u00falius 5. k\u00f6z\u00e9 tervezett koncertsorozatot.                                            <\/p>\n<p>\u201eAz elm\u00falt napokban minden lehet\u0151s\u00e9get megvizsg\u00e1ltunk, kerest\u00fcnk r\u00f6vid- \u00e9s hossz\u00fa t\u00e1v\u00fa megold\u00e1st is, azonban nem j\u00e1rtunk sikerrel. Be kellett l\u00e1ssuk, hogy a fesztiv\u00e1l finansz\u00edrozhatatlann\u00e1 v\u00e1lt.<\/p>\n<p>A nagyobb k\u00e1rok elker\u00fcl\u00e9se \u00e9rdek\u00e9ben ma este meg kellett hoznunk a szomor\u00fa \u00e9s rendk\u00edv\u00fcl f\u00e1jdalmas d\u00f6nt\u00e9st: lemondjuk a Jazzfest Budapest 2026 Fesztiv\u00e1lt<\/p>\n<p>\u2013 tette k\u00f6zz\u00e9 Kleb Attila fesztiv\u00e1ligazgat\u00f3.<\/p>\n<p>A k\u00f6zlem\u00e9ny kiemeli azokat a neh\u00e9zs\u00e9geket, amelyekkel a rendezv\u00e9nynek szembe kellett n\u00e9znie: az\u00e1ltal, hogy az Erkel Sz\u00ednh\u00e1zat \u00faj \u00fczemeltet\u0151je nem k\u00edv\u00e1nja b\u00e9rbe adni, elvesz\u00edtett\u00e9k f\u0151 helysz\u00edn\u00fcket. A f\u0151v\u00e1ros ugyan rendelkez\u00e9s\u00fckre bocs\u00e1totta a V\u00e1rosh\u00e1za parkot, \u00e1m ezzel nem old\u00f3dott meg minden probl\u00e9ma: \u201eItt viszont sz\u00ednpadot, n\u00e9z\u0151teret, lel\u00e1t\u00f3t kell \u00e9p\u00edteni, \u00e9s minden egy\u00e9b szolg\u00e1ltat\u00e1st biztos\u00edtani kell.<\/p>\n<p>Ezek elk\u00e9peszt\u0151en magas \u00f6sszegek, \u00e9s r\u00e1ad\u00e1sul a k\u00fclf\u00f6ldi fell\u00e9p\u0151k honor\u00e1rium\u00e1n \u00e9s utaz\u00e1si k\u00f6lts\u00e9gein k\u00edv\u00fcl, ezeket is el\u0151re kell finansz\u00edrozni.<\/p>\n<p>Jelen helyzetben, amikor a p\u00e9nz\u00fcgyi t\u00e1mogat\u00e1s kinull\u00e1z\u00f3dott, mindent a jegy\u00e9rt\u00e9kes\u00edt\u00e9sb\u0151l kell finansz\u00edrozni. Ez azonban nagyon messze elmaradt a v\u00e1rhat\u00f3t\u00f3l, a teljes jegykontingens mind\u00f6ssze 26-27%-a tal\u00e1lt vev\u0151re\u201d \u2013 \u00edrta.<\/p>\n<p>A k\u00f6zlem\u00e9ny arra is kit\u00e9r, hogy b\u00e1r a szervez\u0151k m\u00e9g nem l\u00e1tj\u00e1k d\u00f6nt\u00e9s\u00fck anyagi k\u00f6vetkezm\u00e9nyeit, megtesznek mindent, hogy jegyv\u00e1s\u00e1rl\u00f3ikat k\u00e1rtalan\u00edts\u00e1k.<\/p>\n<p style=\"text-align: right;\">Fejl\u00e9ck\u00e9p:\u00a0A Symbiosis 5 koncertje a 2025-\u00f6s JazzFest Budapesten (fot\u00f3\/forr\u00e1s:\u00a0Kallus Gy\u00f6rgy \/ JazzFest Budapest)<\/p>\n","protected":false},"excerpt":{"rendered":"A fesztiv\u00e1l a t\u00e1mogat\u00e1s hi\u00e1ny\u00e1val \u00e9s az Erkel Sz\u00ednh\u00e1z elveszt\u00e9s\u00e9vel indokolta, hogy nem tudj\u00e1k megrendezni az id\u00e9n j\u00fanius&hellip;\n","protected":false},"author":2,"featured_media":140400,"comment_status":"","ping_status":"","sticky":false,"template":"","format":"standard","meta":{"footnotes":"","_share_on_mastodon":"0"},"categories":[22],"tags":[73,13444,6985,942,44,42,40,8448,43,41],"class_list":["post-140399","post","type-post","status-publish","format-standard","has-post-thumbnail","category-budapest","tag-budapest","tag-elmarad","tag-fesztival","tag-hir","tag-hu","tag-hungarian","tag-hungary","tag-jazzfest-budapest","tag-magyar","tag-magyarorszag"],"share_on_mastodon":{"url":"https:\/\/pubeurope.com\/@hu\/116764563774829753","error":""},"_links":{"self":[{"href":"https:\/\/www.europesays.com\/hu\/wp-json\/wp\/v2\/posts\/140399","targetHints":{"allow":["GET"]}}],"collection":[{"href":"https:\/\/www.europesays.com\/hu\/wp-json\/wp\/v2\/posts"}],"about":[{"href":"https:\/\/www.europesays.com\/hu\/wp-json\/wp\/v2\/types\/post"}],"author":[{"embeddable":true,"href":"https:\/\/www.europesays.com\/hu\/wp-json\/wp\/v2\/users\/2"}],"replies":[{"embeddable":true,"href":"https:\/\/www.europesays.com\/hu\/wp-json\/wp\/v2\/comments?post=140399"}],"version-history":[{"count":0,"href":"https:\/\/www.europesays.com\/hu\/wp-json\/wp\/v2\/posts\/140399\/revisions"}],"wp:featuredmedia":[{"embeddable":true,"href":"https:\/\/www.europesays.com\/hu\/wp-json\/wp\/v2\/media\/140400"}],"wp:attachment":[{"href":"https:\/\/www.europesays.com\/hu\/wp-json\/wp\/v2\/media?parent=140399"}],"wp:term":[{"taxonomy":"category","embeddable":true,"href":"https:\/\/www.europesays.com\/hu\/wp-json\/wp\/v2\/categories?post=140399"},{"taxonomy":"post_tag","embeddable":true,"href":"https:\/\/www.europesays.com\/hu\/wp-json\/wp\/v2\/tags?post=140399"}],"curies":[{"name":"wp","href":"https:\/\/api.w.org\/{rel}","templated":true}]}}