{"id":140421,"date":"2026-06-17T09:01:10","date_gmt":"2026-06-17T09:01:10","guid":{"rendered":"https:\/\/www.europesays.com\/hu\/140421\/"},"modified":"2026-06-17T09:01:10","modified_gmt":"2026-06-17T09:01:10","slug":"oscar-dijas-film-erkezik-a-disney-ra","status":"publish","type":"post","link":"https:\/\/www.europesays.com\/hu\/140421\/","title":{"rendered":"Oscar-d\u00edjas film \u00e9rkezik a Disney+-ra"},"content":{"rendered":"<p align=\"LEFT\">J\u00fanius 24-t\u0151l kiz\u00e1r\u00f3lag a Disney+ k\u00edn\u00e1lat\u00e1ban l\u00e1that\u00f3 az Oscar-d\u00edjas \u201eAvatar\u201d- saga leg\u00fajabb fejezete, az \u201eAvatar: T\u0171z \u00e9s hamu\u201d (Avatar: Fire and Ash). James Cameron rendez\u00e9se a tavaly decemberi mozipremierje \u00f3ta vil\u00e1gszerte 1,48 milli\u00e1rd doll\u00e1ros bev\u00e9telt produk\u00e1lt, \u00e9s a vizu\u00e1lis effektusok kateg\u00f3ri\u00e1j\u00e1ban az Oscar-d\u00edjat is elnyerte.<\/p>\n<p align=\"LEFT\">Pandora l\u00e9legzetel\u00e1ll\u00edt\u00f3 vil\u00e1g\u00e1ba visz vissza az \u201eAvatar: T\u0171z \u00e9s hamu\u201d, amely ism\u00e9t a Sully csal\u00e1d \u00e1ll: a harmadik felvon\u00e1sban tov\u00e1bb k\u00f6vethetj\u00fck az egykori tenger\u00e9szgyalogosb\u00f3l lett na&#8217;vi vezet\u0151, Jake Sully (Sam Worthington) \u00e9s Neytiri (Zoe Salda\u00f1a) sors\u00e1t.<\/p>\n<p align=\"LEFT\">A Sully csal\u00e1d a Metkayina kl\u00e1n befogadottjak\u00e9nt Pandora fest\u0151i korallz\u00e1tonyai k\u00f6z\u00f6tt \u00e9l. Mik\u00f6zben m\u00e9g mindig az RDA miatt elvesz\u00edtett csal\u00e1dtagjukat gy\u00e1szolj\u00e1k, egy \u00fajabb szerett\u00fck ker\u00fcl vesz\u00e9lybe, \u00edgy mindent megtesznek a v\u00e9delm\u00e9ben. \u00datjuk sor\u00e1n a b\u00e9k\u00e9s Tlalim kl\u00e1n tagjai \u2013 az eget k\u00fcl\u00f6nleges l\u00e9gi haj\u00f3ikkal szel\u0151 \u201eSz\u00e9lkeresked\u0151k\u201d \u2013 sietnek a seg\u00edts\u00e9g\u00fckre. K\u00fcldet\u00e9s\u00fck azonban vesz\u00e9lybe ker\u00fcl, amikor a Mangkwan kl\u00e1n, vagyis a Hamu N\u00e9pe v\u00e1ratlanul r\u00e1juk t\u00e1mad. A harcias kl\u00e1n tagjai ugyanis Eyw\u00e1t hib\u00e1ztatj\u00e1k az\u00e9rt a puszt\u00edt\u00e1s\u00e9rt, amelyet egy vulk\u00e1nkit\u00f6r\u00e9s v\u00e9gzett egykori otthonukban.<\/p>\n<p align=\"LEFT\">A film rendez\u0151je James Cameron, a forgat\u00f3k\u00f6nyvet James Cameron, Rick Jaffa \u00e9s Amanda Silver jegyzi, az alapt\u00f6rt\u00e9neten pedig James Cameron, Rick Jaffa, Amanda Silver, Josh Friedman \u00e9s Shane Salerno dolgozott. A film producerei James Cameron \u00e9s Jon Landau, m\u00edg executive producerk\u00e9nt Richard Baneham, Rae Sanchini \u00e9s David Valdes m\u0171k\u00f6dtek k\u00f6zre.<\/p>\n<p align=\"LEFT\">A filmben szerepel Sam Worthington, Zoe Salda\u00f1a, Sigourney Weaver, Stephen Lang, Osonna Chaplin, Cliff Curtis, Joel David Moore, CCH Pounder, Edie Falco, David Thewlis, Jemaine Clement, Giovanni Ribisi, Britain Dalton, Jamie Flatters, Trinity Jo-Li Bliss, Jack Champion, Brendan Cowell, Bailey Bass, Filip Geljo, Duane Evans Jr. \u00e9s Kate Winslet.<\/p>\n<p align=\"LEFT\">A film izgalmas cselekm\u00e9ny\u00e9vel, l\u00e1tv\u00e1nyvil\u00e1g\u00e1val \u00e9s felejthetetlen szerepl\u0151ivel egyar\u00e1nt elnyerte a rajong\u00f3k \u00e9s a kritikusok elismer\u00e9s\u00e9t. A filmet k\u00fcl\u00f6n\u00f6sen a forradalmi vizu\u00e1lis effektusok, Pandora eddig ismeretlen, k\u00e1pr\u00e1zatos t\u00e1jai \u00e9s a most bemutatkoz\u00f3 k\u00fcl\u00f6nleges l\u00e9nyek tett\u00e9k eml\u00e9kezetess\u00e9. A meghat\u00f3 \u00e9s mag\u00e1val ragad\u00f3 t\u00f6rt\u00e9net az eg\u00e9sz vil\u00e1got megh\u00f3d\u00edtotta: a film \u00f6t egym\u00e1st k\u00f6vet\u0151 h\u00e9ten \u00e1t vezette az \u00e9szak-amerikai mozis toplist\u00e1kat.<\/p>\n<p align=\"LEFT\">Az \u00faj r\u00e9sz a Disney+ gazdag Avatar-gy\u0171jtem\u00e9ny\u00e9t gyarap\u00edtja, \u00edgy az el\u0151fizet\u0151k j\u00fanius 24-t\u0151l az els\u0151 k\u00e9t kasszasiker mellett a \u201eT\u0171z \u00e9s v\u00edz: \u00cdgy k\u00e9sz\u00fcltek az Avatar-filmek\u201d c\u00edm\u0171 kulissz\u00e1k m\u00f6g\u00f6tti dokumentumfilmet is megn\u00e9zhetik.<\/p>\n","protected":false},"excerpt":{"rendered":"J\u00fanius 24-t\u0151l kiz\u00e1r\u00f3lag a Disney+ k\u00edn\u00e1lat\u00e1ban l\u00e1that\u00f3 az Oscar-d\u00edjas \u201eAvatar\u201d- saga leg\u00fajabb fejezete, az \u201eAvatar: T\u0171z \u00e9s hamu\u201d&hellip;\n","protected":false},"author":2,"featured_media":140422,"comment_status":"","ping_status":"","sticky":false,"template":"","format":"standard","meta":{"footnotes":"","_share_on_mastodon":"0"},"categories":[17],"tags":[17275,3748,137,167,160,44,42,40,43,41,159,166,4456,1237,138],"class_list":["post-140421","post","type-post","status-publish","format-standard","has-post-thumbnail","category-filmek","tag-avatar-tuz-es-hamu","tag-disney","tag-entertainment","tag-film","tag-filmek","tag-hu","tag-hungarian","tag-hungary","tag-magyar","tag-magyarorszag","tag-movie","tag-mozi","tag-oscar-dij","tag-streaming","tag-szorakozas"],"share_on_mastodon":{"url":"https:\/\/pubeurope.com\/@hu\/116764638391714579","error":""},"_links":{"self":[{"href":"https:\/\/www.europesays.com\/hu\/wp-json\/wp\/v2\/posts\/140421","targetHints":{"allow":["GET"]}}],"collection":[{"href":"https:\/\/www.europesays.com\/hu\/wp-json\/wp\/v2\/posts"}],"about":[{"href":"https:\/\/www.europesays.com\/hu\/wp-json\/wp\/v2\/types\/post"}],"author":[{"embeddable":true,"href":"https:\/\/www.europesays.com\/hu\/wp-json\/wp\/v2\/users\/2"}],"replies":[{"embeddable":true,"href":"https:\/\/www.europesays.com\/hu\/wp-json\/wp\/v2\/comments?post=140421"}],"version-history":[{"count":0,"href":"https:\/\/www.europesays.com\/hu\/wp-json\/wp\/v2\/posts\/140421\/revisions"}],"wp:featuredmedia":[{"embeddable":true,"href":"https:\/\/www.europesays.com\/hu\/wp-json\/wp\/v2\/media\/140422"}],"wp:attachment":[{"href":"https:\/\/www.europesays.com\/hu\/wp-json\/wp\/v2\/media?parent=140421"}],"wp:term":[{"taxonomy":"category","embeddable":true,"href":"https:\/\/www.europesays.com\/hu\/wp-json\/wp\/v2\/categories?post=140421"},{"taxonomy":"post_tag","embeddable":true,"href":"https:\/\/www.europesays.com\/hu\/wp-json\/wp\/v2\/tags?post=140421"}],"curies":[{"name":"wp","href":"https:\/\/api.w.org\/{rel}","templated":true}]}}