{"id":140423,"date":"2026-06-17T09:02:08","date_gmt":"2026-06-17T09:02:08","guid":{"rendered":"https:\/\/www.europesays.com\/hu\/140423\/"},"modified":"2026-06-17T09:02:08","modified_gmt":"2026-06-17T09:02:08","slug":"kult-nem-tartjak-meg-az-idei-jazzfest-fesztivalt-amin-al-di-meola-is-fellepett-volna","status":"publish","type":"post","link":"https:\/\/www.europesays.com\/hu\/140423\/","title":{"rendered":"Kult: Nem tartj\u00e1k meg az idei Jazzfest fesztiv\u00e1lt, amin Al Di Meola is fell\u00e9pett volna"},"content":{"rendered":"<p>\u201eBe kellett l\u00e1ssuk, hogy a fesztiv\u00e1l finansz\u00edrozhatatlann\u00e1 v\u00e1lt\u201d &#8211; <a href=\"https:\/\/jazzfestbudapest.hu\/\" target=\"_blank\" rel=\"nofollow noopener\">\u00edrj\u00e1k k\u00f6zlem\u00e9ny\u00fckben <\/a>a Jazzfest szervez\u0151i.<\/p>\n<p>T\u00e1j\u00e9koztat\u00e1suk szerint \u00e9vek \u00f3ta k\u00fczdenek a t\u00e1mogat\u00e1sok hi\u00e1ny\u00e1val, azok minim\u00e1lis volumen\u00e9vel. Az eddigi n\u00e9gy fesztiv\u00e1lt 90-95%-ban a jegyelad\u00e1sokb\u00f3l val\u00f3s\u00edtott\u00e1k meg.<\/p>\n<p>2026-ban az\u00e1ltal, hogy az Erkel Sz\u00ednh\u00e1zat elvett\u00e9k a kor\u00e1bbi \u00fczemeltet\u0151j\u00e9t\u0151l, az Oper\u00e1t\u00f3l, \u00e9s az \u00fajak nem k\u00edv\u00e1nj\u00e1k b\u00e9rbe adni, elvesztett\u00fck a f\u0151 j\u00e1tsz\u00f3 hely\u00fcnket, ez\u00e9rt k\u00e9nytelenek voltunk alternat\u00edv megold\u00e1st keresni, hogy a fesztiv\u00e1lt folytathassuk. A F\u0151v\u00e1ros seg\u00edt\u0151 kezet ny\u00fajtott, megkaptuk a V\u00e1rosh\u00e1za Parkot. Itt viszont sz\u00ednpadot, n\u00e9z\u0151teret, lel\u00e1t\u00f3t kell \u00e9p\u00edteni, \u00e9s minden egy\u00e9b szolg\u00e1ltat\u00e1st biztos\u00edtani kell. Ezek elk\u00e9peszt\u0151en magas \u00f6sszegek, \u00e9s r\u00e1ad\u00e1sul a k\u00fclf\u00f6ldi fell\u00e9p\u0151k honor\u00e1rium\u00e1n \u00e9s utaz\u00e1si k\u00f6lts\u00e9gein k\u00edv\u00fcl, ezeket is el\u0151re kell finansz\u00edrozni. Jelen helyzetben, amikor a p\u00e9nz\u00fcgyi t\u00e1mogat\u00e1s kinull\u00e1z\u00f3dott, mindent a jegy\u00e9rt\u00e9kes\u00edt\u00e9sb\u0151l kell finansz\u00edrozni. Ez azonban nagyon messze elmaradt a v\u00e1rhat\u00f3t\u00f3l, a teljes jegykontingens mind\u00f6ssze 26-27%-a tal\u00e1lt vev\u0151re. Ezen k\u00edv\u00fcl az eg\u00e9sz rendezv\u00e9nyszervez\u0151 szektort \u00e9rint\u0151, a k\u00f6zelm\u00falt esem\u00e9nyei \u00e1ltal gener\u00e1lt probl\u00e9m\u00e1k is jelent\u0151sen nehez\u00edtett\u00e9k a munk\u00e1nkat<\/p>\n<p>\u2013 \u00edrj\u00e1k.<\/p>\n<p>A fentiek f\u00e9ny\u00e9ben arra jutottak, hogy nem tudj\u00e1k megtartani id\u00e9n a fesztiv\u00e1lt, ahol olyan nagys\u00e1gok l\u00e9ptek volna fel, mint Al Di Meola, vagy Terence Blanchard.<\/p>\n<p>Az elm\u00falt napokban minden lehet\u0151s\u00e9get megvizsg\u00e1ltunk, kerest\u00fcnk r\u00f6vid- \u00e9s hossz\u00fat\u00e1v\u00fa megold\u00e1st is, azonban nem j\u00e1rtunk sikerrel. Be kellett l\u00e1ssuk, hogy a fesztiv\u00e1l finansz\u00edrozhatatlann\u00e1 v\u00e1lt. A nagyobb k\u00e1rok elker\u00fcl\u00e9se \u00e9rdek\u00e9ben ma este meg kellett hoznunk a szomor\u00fa \u00e9s rendk\u00edv\u00fcl f\u00e1jdalmas d\u00f6nt\u00e9st: lemondjuk a Jazzfest Budapest 2026 Fesztiv\u00e1lt.<\/p>\n<p>\u2013 \u00edrj\u00e1k a szervez\u0151k, akik mostant\u00f3l a k\u00e1rok enyh\u00edt\u00e9s\u00e9re koncentr\u00e1lnak.<\/p>\n<p>Jelenleg m\u00e9g magunk sem l\u00e1tjuk d\u00f6nt\u00e9s\u00fcnk legt\u00f6bb k\u00f6vetkezm\u00e9ny\u00e9t, anyagi vonzat\u00e1t. Azonban sok bizonytalans\u00e1g ellen\u00e9re is hangs\u00falyozzuk, hogy mindent meg fogunk tenni annak \u00e9rdek\u00e9ben, hogy a jegyv\u00e1s\u00e1rl\u00f3inkat k\u00e1rtalan\u00edtsuk<\/p>\n<p>&#8211; teszik hozz\u00e1.<\/p>\n<p> <a href=\"https:\/\/hvg.hu\/360\/20260608_al-di-meola-interju-orban-viktor-rossz-dolgot-tett\" target=\"_self\" rel=\"nofollow noopener\"> <\/p>\n<p>https:\/\/hvg.hu\/360\/20260608_al-di-meola-interju-orban-viktor-rossz-dolgot-tett<\/p>\n<p>Nyit\u00f3k\u00e9p: Al Di Meola<\/p>\n","protected":false},"excerpt":{"rendered":"\u201eBe kellett l\u00e1ssuk, hogy a fesztiv\u00e1l finansz\u00edrozhatatlann\u00e1 v\u00e1lt\u201d &#8211; \u00edrj\u00e1k k\u00f6zlem\u00e9ny\u00fckben a Jazzfest szervez\u0151i. T\u00e1j\u00e9koztat\u00e1suk szerint \u00e9vek \u00f3ta&hellip;\n","protected":false},"author":2,"featured_media":140424,"comment_status":"","ping_status":"","sticky":false,"template":"","format":"standard","meta":{"footnotes":"","_share_on_mastodon":"0"},"categories":[16],"tags":[9226,13444,137,6985,44,42,40,1640,43,41,138,177],"class_list":["post-140423","post","type-post","status-publish","format-standard","has-post-thumbnail","category-szorakozas","tag-al-di-meola","tag-elmarad","tag-entertainment","tag-fesztival","tag-hu","tag-hungarian","tag-hungary","tag-jazz","tag-magyar","tag-magyarorszag","tag-szorakozas","tag-zene"],"share_on_mastodon":{"url":"https:\/\/pubeurope.com\/@hu\/116764642093607786","error":""},"_links":{"self":[{"href":"https:\/\/www.europesays.com\/hu\/wp-json\/wp\/v2\/posts\/140423","targetHints":{"allow":["GET"]}}],"collection":[{"href":"https:\/\/www.europesays.com\/hu\/wp-json\/wp\/v2\/posts"}],"about":[{"href":"https:\/\/www.europesays.com\/hu\/wp-json\/wp\/v2\/types\/post"}],"author":[{"embeddable":true,"href":"https:\/\/www.europesays.com\/hu\/wp-json\/wp\/v2\/users\/2"}],"replies":[{"embeddable":true,"href":"https:\/\/www.europesays.com\/hu\/wp-json\/wp\/v2\/comments?post=140423"}],"version-history":[{"count":0,"href":"https:\/\/www.europesays.com\/hu\/wp-json\/wp\/v2\/posts\/140423\/revisions"}],"wp:featuredmedia":[{"embeddable":true,"href":"https:\/\/www.europesays.com\/hu\/wp-json\/wp\/v2\/media\/140424"}],"wp:attachment":[{"href":"https:\/\/www.europesays.com\/hu\/wp-json\/wp\/v2\/media?parent=140423"}],"wp:term":[{"taxonomy":"category","embeddable":true,"href":"https:\/\/www.europesays.com\/hu\/wp-json\/wp\/v2\/categories?post=140423"},{"taxonomy":"post_tag","embeddable":true,"href":"https:\/\/www.europesays.com\/hu\/wp-json\/wp\/v2\/tags?post=140423"}],"curies":[{"name":"wp","href":"https:\/\/api.w.org\/{rel}","templated":true}]}}