{"id":141438,"date":"2026-06-18T06:23:15","date_gmt":"2026-06-18T06:23:15","guid":{"rendered":"https:\/\/www.europesays.com\/hu\/141438\/"},"modified":"2026-06-18T06:23:15","modified_gmt":"2026-06-18T06:23:15","slug":"index-futball-futball-vb-2026-146","status":"publish","type":"post","link":"https:\/\/www.europesays.com\/hu\/141438\/","title":{"rendered":"Index &#8211; Futball &#8211; Futball-vb 2026"},"content":{"rendered":"<p>Az L jel\u0171 kvartett k\u00fczdelmeit az eg\u00e9sz csoportk\u00f6r egyik sl\u00e1germeccsek\u00e9nt beharangozott angol\u2013horv\u00e1t \u00f6sszecsap\u00e1s ind\u00edtotta el szerda este, <a href=\"https:\/\/index.hu\/sport\/futball\/2026\/vb\/2026\/06\/18\/futball-vilagbajnoksag-2026-l-csoport-1.-fordulo-anglia-horvatorszag-osszefoglalo\/\" id=\"hyperlink_cab94251c797e323f3894cfeb9efba90\" target=\"_blank\" title=\"Az id\u0151nk\u00e9nt \u0171rfutballt bemutat\u00f3 Anglia a bronz\u00e9rmes ellen megmutatta, mi\u00e9rt is sz\u00e1m\u00edt a vb egyik f\u0151 favoritj\u00e1nak\" data-recommendation=\"bekezdes_utan\" data-recommendation-preview=\"{&quot;og:title&quot;:&quot;Az id\\u0151nk\u00e9nt \\u0171rfutballt bemutat\u00f3 Anglia a bronz\u00e9rmes ellen megmutatta, mi\u00e9rt is sz\u00e1m\u00edt a vb egyik f\\u0151 favoritj\u00e1nak&quot;,&quot;og:description&quot;:&quot;Pedig a horv\u00e1tok kapusa h\u00e9t \u00fajabb g\u00f3lt is megakad\u00e1lyozott...&quot;,&quot;og:image&quot;:&quot;\\\/\\\/kep.cdn.indexvas.hu\\\/1\\\/0\\\/6998\\\/69989\\\/699894\\\/69989477_5163891_30bb11e03f3a959594d1da30ff188078_wm.jpg&quot;}\" data-recommendation-id=\"6228961\" rel=\"nofollow noopener\">amelyen vb-es\u00e9lyeshez m\u00e9lt\u00f3 j\u00e1t\u00e9kkal rukkoltak el\u0151 Thomas Tuchel\u00e9k<\/a>.<\/p>\n<p>A n\u00e9gyes m\u00e1sik m\u00e9rk\u0151z\u00e9se el\u0151tt legink\u00e1bb a gh\u00e1naiak egyik legjobbj\u00e1nak, <a href=\"https:\/\/index.hu\/sport\/futball\/2026\/vb\/2026\/06\/17\/vb-2026-kanada-ghanai-valogatott-thomas-partey-vizumkerelem-belepes-megtiltasa\/\" id=\"hyperlink_0355be14eaa48e47da54fb02ef0642f5\" target=\"_blank\" title=\"Elutas\u00edtott\u00e1k a k\u00e9relmet, nem j\u00e1tszhat a vb-nyit\u00e1nyon a nemi er\u0151szakkal v\u00e1dolt futballista\" rel=\"nofollow noopener\">Thomas Partey-nak a kanadai kitilt\u00e1s\u00e1r\u00f3l lehetett olvasni<\/a>, miut\u00e1n a nemi er\u0151szakkal v\u00e1dolt j\u00e1t\u00e9kost fellebbez\u00e9s ut\u00e1n sem engedt\u00e9k be a hat\u00f3s\u00e1gok az orsz\u00e1g ter\u00fclet\u00e9re.<\/p>\n<p>\n                          Az afrikai nemzet a Panama elleni nyit\u00f3meccsen mindezek ennek ellen\u00e9re is es\u00e9lyesk\u00e9nt l\u00e9phetett p\u00e1ly\u00e1ra cs\u00fct\u00f6rt\u00f6k hajnalban, b\u00e1r az els\u0151 f\u00e9lid\u0151ben gyakorlatilag semmit nem mutatott a p\u00e1ly\u00e1n, s\u0151t, a Manchester Cityt er\u0151s\u00edt\u0151 Antoine Semenyo nev\u00e9vel f\u00e9mjelzett egy\u00fcttes m\u00e9g csak kapura l\u00f6v\u00e9sig sem jutott el k\u00f6z\u00e9p-amerikai ellenfele ellen, amely jelent\u0151s f\u00f6l\u00e9nyben (36:64) futballozott az els\u0151 45 percben.\n                        <\/p>\n<p>A m\u00e1sodik j\u00e1t\u00e9kr\u00e9szben azt\u00e1n fordult a kocka, a labdabirtokl\u00e1ssal tov\u00e1bbra is hadil\u00e1bon \u00e1ll\u00f3 Gh\u00e1na m\u00e1r helyzetekig is eljutott, a kihagyott panamai lehet\u0151s\u00e9geket megbosszulva pedig a 95. percben Caleb Yirenkyi\u00a0el is d\u00f6nt\u00f6tte a tal\u00e1lkoz\u00f3t, valamint a h\u00e1rom pont sors\u00e1t.<\/p>\n<p>A csoportk\u00f6r els\u0151 fordul\u00f3j\u00e1nak utols\u00f3 tal\u00e1lkoz\u00f3j\u00e1n az \u00fajonc \u00fczb\u00e9gek l\u00e9ptek p\u00e1ly\u00e1ra Kolumbia ellen. A K csoport k\u00e9t nemzete annak tudat\u00e1ban s\u00e9t\u00e1lhatott ki a gyepre, hogy <a href=\"https:\/\/index.hu\/sport\/futball\/2026\/vb\/2026\/06\/17\/queens-szurkoloi-zona-portugalia-kongo-cristiano-ronaldo-vb-metutatkozasa-amerikai-reakciok-riport\/\" id=\"hyperlink_9c229ae4baf4a5e084a098444f034876\" target=\"_blank\" title=\"Ronaldo be\u00e9rte Messi egyik rekordj\u00e1t, egyebekben azonban nem tudott fel\u00e9rni nagy riv\u00e1lis\u00e1hoz a vb-rajtj\u00e1n\" data-recommendation=\"bekezdes_utan\" data-recommendation-preview=\"{\" og:title=\"\" rel=\"nofollow noopener\">Portug\u00e1lia nagy meglepet\u00e9sre csak ikszelni tudott a Kong\u00f3i DK-val<\/a>, \u00edgy egy gy\u0151zelemmel a csoport \u00e9l\u00e9re lehetett ugrani.<\/p>\n<p>\n                          A m\u00e9rk\u0151z\u00e9sen ahogy v\u00e1rhat\u00f3 volt, j\u00f3r\u00e9szt a d\u00e9l-amerikaik domin\u00e1ltak (39:61), az els\u0151 f\u00e9lid\u0151ben r\u00e1ad\u00e1sul ord\u00edt\u00f3an nagy volt a kontraszt a k\u00e9t csapat k\u00f6z\u00f6tt, James Rodr\u00edguez\u00e9k h\u00e9t, m\u00edg a k\u00f6z\u00e9p-\u00e1zsiai orsz\u00e1g csup\u00e1n egy pr\u00f3b\u00e1lkoz\u00e1st jegyezhetett fel, \u00edgy nem is volt meglep\u0151, hogy Daniel Munoz g\u00f3lj\u00e1val Kolumbia mehetett el\u0151nnyel a f\u00e9lidei pihen\u0151re.\n                        <\/p>\n<p>\n                          A m\u00e1sodik 45 percre kiegyenl\u00edt\u0151d\u00f6tt a j\u00e1t\u00e9k, ami nemcsak \u00fczb\u00e9g helyzeteket, de\u00a0Abbosbek Fayzullayev r\u00e9v\u00e9n m\u00e1r egyenl\u00edt\u00e9st jelentett a feh\u00e9rmezesek sz\u00e1m\u00e1ra a 60. percben.\u00a0\n                        <\/p>\n<p>\u00c1m miel\u0151tt m\u00e9g belek\u00e9nyelmesedhetett volna a tal\u00e1lkoz\u00f3ba az \u00fajonc, a kolumbiai csapat legnagyobb szt\u00e1rja, Luis D\u00edaz egy labdaveszt\u00e9s ut\u00e1n csapott le\u00a0Utkir Yusupov kapuj\u00e1ra \u00f6t perccel k\u00e9s\u0151bb, majd hi\u00e1ba t\u00e1madt az egy pont\u00e9rt \u00dczbegiszt\u00e1n, Jaminton Campaz hosszabb\u00edt\u00e1sban szerzett g\u00f3lj\u00e1val v\u00e9g\u00fcl eld\u0151lt a tal\u00e1lkoz\u00f3.<\/p>\n<p>                        Labdar\u00fag\u00f3-vil\u00e1gbajnoks\u00e1g 2026, csoportk\u00f6r, 1. fordul\u00f3<\/p>\n<p>\n                          L csoport\n                        <\/p>\n<p>                        Gh\u00e1na\u2013Panama 1\u20130\u00a0(Yirenkyi 90+5.)<\/p>\n<p>                        Anglia\u2013Horv\u00e1torsz\u00e1g 4\u20132\u00a0(Kane 12., 42. \u2013 az els\u0151t 11-esb\u0151l, Bellingham 47., Rashford 85., ill. Baturina 36., Musa 45+5.)\u00a0<\/p>\n<p>\n                          K csoport\n                        <\/p>\n<p>                        \u00dczbegiszt\u00e1n\u2013Kolumbia 1\u20133 (Fayzullayev 60., ill., D. Munoz 40., L. D\u00edaz 65., Campaz 90+9.)<\/p>\n<p>                        Portug\u00e1lia\u2013Kong\u00f3i DK 1\u20131\u00a0(Joao Neves 6., ill. Wissa 45+5.)<\/p>\n<p>\n                          <a href=\"https:\/\/dex.hu\/x.php?id=index_sport_cikklink&amp;url=https%3A%2F%2Findex.hu%2Fsport%2Ffutball%2F2026%2Fvb%2F\" id=\"hyperlink_d9a7aeaa85334bc3b6711d3ca7a39b2d\" target=\"_blank\" rel=\"nofollow noopener\">B\u00f6ng\u00e9ssze az Index vil\u00e1gbajnoki mell\u00e9klet\u00e9t<\/a>, ahol a cikkek mellett megtal\u00e1lja a menetrendet, a csoportok \u00e1ll\u00e1s\u00e1t, a j\u00e1t\u00e9koskereteket, a csapatle\u00edr\u00e1sokat \u00e9s a helysz\u00edneket is. J\u00e1t\u00e9kunkban megtippelheti a vb-gy\u0151ztest, v\u00e1rakoz\u00e1sait a k\u00f6z\u00f6ss\u00e9gi m\u00e9di\u00e1ban is megoszthatja.\n                        <\/p>\n<p>\n                          Tartsanak vel\u00fcnk t\u00f6bb mint egy h\u00f3napon \u00e1t, hiszen helysz\u00edni tud\u00f3s\u00edt\u00f3nk rendszeresen exkluz\u00edv tartalmakkal jelentkezik a tengerent\u00falr\u00f3l. Meccs\u00f6sszefoglal\u00f3k, riportok, interj\u00fak, podcastok, vide\u00f3k, \u00e9rdekess\u00e9gek \u2013 minden egy helyen, minden az Indexen!\n                        <\/p>\n<p>(Bor\u00edt\u00f3k\u00e9p: A gh\u00e1nai j\u00e1t\u00e9kosok \u00fcnneplik Caleb Yirenkyi g\u00f3lj\u00e1t a Panam elleni vb-csoportmeccsen 2026. j\u00fanius 17-\u00e9n.\u00a0 Robert Cianflone\/Getty Images )<\/p>\n<p><a href=\"https:\/\/dex.hu\/x.php?id=googlepref_desktop&amp;url=https:\/\/google.com\/preferences\/source?q=https:\/\/index.hu\" class=\"google-pref-banner \" id=\"googlePrefBanner\" rel=\"nofollow noopener\" target=\"_blank\"><\/p>\n<p>    Itt \u00e1ll\u00edtsa be, hogy az Index az els\u0151k k\u00f6z\u00f6tt legyen a Google-tal\u00e1latokban!<\/p>\n<p><\/a><\/p>\n<p>                <a href=\"https:\/\/konyvek.index.hu\/\" target=\"_blank\" rel=\"nofollow noopener\"><br \/>\n                <img decoding=\"async\" src=\"https:\/\/index.hu\/assets\/images\/konyvajanlo\/book_indapress\/book_indapress_logo.svg\" loading=\"lazy\" alt=\"Inda Press Kiad\u00f3\"\/><br \/>\n                <\/a><\/p>\n<p>                <img decoding=\"async\" src=\"https:\/\/www.europesays.com\/hu\/wp-content\/uploads\/2026\/06\/1781763433_256_rossi.png\" loading=\"lazy\" alt=\"Rossi\"\/><\/p>\n<p>Ismerd meg a magyar labdar\u00fag\u00e1s h\u0151s\u00e9nek eml\u00e9kezetes pillanatait!<br \/>Folytassa, Mister!<\/p>\n<p>                <a class=\"book_index_btn\" href=\"https:\/\/indexadhu.hit.gemius.pl\/hitredir\/id=nSCbubuYpDWJZLZs0TssLrbt33Lk5kbipuiZrkg89G3.g7\/stparam=uciklwjurk\/fastid=efdamtuhsxcjschvtzobuxredglq\/nc=0\/url=https:\/\/www.indapresskiado.hu\/products\/marco-rossi?_pos=1&amp;_psq=rossi&amp;_ss=e&amp;_v=1.0\" target=\"_blank\" rel=\"nofollow noopener\">MEGVESZEM<\/a><\/p>\n<p>    <img loading=\"lazy\" decoding=\"async\" src=\"https:\/\/www.europesays.com\/hu\/wp-content\/uploads\/2026\/06\/1781758398_926_nc=0.gif\" border=\"0\" height=\"0\" width=\"0\"\/><\/p>\n<p>    <img decoding=\"async\" src=\"https:\/\/index.hu\/assets\/images\/social-follow\/logo-big.svg\" alt=\"Index.hu logo\"\/><\/p>\n<p>K\u00f6vesse az Indexet Facebookon is!<\/p>\n<p>    <a href=\"https:\/\/facebook.com\/Indexhu\" target=\"_blank\" rel=\"nofollow noopener\"><\/p>\n<p>        K\u00f6vetem!<br \/>\n    <\/a><\/p>\n","protected":false},"excerpt":{"rendered":"Az L jel\u0171 kvartett k\u00fczdelmeit az eg\u00e9sz csoportk\u00f6r egyik sl\u00e1germeccsek\u00e9nt beharangozott angol\u2013horv\u00e1t \u00f6sszecsap\u00e1s ind\u00edtotta el szerda este, amelyen&hellip;\n","protected":false},"author":2,"featured_media":141439,"comment_status":"","ping_status":"","sticky":false,"template":"","format":"standard","meta":{"footnotes":"","_share_on_mastodon":"0"},"categories":[33],"tags":[12148,38,24069,18361,19747,35,37,44,42,40,4642,43,41,34,43563,45,36,20926,4411,39,4710],"class_list":["post-141438","post","type-post","status-publish","format-standard","has-post-thumbnail","category-hirek","tag-csoportkor","tag-focimek","tag-futball-vb","tag-futball-vb-2026","tag-ghana","tag-headlines","tag-hirek","tag-hu","tag-hungarian","tag-hungary","tag-kolumbia","tag-magyar","tag-magyarorszag","tag-news","tag-panama","tag-sport","tag-top-stories","tag-uzbegisztan","tag-vb-2026","tag-vezeto-hirek","tag-vilagbajnoksag"],"share_on_mastodon":{"url":"https:\/\/pubeurope.com\/@hu\/116769679437173580","error":""},"_links":{"self":[{"href":"https:\/\/www.europesays.com\/hu\/wp-json\/wp\/v2\/posts\/141438","targetHints":{"allow":["GET"]}}],"collection":[{"href":"https:\/\/www.europesays.com\/hu\/wp-json\/wp\/v2\/posts"}],"about":[{"href":"https:\/\/www.europesays.com\/hu\/wp-json\/wp\/v2\/types\/post"}],"author":[{"embeddable":true,"href":"https:\/\/www.europesays.com\/hu\/wp-json\/wp\/v2\/users\/2"}],"replies":[{"embeddable":true,"href":"https:\/\/www.europesays.com\/hu\/wp-json\/wp\/v2\/comments?post=141438"}],"version-history":[{"count":0,"href":"https:\/\/www.europesays.com\/hu\/wp-json\/wp\/v2\/posts\/141438\/revisions"}],"wp:featuredmedia":[{"embeddable":true,"href":"https:\/\/www.europesays.com\/hu\/wp-json\/wp\/v2\/media\/141439"}],"wp:attachment":[{"href":"https:\/\/www.europesays.com\/hu\/wp-json\/wp\/v2\/media?parent=141438"}],"wp:term":[{"taxonomy":"category","embeddable":true,"href":"https:\/\/www.europesays.com\/hu\/wp-json\/wp\/v2\/categories?post=141438"},{"taxonomy":"post_tag","embeddable":true,"href":"https:\/\/www.europesays.com\/hu\/wp-json\/wp\/v2\/tags?post=141438"}],"curies":[{"name":"wp","href":"https:\/\/api.w.org\/{rel}","templated":true}]}}