{"id":141588,"date":"2026-06-18T08:28:11","date_gmt":"2026-06-18T08:28:11","guid":{"rendered":"https:\/\/www.europesays.com\/hu\/141588\/"},"modified":"2026-06-18T08:28:11","modified_gmt":"2026-06-18T08:28:11","slug":"30-ezres-birsagot-kaphatsz-ha-ezt-nem-toltod-ki-idoben-fontos-feladat-var-a-kutyasokra-miskolcon","status":"publish","type":"post","link":"https:\/\/www.europesays.com\/hu\/141588\/","title":{"rendered":"30 ezres b\u00edrs\u00e1got kaphatsz, ha ezt nem t\u00f6lt\u00f6d ki id\u0151ben: fontos feladat v\u00e1r a kuty\u00e1sokra Miskolcon"},"content":{"rendered":"<p>        Eb\u00f6ssze\u00edr\u00e1st tartanak Miskolcon. Azok a gazdik, akik nem tesznek eleget adatszolg\u00e1ltat\u00e1si k\u00f6telezetts\u00e9g\u00fcknek, ak\u00e1r 30 ezer forintos b\u00edrs\u00e1got is kaphatnak.<\/p>\n<p class=\"text-left\" data-alignment=\"left\" data-block-key=\"5aok4\">Err\u0151l a borsodi megyesz\u00e9khely \u00f6nkorm\u00e1nyzata t\u00e1j\u00e9koztatta<a href=\"https:\/\/www.boon.hu\/helyi-kozelet\/2026\/06\/kutya-ebosszeiras-bejelentesi-kotelezettseg-birsag\" rel=\"noopener noreferrer nofollow\" target=\"_blank\">a Borsod Online<\/a>szerkeszt\u0151s\u00e9g\u00e9t. A bejelent\u00e9s szerint az eb\u00f6ssze\u00edr\u00e1s h\u00e9tf\u0151n kezd\u0151dik.<\/p>\n<p>      T\u00f6rv\u00e9nyi k\u00f6telezetts\u00e9g az eb\u00f6ssze\u00edr\u00e1s<\/p>\n<p class=\"text-left\" data-alignment=\"left\" data-block-key=\"chodu\">Az eb\u00f6ssze\u00edr\u00e1sra az \u00e1llatok v\u00e9delm\u00e9r\u0151l \u00e9s k\u00edm\u00e9let\u00e9r\u0151l sz\u00f3l\u00f3 1998. \u00e9vi XXVIII. t\u00f6rv\u00e9ny 42\/B.paragrafus\u00e1nak els\u0151 bekezd\u00e9se k\u00f6telezi a miskolci \u00f6nkorm\u00e1nyzatot. A rendelkez\u00e9st az ebrend\u00e9szeti feladatok ell\u00e1t\u00e1sa, valamint <a href=\"https:\/\/femina.hu\/utazas\/kutya-utlevel\/\" rel=\"noopener noreferrer nofollow\" target=\"_blank\">a veszetts\u00e9g<\/a> elleni olt\u00e1s j\u00e1rv\u00e1nyv\u00e9delmi vonatkoz\u00e1sai indokolj\u00e1k.<\/p>\n<p>            <img decoding=\"async\" alt=\"\" class=\"w-full h-full object-cover\" height=\"278\" loading=\"lazy\"  src=\"https:\/\/www.europesays.com\/hu\/wp-content\/uploads\/2026\/06\/31264569_771ba56eaa55e.2e16d0ba.format-jpeg.fill-370x278.jpg\"  width=\"370\"\/><\/p>\n<p>\n        Az eb\u00f6ssze\u00edr\u00e1s fontos k\u00f6telezetts\u00e9get jelent a gazdik sz\u00e1m\u00e1ra\n      <\/p>\n<p>    Fot\u00f3: FatCamera \/ Getty Images Hungary<\/p>\n<p class=\"text-left\" data-alignment=\"left\" data-block-key=\"nv6dk\">A t\u00e1j\u00e9koztat\u00e1s alapj\u00e1n az eb\u00f6ssze\u00edr\u00e1shoz sz\u00fcks\u00e9ges adatlapot, amely a V\u00e1rosh\u00e1za \u00fcgyf\u00e9lszolg\u00e1lat\u00e1n, a miskolc.hu internetes oldalon, valamint elektronikus form\u00e1ban, az E-\u00f6nkorm\u00e1nyzati port\u00e1lon kereszt\u00fcl szerezhet\u0151 be, az \u00e9rintettek 2026. j\u00fanius 1-t\u0151l 2026. j\u00fanius 30-ig t\u00f6lthetik ki.<\/p>\n<p>      <img decoding=\"async\" alt=\"\u00cdgy v\u00e1laszd ki a D\u00edv\u00e1nyt!\" class=\"w-full h-auto mob-sm-br:w-[41%] mob-sm-br:float-right mob-sm-br:ml-8 mb-4 mob-sm-br:mb-0\" height=\"168\" loading=\"lazy\"  src=\"https:\/\/www.europesays.com\/hu\/wp-content\/uploads\/2026\/06\/1781771291_550_divany-site-pref.format-jpeg.max-300x300.jpg\" width=\"300\"\/><\/p>\n<p>\n        Ne maradj le a D\u00edv\u00e1ny tartalmair\u00f3l!\n      <\/p>\n<p data-alignment=\"left\" class=\"text-left\" data-block-key=\"1z28p\">A Google \u00faj funkci\u00f3ja seg\u00edts\u00e9g\u00e9vel be\u00e1ll\u00edthat\u00f3, hogy milyen oldalak jelenjenek meg a keres\u00e9si eredm\u00e9nyek k\u00f6z\u00f6tt. Ha nem akarsz lemaradni cikkeinkr\u0151l, kattints <a href=\"https:\/\/www.google.com\/preferences\/source?q=https:\/\/divany.hu\" rel=\"nofollow noopener\" target=\"_blank\">erre a linkre<\/a>. Ut\u00e1na csak annyi a dolgod, hogy bepip\u00e1ld a D\u00edv\u00e1ny neve mellett megjelen\u0151 kis n\u00e9gyzetet \u2013 ahogy a k\u00e9pen l\u00e1tod.\u00a0\u00a0<br \/>Ha mindent j\u00f3l csin\u00e1lt\u00e1l, a \u201eSaj\u00e1t forr\u00e1sok\u201d felirat mellett l\u00e1that\u00f3 leny\u00edl\u00f3 list\u00e1ban l\u00e1tnod kell a D\u00edv\u00e1nyt. Ezzel k\u00e9sz is vagy.\u00a0<\/p>\n<p class=\"text-left\" data-alignment=\"left\" data-block-key=\"18gfd\">A kit\u00f6lt\u00e9ssel kapcsolatos t\u00e1j\u00e9koztat\u00e1st, akinek ehhez sz\u00fcks\u00e9ge van seg\u00edts\u00e9gre,<\/p>\n<p>        <img decoding=\"async\" src=\"https:\/\/divany.hu\/neon\/static\/images\/divany\/divany_quote.svg\" class=\"left-5 w-[20px] h-[20px] md:w-[42px] md:h-[42px] mb-4\" alt=\"Id\u00e9z\u0151jel ikon\"\/><\/p>\n<p x-data=\"quoteAnimation\" x-init=\"init()\">\n          hivatali id\u0151ben szem\u00e9lyesen a hivatal \u00fcgyf\u00e9lszolg\u00e1lat\u00e1n (h\u00e9tf\u0151, kedd, cs\u00fct\u00f6rt\u00f6k 8.00-16.00; szerda: 8.00-17.30; p\u00e9ntek: 8.00-12.00), illetve a 46\/512-700 telefonsz\u00e1mon lehet k\u00e9rni.\n        <\/p>\n<p class=\"text-left\" data-alignment=\"left\" data-block-key=\"nv6dk\"><a data-link-preview=\"true\" data-og-column=\"Vil\u00e1gom\" data-og-description=\"A k\u00f6zel-keleti esem\u00e9nyek kapcs\u00e1n k\u00fcl\u00f6n\u00f6sen aktu\u00e1lis, m\u00e9gis alig tud arr\u00f3l valaki, hogy k\u00fclf\u00f6ldi utaz\u00e1s el\u0151tt \u00e9rdemes regisztr\u00e1lni konzuli v\u00e9delemre. Mutatjuk, mit kell err\u0151l tudni, \u00e9s mi\u00e9rt \u00e9ri meg.\" data-og-image=\"https:\/\/divany.hu\/neon\/media\/images\/67876701_5011461_b0f3ae6d126d1.format-jpeg.max-3840x2160.jpg\" data-og-tags=\"[\" vil=\"\" v=\"\" data-og-title=\"Utaz\u00e1s el\u0151tt ezt mindenk\u00e9pp tedd meg \u2013 szinte senki sem tud r\u00f3la\" href=\"https:\/\/divany.hu\/vilagom\/2026\/03\/03\/utazas-konzul\/?utm_source=divany&amp;utm_medium=cikklink&amp;utm_campaign=cikklink_belso\" rel=\"noopener noreferrer nofollow\" target=\"_blank\">Az adatlapot<\/a> ebenk\u00e9nt kit\u00f6ltve postai \u00faton, a polg\u00e1rmesteri hivatal c\u00edm\u00e9re, elektronikusan az ebbejelentes@miskolc.hu e-mail c\u00edmre elk\u00fcldve, szem\u00e9lyesen, a k\u00f6zponti \u00fcgyf\u00e9lszolg\u00e1laton a kihelyezett gy\u0171jt\u0151l\u00e1d\u00e1ba helyezve, illetve az E-\u00f6nkorm\u00e1nyzati port\u00e1lon beny\u00fajtva is le lehet leadni.<\/p>\n<p>      B\u00edrs\u00e1ggal j\u00e1rhat, ha elmulasztod<\/p>\n<p class=\"text-left\" data-alignment=\"left\" data-block-key=\"e46d4\">Fontos tudni, hogy az kutyatart\u00f3knak a kor\u00e1bbi, 2023-as eb\u00f6ssze\u00edr\u00e1s sor\u00e1n m\u00e1r bejelentett ebekr\u0151l ism\u00e9t adatot kell szolg\u00e1ltatniuk. S\u0151t,<\/p>\n<p>        <img decoding=\"async\" src=\"https:\/\/divany.hu\/neon\/static\/images\/divany\/divany_quote.svg\" class=\"left-5 w-[20px] h-[20px] md:w-[42px] md:h-[42px] mb-4\" alt=\"Id\u00e9z\u0151jel ikon\"\/><\/p>\n<p x-data=\"quoteAnimation\" x-init=\"init()\">\n          a mikrochippel ell\u00e1tott \u00e9s az \u00e1llatorvosn\u00e1l kor\u00e1bban bejelentett, a k\u00f6zponti nyilv\u00e1ntart\u00e1sban m\u00e1r szerepl\u0151, valamint a bil\u00e9t\u00e1val rendelkez\u0151 \u00e9s a helyi nyilv\u00e1ntart\u00e1sban szerepl\u0151 ebeket is be kell jelenteni.\n        <\/p>\n<p class=\"text-left\" data-alignment=\"left\" data-block-key=\"nv6dk\">Az adatlapok val\u00f3s\u00e1gtartalm\u00e1t a polg\u00e1rmesteri hivatal munkat\u00e1rsai ellen\u0151rzik. Az adatszolg\u00e1ltat\u00e1s elmulaszt\u00e1sa \u00e1llatv\u00e9delmi <a href=\"https:\/\/divany.hu\/edesotthon\/birsag-haz\/?utm_source=divany&amp;utm_medium=cikklink&amp;utm_campaign=cikklink_belso\" rel=\"noopener noreferrer nofollow\" target=\"_blank\">b\u00edrs\u00e1got vonhat maga ut\u00e1n<\/a>, amelynek \u00f6sszege 30 ezer forintr\u00f3l indul.<\/p>\n<p class=\"text-left\" data-alignment=\"left\" data-block-key=\"nv6dk\">Kapcsol\u00f3d\u00f3: ha p\u00f3r\u00e1z n\u00e9lk\u00fcl indulsz kuty\u00e1t s\u00e9t\u00e1ltatni, annak szint\u00e9n <a data-link-preview=\"true\" data-og-column=\"\u00c9letem\" data-og-description=\"A k\u00f6zter\u00fcleten s\u00e9t\u00e1ltatott kuty\u00e1k eset\u00e9n a p\u00f3r\u00e1z haszn\u00e1lata jogszab\u00e1lyi k\u00f6telezetts\u00e9g. Nemcsak emiatt, de kuty\u00e1d \u00e9rdek\u00e9ben is j\u00f3, ha haszn\u00e1lod.\" data-og-image=\"https:\/\/divany.hu\/neon\/media\/images\/DSCL5794.format-jpeg.max-3840x2160.jpg\" data-og-tags=\"[\" data-og-title=\"Ak\u00e1r 150 ezer forintra is b\u00edrs\u00e1golhatnak, ha nincs n\u00e1lad ez s\u00e9ta k\u00f6zben\" href=\"https:\/\/divany.hu\/eletem\/2026\/04\/28\/150-ezer-forint-birsag-seta\/?utm_source=divany&amp;utm_medium=cikklink&amp;utm_campaign=cikklink_belso\" rel=\"noopener noreferrer nofollow\" target=\"_blank\">komoly b\u00fcntet\u00e9s<\/a> lehet a v\u00e9ge.<\/p>\n<p><a href=\"https:\/\/google.com\/preferences\/source?q=https%3A\/\/divany.hu\" rel=\"noopener nofollow\" class=\"!flex !items-center !gap-5 !py-2 !px-3 w-full !rounded-xl !font-bold cursor-pointer !no-underline relative !bg-white !text-[#202124] !border !border-[#858585] dark:!bg-[#323232] dark:!text-white dark:border-none mb-4 \" target=\"_blank\"><br \/>\n  <img decoding=\"async\" src=\"https:\/\/divany.hu\/neon\/static\/images\/favicons\/google_favicon.svg\" alt=\"Google\" class=\"shrink-0 w-7 h-7\"\/><br \/>\n  \u00c1ll\u00edtsd be Google keres\u0151j\u00e9t, hogy a tal\u00e1latok k\u00f6z\u00f6tt biztos ott legyen a D\u00edv\u00e1ny!<\/p>\n<p><\/a><\/p>\n","protected":false},"excerpt":{"rendered":"Eb\u00f6ssze\u00edr\u00e1st tartanak Miskolcon. Azok a gazdik, akik nem tesznek eleget adatszolg\u00e1ltat\u00e1si k\u00f6telezetts\u00e9g\u00fcknek, ak\u00e1r 30 ezer forintos b\u00edrs\u00e1got is&hellip;\n","protected":false},"author":2,"featured_media":141589,"comment_status":"","ping_status":"","sticky":false,"template":"","format":"standard","meta":{"footnotes":"","_share_on_mastodon":"0"},"categories":[6],"tags":[1432,44,42,40,917,43,41,5164],"class_list":["post-141588","post","type-post","status-publish","format-standard","has-post-thumbnail","category-magyarorszag","tag-birsag","tag-hu","tag-hungarian","tag-hungary","tag-kutya","tag-magyar","tag-magyarorszag","tag-miskolc"],"share_on_mastodon":{"url":"https:\/\/pubeurope.com\/@hu\/116770170891790253","error":""},"_links":{"self":[{"href":"https:\/\/www.europesays.com\/hu\/wp-json\/wp\/v2\/posts\/141588","targetHints":{"allow":["GET"]}}],"collection":[{"href":"https:\/\/www.europesays.com\/hu\/wp-json\/wp\/v2\/posts"}],"about":[{"href":"https:\/\/www.europesays.com\/hu\/wp-json\/wp\/v2\/types\/post"}],"author":[{"embeddable":true,"href":"https:\/\/www.europesays.com\/hu\/wp-json\/wp\/v2\/users\/2"}],"replies":[{"embeddable":true,"href":"https:\/\/www.europesays.com\/hu\/wp-json\/wp\/v2\/comments?post=141588"}],"version-history":[{"count":0,"href":"https:\/\/www.europesays.com\/hu\/wp-json\/wp\/v2\/posts\/141588\/revisions"}],"wp:featuredmedia":[{"embeddable":true,"href":"https:\/\/www.europesays.com\/hu\/wp-json\/wp\/v2\/media\/141589"}],"wp:attachment":[{"href":"https:\/\/www.europesays.com\/hu\/wp-json\/wp\/v2\/media?parent=141588"}],"wp:term":[{"taxonomy":"category","embeddable":true,"href":"https:\/\/www.europesays.com\/hu\/wp-json\/wp\/v2\/categories?post=141588"},{"taxonomy":"post_tag","embeddable":true,"href":"https:\/\/www.europesays.com\/hu\/wp-json\/wp\/v2\/tags?post=141588"}],"curies":[{"name":"wp","href":"https:\/\/api.w.org\/{rel}","templated":true}]}}