{"id":141860,"date":"2026-06-18T12:21:18","date_gmt":"2026-06-18T12:21:18","guid":{"rendered":"https:\/\/www.europesays.com\/hu\/141860\/"},"modified":"2026-06-18T12:21:18","modified_gmt":"2026-06-18T12:21:18","slug":"index-futball-futball-vb-2026-150","status":"publish","type":"post","link":"https:\/\/www.europesays.com\/hu\/141860\/","title":{"rendered":"Index &#8211; Futball &#8211; Futball-vb 2026"},"content":{"rendered":"<p>M\u00edg az \u00e1tlag futballszurkol\u00f3 a vil\u00e1gbajnoks\u00e1gra koncentr\u00e1l, addig a legt\u00f6bb klubcsapat ilyenkor sem lazs\u00e1l, \u00e9s minden erej\u00e9vel a keret er\u0151s\u00edt\u00e9s\u00e9n dolgozik. A Liverpool \u00e9kes p\u00e9ld\u00e1ja ennek a szeml\u00e9letnek,<\/p>\n<p>ugyanis az angol <a href=\"https:\/\/www.nytimes.com\/athletic\/7351435\/2026\/06\/17\/liverpool-victor-munoz-transfer-newcastle\/\" id=\"hyperlink_775c94625ee85877da806f57bf78b485\" rel=\"nofollow noopener\" target=\"_blank\">Athletic<\/a> szerint a Mersey-partiak aktiv\u00e1lt\u00e1k az Osasun\u00e1ban j\u00e1tsz\u00f3 V\u00edctor Munoz 40 milli\u00f3 eur\u00f3s kiv\u00e1s\u00e1rl\u00e1si z\u00e1rad\u00e9k\u00e1t.<\/p>\n<p>Az angol egy\u00fcttes v\u00e1rhat\u00f3an majd k\u00e9t r\u00e9szletben fizeti ki az \u00e1tigazol\u00e1si \u00f6sszeget, a k\u00e9tszeres spanyol v\u00e1logatott, vb-keretben is helyet kap\u00f3 j\u00e1t\u00e9kos pedig m\u00e1r \u00e1t is esett az orvosi vizsg\u00e1latokon az Egyes\u00fclt \u00c1llamokban.<\/p>\n<p>A 22 \u00e9ves balsz\u00e9ls\u0151 fiatalk\u00e9nt m\u00e9g a Barcelon\u00e1n\u00e1l is megfordult, els\u0151 feln\u0151tt klubja azonban m\u00e1r a\u00a0Real\u00a0Madrid volt, ahol ugyan k\u00e9tszer p\u00e1ly\u00e1ra is l\u00e9pett a spanyol bajnoks\u00e1g 2024\u20132025-\u00f6s\u00a0ki\u00edr\u00e1s\u00e1ban, legink\u00e1bb a harmadoszt\u00e1ly\u00fa tartal\u00e9kcsapatban kapott lehet\u0151s\u00e9get.<\/p>\n<p>V\u00e9g\u00fcl 2025 nyar\u00e1n t\u00f6bb j\u00e1t\u00e9klehet\u0151s\u00e9g rem\u00e9ny\u00e9ben az Osasun\u00e1hoz ker\u00fclt\u00a05 milli\u00f3 eur\u00f3\u00e9rt, ahol m\u00e1r alapembernek sz\u00e1m\u00edtott a 2025\u20132026-os szezonban, 36 t\u00e9tmeccsen h\u00e9t g\u00f3lt \u00e9s \u00f6t\u00a0asszisztot jegyezhetett.<\/p>\n<p>Azonban a madridiak sem j\u00e1rnak p\u00f3rul az \u00fczlettel, az \u00e1tigazol\u00e1si d\u00edj 50 sz\u00e1zal\u00e9ka, azaz 20 milli\u00f3 eur\u00f3 a\u00a0\u201ekir\u00e1lyiakat\u201d illeti.<\/p>\n<p>\n                          A h\u00edrek szerint hat\u00e9ves szerz\u0151d\u00e9st al\u00e1\u00edr\u00f3 spanyol \u00edgy a j\u00fanius elej\u00e9n kinevezett <a href=\"https:\/\/index.hu\/sport\/futball\/2026\/06\/04\/andoni-iraola-liverpool-uj-vezetoedzo-hivatalos-bejelentes\/\" id=\"hyperlink_9ff40a380858b397d450b4b5d1333dfe\" target=\"_blank\" title=\"Megvan Szoboszlai Dominik\u00e9k \u00faj vezet\u0151edz\u0151je\" data-recommendation=\"bekezdes_utan\" data-recommendation-preview=\"{\" og:title=\"\" rel=\"nofollow noopener\">Andoni Iraola<\/a> els\u0151 igazol\u00e1sa lehet a \u201ev\u00f6r\u00f6s\u00f6kn\u00e9l\u201d, r\u00e1ad\u00e1sul nagy er\u0151s\u00edt\u00e9st jelenthet egy olyan t\u00e1mad\u00f3sorba, ami Mohamed Szalaht lej\u00e1r\u00f3 szerz\u0151d\u00e9se miatt, m\u00edg a tavaly ny\u00e1ron v\u00e1s\u00e1rolt Hugo Ekitik\u00e9t (ideiglenesen) Achilles-s\u00e9r\u00fcl\u00e9s\u00a0ut\u00e1n vesztette el.\n                        <\/p>\n<p>\n                          <a href=\"https:\/\/dex.hu\/x.php?id=index_sport_cikklink&amp;url=https%3A%2F%2Findex.hu%2Fsport%2Ffutball%2F2026%2Fvb%2F\" id=\"hyperlink_d9a7aeaa85334bc3b6711d3ca7a39b2d\" target=\"_blank\" rel=\"nofollow noopener\">B\u00f6ng\u00e9ssze az Index vil\u00e1gbajnoki mell\u00e9klet\u00e9t<\/a>, ahol a cikkek mellett megtal\u00e1lja a menetrendet, a csoportok \u00e1ll\u00e1s\u00e1t, a j\u00e1t\u00e9koskereteket, a csapatle\u00edr\u00e1sokat \u00e9s a helysz\u00edneket is. J\u00e1t\u00e9kunkban megtippelheti a vb-gy\u0151ztest, v\u00e1rakoz\u00e1sait a k\u00f6z\u00f6ss\u00e9gi m\u00e9di\u00e1ban is megoszthatja.\n                        <\/p>\n<p>\n                          Tartsanak vel\u00fcnk t\u00f6bb mint egy h\u00f3napon \u00e1t, hiszen helysz\u00edni tud\u00f3s\u00edt\u00f3nk rendszeresen exkluz\u00edv tartalmakkal jelentkezik a tengerent\u00falr\u00f3l. Meccs\u00f6sszefoglal\u00f3k, riportok, interj\u00fak, podcastok, vide\u00f3k, \u00e9rdekess\u00e9gek \u2013 minden egy helyen, minden az Indexen!\n                        <\/p>\n<p>(Bor\u00edt\u00f3k\u00e9p: Juan Manuel Serrano Arce \/ Getty Images)<\/p>\n<p><a href=\"https:\/\/dex.hu\/x.php?id=googlepref_desktop&amp;url=https:\/\/google.com\/preferences\/source?q=https:\/\/index.hu\" class=\"google-pref-banner \" id=\"googlePrefBanner\" rel=\"nofollow noopener\" target=\"_blank\"><\/p>\n<p>    Itt \u00e1ll\u00edtsa be, hogy az Index az els\u0151k k\u00f6z\u00f6tt legyen a Google-tal\u00e1latokban!<\/p>\n<p><\/a><\/p>\n<p>                <a href=\"https:\/\/konyvek.index.hu\/\" target=\"_blank\" rel=\"nofollow noopener\"><br \/>\n                <img decoding=\"async\" src=\"https:\/\/index.hu\/assets\/images\/konyvajanlo\/book_indapress\/book_indapress_logo.svg\" loading=\"lazy\" alt=\"Inda Press Kiad\u00f3\"\/><br \/>\n                <\/a><\/p>\n<p>                <img decoding=\"async\" src=\"https:\/\/www.europesays.com\/hu\/wp-content\/uploads\/2026\/06\/1781777716_416_rossi.png\" loading=\"lazy\" alt=\"Rossi\"\/><\/p>\n<p>Ismerd meg a magyar labdar\u00fag\u00e1s h\u0151s\u00e9nek eml\u00e9kezetes pillanatait!<br \/>Folytassa, Mister!<\/p>\n<p>                <a class=\"book_index_btn\" href=\"https:\/\/indexadhu.hit.gemius.pl\/hitredir\/id=nSCbubuYpDWJZLZs0TssLrbt33Lk5kbipuiZrkg89G3.g7\/stparam=uciklwjurk\/fastid=efdamtuhsxcjschvtzobuxredglq\/nc=0\/url=https:\/\/www.indapresskiado.hu\/products\/marco-rossi?_pos=1&amp;_psq=rossi&amp;_ss=e&amp;_v=1.0\" target=\"_blank\" rel=\"nofollow noopener\">MEGVESZEM<\/a><\/p>\n<p>    <img loading=\"lazy\" decoding=\"async\" src=\"https:\/\/www.europesays.com\/hu\/wp-content\/uploads\/2026\/06\/1781777718_70_nc=0.gif\" border=\"0\" height=\"0\" width=\"0\"\/><\/p>\n<p>    <img decoding=\"async\" src=\"https:\/\/index.hu\/assets\/images\/social-follow\/logo-big.svg\" alt=\"Index.hu logo\"\/><\/p>\n<p>K\u00f6vesse az Indexet Facebookon is!<\/p>\n<p>    <a href=\"https:\/\/facebook.com\/Indexhu\" target=\"_blank\" rel=\"nofollow noopener\"><\/p>\n<p>        K\u00f6vetem!<br \/>\n    <\/a><\/p>\n","protected":false},"excerpt":{"rendered":"M\u00edg az \u00e1tlag futballszurkol\u00f3 a vil\u00e1gbajnoks\u00e1gra koncentr\u00e1l, addig a legt\u00f6bb klubcsapat ilyenkor sem lazs\u00e1l, \u00e9s minden erej\u00e9vel a&hellip;\n","protected":false},"author":2,"featured_media":141861,"comment_status":"","ping_status":"","sticky":false,"template":"","format":"standard","meta":{"footnotes":"","_share_on_mastodon":"0"},"categories":[14],"tags":[1031,553,24069,18361,44,42,40,502,1028,43,41,9413,45,131,4411,43674,4710],"class_list":["post-141860","post","type-post","status-publish","format-standard","has-post-thumbnail","category-sport","tag-atigazolas","tag-futball","tag-futball-vb","tag-futball-vb-2026","tag-hu","tag-hungarian","tag-hungary","tag-labdarugas","tag-liverpool","tag-magyar","tag-magyarorszag","tag-spanyol-valogatott","tag-sport","tag-sports","tag-vb-2026","tag-victor-munoz","tag-vilagbajnoksag"],"share_on_mastodon":{"url":"https:\/\/pubeurope.com\/@hu\/116771087129798093","error":""},"_links":{"self":[{"href":"https:\/\/www.europesays.com\/hu\/wp-json\/wp\/v2\/posts\/141860","targetHints":{"allow":["GET"]}}],"collection":[{"href":"https:\/\/www.europesays.com\/hu\/wp-json\/wp\/v2\/posts"}],"about":[{"href":"https:\/\/www.europesays.com\/hu\/wp-json\/wp\/v2\/types\/post"}],"author":[{"embeddable":true,"href":"https:\/\/www.europesays.com\/hu\/wp-json\/wp\/v2\/users\/2"}],"replies":[{"embeddable":true,"href":"https:\/\/www.europesays.com\/hu\/wp-json\/wp\/v2\/comments?post=141860"}],"version-history":[{"count":0,"href":"https:\/\/www.europesays.com\/hu\/wp-json\/wp\/v2\/posts\/141860\/revisions"}],"wp:featuredmedia":[{"embeddable":true,"href":"https:\/\/www.europesays.com\/hu\/wp-json\/wp\/v2\/media\/141861"}],"wp:attachment":[{"href":"https:\/\/www.europesays.com\/hu\/wp-json\/wp\/v2\/media?parent=141860"}],"wp:term":[{"taxonomy":"category","embeddable":true,"href":"https:\/\/www.europesays.com\/hu\/wp-json\/wp\/v2\/categories?post=141860"},{"taxonomy":"post_tag","embeddable":true,"href":"https:\/\/www.europesays.com\/hu\/wp-json\/wp\/v2\/tags?post=141860"}],"curies":[{"name":"wp","href":"https:\/\/api.w.org\/{rel}","templated":true}]}}