{"id":141896,"date":"2026-06-18T12:49:17","date_gmt":"2026-06-18T12:49:17","guid":{"rendered":"https:\/\/www.europesays.com\/hu\/141896\/"},"modified":"2026-06-18T12:49:17","modified_gmt":"2026-06-18T12:49:17","slug":"index-futball-futball-vb-2026-151","status":"publish","type":"post","link":"https:\/\/www.europesays.com\/hu\/141896\/","title":{"rendered":"Index &#8211; Futball &#8211; Futball-vb 2026"},"content":{"rendered":"<p id=\"docs-internal-guid-aede37ac-7fff-071a-5eb6-c3df509f7972\">Kor\u00e1bban m\u00e1r lehet\u0151s\u00e9g\u00fcnk volt testk\u00f6zelb\u0151l is megtapasztalni, hogyan szuper\u00e1lnak a Lenovo-technol\u00f3gi\u00e1k a legnagyobb motorsport-k\u00f6zvet\u00edt\u00e9sek kulissz\u00e1i m\u00f6g\u00f6tt. 2024-ben a Formula\u20131 Biggin Hill-i technol\u00f3giai \u00e9s m\u00e9diak\u00f6zpontj\u00e1ban <a href=\"https:\/\/index.hu\/sport\/motorsport\/2024\/02\/25\/formula-1-anglia-biggin-hill-mediakozpont-latogatas-lenovo\/\" id=\"hyperlink_c3282b0f2caca14520a3c431a16d075d\" target=\"_blank\" title=\"Emberfeletti munka \u00e1ll am\u00f6g\u00f6tt, hogy a Formula\u20131 a t\u00e9v\u00e9k\u00e9perny\u0151nkre ker\u00fclj\u00f6n\" rel=\"nofollow noopener\">j\u00e1rtunk<\/a>, ahol tulajdonk\u00e9ppen minden Lenovo k\u00e9sz\u00fcl\u00e9keken zajlott, m\u00edg 2026-ban a MotoGP Magyar Nagyd\u00edj\u00e1n <a href=\"https:\/\/index.hu\/techtud\/2026\/06\/05\/motogp-2026-magyar-nagydij-balaton-park-circuit-ducati-lenovo\/\" id=\"hyperlink_51114e0862f62eaa84a367b70b032e45\" target=\"_blank\" title=\"Bejutottunk a Ducati gar\u00e1zs\u00e1ba, eg\u00e9szen elk\u00e9peszt\u0151, ami ott zajlik\" rel=\"nofollow noopener\">n\u00e9zhett\u00fcnk be<\/a> a Ducati gar\u00e1zs\u00e1nak kulissz\u00e1i m\u00f6g\u00e9, akiknek sikere m\u00f6g\u00f6tt ugyancsak a pirosak \u00e1llnak. A 2026-os labdar\u00fag\u00f3-vil\u00e1gbajnoks\u00e1g viszont m\u00e9g ezekhez m\u00e9rten is egy teljesen m\u00e1s szintet k\u00e9pvisel.<\/p>\n<p>\u201eA Lenovo AI-infrastrukt\u00far\u00e1ja \u00fajra\u00e9rtelmezi a FIFA-vil\u00e1gbajnoks\u00e1g \u00e9lm\u00e9ny\u00e9t: szinte val\u00f3s id\u0151ben ny\u00fajt \u00f6sszefoglal\u00f3kat, t\u00f6bbkamer\u00e1s felv\u00e9teleket \u00e9s elemz\u00e9seket p\u00e9ld\u00e1tlan glob\u00e1lis l\u00e9pt\u00e9kben. A FIFA-val k\u00f6z\u00f6sen a vil\u00e1g legkritikusabb k\u00f6r\u00fclm\u00e9nyei k\u00f6z\u00f6tt m\u0171k\u00f6dtetj\u00fck a mesters\u00e9ges intelligenci\u00e1t: kik\u00fcsz\u00f6b\u00f6lj\u00fck a k\u00e9sleltet\u00e9si probl\u00e9m\u00e1kat, \u00e9s milli\u00e1rdnyi szurkol\u00f3t hozunk k\u00f6zelebb az esem\u00e9nyekhez, mint valaha, \u00faj m\u00e9rc\u00e9t \u00e1ll\u00edtva fel ezzel az \u00e9l\u0151 sportk\u00f6zvet\u00edt\u00e9sek ter\u00e9n\u201d \u2013 fogalmazott Ashley Gorakhpurwalla, a Lenovo infrastrukt\u00fara-megold\u00e1sok\u00e9rt felel\u0151s eln\u00f6ke.<\/p>\n<p>                        A labda, ami t\u00f6bbet tud egy okostelefonn\u00e1l<\/p>\n<p>A k\u00f6zvet\u00edt\u00e9sek sz\u00edve-lelke a texasi Dallasban tal\u00e1lhat\u00f3 Nemzetk\u00f6zi M\u0171sorszolg\u00e1ltat\u00f3 K\u00f6zpont, azaz az IBC. Itt egy ThinkSystem SR635 V3 szerverekb\u0151l \u00e1ll\u00f3 brut\u00e1lis g\u00e9ppark felel az\u00e9rt, hogy a peremh\u00e1l\u00f3zati (edge) sz\u00e1m\u00edt\u00e1stechnika seg\u00edts\u00e9g\u00e9vel az IPTV-k\u00e9sleltet\u00e9s \u00f6t m\u00e1sodperc alatt maradjon, \u00e9s a stadionok VIP-p\u00e1holyaiban l\u00e9v\u0151 t\u00f6bb mint ezer kijelz\u0151t\u0151l kezdve a vil\u00e1g b\u00e1rmely m\u00e1sik pontj\u00e1n hajsz\u00e1lpontos szinkronban fussanak az esem\u00e9nyek. Ezzel p\u00e1rhuzamosan a miami Technol\u00f3giai Ir\u00e1ny\u00edt\u00f3k\u00f6zpontban (Technology Command Center) futnak \u00f6ssze a sz\u00e1lak, ahol a m\u00e9rn\u00f6k\u00f6k egy gigantikus ir\u00e1ny\u00edt\u00f3pulton k\u00f6vetik a h\u00e1rom orsz\u00e1gban zajl\u00f3 esem\u00e9nyeket.<\/p>\n<p>B\u00e1r a stadionban a szurkol\u00f3 csak a z\u00f6ld gyepet \u00e9s a j\u00e1t\u00e9kosokat l\u00e1tja, a h\u00e1tt\u00e9rben t\u00f6bb mint 17 ezer Lenovo \u00e9s Motorola eszk\u00f6z, valamint 200 dedik\u00e1lt m\u00e9rn\u00f6k garant\u00e1lja, hogy a g\u00e9pezet egyetlen pillanatra se \u00e1lljon le.<\/p>\n<p>A videob\u00edr\u00f3 (VAR) \u00e9s a f\u00e9lautomata lesrendszer (SAOT) ma m\u00e1r nem \u00fajdons\u00e1g, de a 2026-os torn\u00e1ra a hardveres \u00e9s szoftveres arzen\u00e1l szintet l\u00e9pett. A legnagyobb \u00e1tt\u00f6r\u00e9st a digit\u00e1lis ikrek bevezet\u00e9se jelenti. A torna rajtja el\u0151tt a Lenovo csapata az \u00f6sszes p\u00e1ly\u00e1ra l\u00e9p\u0151 j\u00e1t\u00e9kost 360 fokban, nagy felbont\u00e1sban beszkennelte. A rendszer 1-2 millim\u00e9teres pontoss\u00e1ggal r\u00f6gz\u00edtette a testalkatot, a v\u00e9gtagok hossz\u00e1t, az izomzatot, de m\u00e9g az egyedi cip\u0151m\u00e9reteket is. Amikor meccs k\u00f6zben az imm\u00e1ron 16 kamer\u00e1val oper\u00e1l\u00f3 Hawk-Eye optikai rendszer r\u00f6gz\u00edti a j\u00e1t\u00e9kosok mozg\u00e1s\u00e1t \u00e9s csontv\u00e1zpoz\u00edci\u00f3j\u00e1t, a szoftver ezt a t\u00f6k\u00e9letes digit\u00e1lis kl\u00f3nt h\u00fazza r\u00e1 a val\u00f3s idej\u0171 v\u00e1zra. Ha valakinek csak a nagyl\u00e1bujja l\u00f3g be a lesvonal m\u00f6g\u00e9 sprintel\u00e9s k\u00f6zben, a g\u00e9p azonnal kisz\u00farja. Ennek a technol\u00f3gi\u00e1nak az egyik legl\u00e1tv\u00e1nyosabb hozad\u00e9ka a kapusn\u00e9zet nev\u0171 funkci\u00f3, amellyel a VAR-szob\u00e1ban pontosan a kapus szemsz\u00f6g\u00e9b\u0151l, 3D-ben n\u00e9zhetik vissza a vitatott szitu\u00e1ci\u00f3kat, \u00edgy v\u00e9gre objekt\u00edven eld\u00f6nthet\u0151, hogy egy lesen \u00e1ll\u00f3 t\u00e1mad\u00f3 val\u00f3ban takarta-e a kapus kil\u00e1t\u00e1s\u00e1t.<\/p>\n<p>Ezt a vizu\u00e1lis rendszert eg\u00e9sz\u00edti ki maga a j\u00e1t\u00e9kszer, amit a Kinexon technol\u00f3gi\u00e1ja var\u00e1zsol a vil\u00e1g legokosabb labd\u00e1j\u00e1v\u00e1. A bels\u0151 t\u00e9rben egy ultrasz\u00e9les s\u00e1v\u00fa (UWB) jelad\u00f3 \u00e9s egy giroszk\u00f3pot is tartalmaz\u00f3 IMU-szenzor lapul, amely elk\u00e9peszt\u0151 s\u0171r\u0171s\u00e9ggel, m\u00e1sodpercenk\u00e9nt 500 alkalommal k\u00fcld adatot a helyzet\u00e9r\u0151l, a p\u00f6rg\u00e9s\u00e9r\u0151l \u00e9s az \u00e9rint\u00e9sek erej\u00e9r\u0151l.<\/p>\n<p>\u00c9rdekess\u00e9g, hogy m\u00edg a 2022-es vb-n ezt a szenzort egy fesz\u00edtett h\u00faros megold\u00e1ssal l\u00f3gatt\u00e1k a labda m\u00e9rtani k\u00f6zep\u00e9be, id\u00e9n finom\u00edtottak a diz\u00e1jnon. A mind\u00f6ssze 13 grammos eszk\u00f6zt egy kis m\u0171anyag tasakban egyenesen a labda bels\u0151 fal\u00e1hoz vulkaniz\u00e1lt\u00e1k, ami nagys\u00e1grendekkel strapab\u00edr\u00f3bb megold\u00e1s. Mivel azonban az aszimmetrikus s\u00falyeloszt\u00e1s miatt a labda elkezdett volna szit\u00e1lni a leveg\u0151ben, a m\u00e9rn\u00f6k\u00f6knek hajsz\u00e1lpontosan ki kellett egyens\u00falyozniuk a t\u00faloldalt. R\u00e1ad\u00e1sul az \u00faj elhelyezked\u00e9s miatt a jelad\u00f3 most m\u00e1r k\u00f6zvetlen fizikai tal\u00e1latokat (teh\u00e1t egy bivalyer\u0151s r\u00fcszttel val\u00f3 megr\u00fag\u00e1st) is kaphat, \u00edgy a bevezet\u00e9st brut\u00e1lis \u00fct\u00e9stesztek el\u0151zt\u00e9k meg.<\/p>\n<p>                        Intelligensebb foci<\/p>\n<p>A Lenovo nemcsak a b\u00edr\u00f3k dolg\u00e1t k\u00f6nny\u00edti meg, hanem a \u201eSmarter AI for All\u201d filoz\u00f3fia jegy\u00e9ben mag\u00e1t a sport\u00e1gat is megpr\u00f3b\u00e1lja demokratiz\u00e1lni. A vil\u00e1gbajnoks\u00e1gon deb\u00fct\u00e1l a FIFA AI Pro platform, egy generat\u00edv mesters\u00e9ges intelligenci\u00e1val megt\u00e1mogatott tud\u00e1sasszisztens, amit a Lenovo AI Factory seg\u00edts\u00e9g\u00e9vel \u00e9p\u00edtettek fel. A l\u00e9nyeg az es\u00e9lyegyenl\u0151s\u00e9g: a rendszert \u00e9s az abb\u00f3l kinyerhet\u0151, kor\u00e1bban csak a leggazdagabb klubok kiv\u00e1lts\u00e1g\u00e1nak sz\u00e1m\u00edt\u00f3 m\u00e9ly taktikai elemz\u00e9seket \u00e9s adatokat mind a 48 r\u00e9szt vev\u0151 csapat ingyen megkapja, kiegyenl\u00edtve ezzel az er\u0151viszonyokat az elemz\u0151i h\u00e1tt\u00e9rmunka ter\u00e9n.<\/p>\n<p>A v\u00e9gs\u0151 c\u00e9l persze az, ami minden futballszurkol\u00f3 \u00e1lma \u00e9s r\u00e9m\u00e1lma is egyben: az emberi t\u00e9nyez\u0151, a szubjekt\u00edv b\u00edr\u00f3i d\u00f6nt\u00e9sek minimaliz\u00e1l\u00e1sa. A rendszer m\u00e1r k\u00e9pes azonnal, a j\u00e1t\u00e9k meg\u00e1ll\u00edt\u00e1sa n\u00e9lk\u00fcl jelezni a partjelz\u0151k f\u00fclhallgat\u00f3j\u00e1ra a nyilv\u00e1nval\u00f3 leshelyzeteket, elker\u00fclve ezzel a feleslegesen tov\u00e1bbengedett, percekig visszavide\u00f3zott akci\u00f3kat. Felmer\u00fcl persze a k\u00e9rd\u00e9s, hogy vajon meg\u00e9ri-e ez a doll\u00e1rmilli\u00f3kat \u00e9s gigantikus szerverparkokat felem\u00e9szt\u0151 technol\u00f3giai hadvisel\u00e9s csak az\u00e9rt, hogy a b\u00edr\u00f3k megfogjanak egy-k\u00e9t centis leshelyzeteket. A FIFA v\u00e1lasza viszont erre egy hat\u00e1rozott igen. Egy vil\u00e1gbajnoks\u00e1gon sz\u00f3 szerint centim\u00e9tereken \u00e9s tizedm\u00e1sodperceken m\u00falhat nemzetek sorsa, a Lenovo infrastrukt\u00far\u00e1ja \u00e9s a digit\u00e1lis kl\u00f3nok pedig mostant\u00f3l k\u00edm\u00e9letlen\u00fcl gondoskodnak r\u00f3la, hogy a kocsmai vit\u00e1kat \u00e9s az emberi t\u00e9ved\u00e9seket v\u00e9gleg felv\u00e1ltsa a matematikai val\u00f3s\u00e1g.<\/p>\n<p>A 2026-os labdar\u00fag\u00f3-vil\u00e1gbajnoks\u00e1g legizgalmasabb m\u00e9rk\u0151z\u00e9seit, a vitatott helyzeteket \u00e9s a torna minden rezd\u00fcl\u00e9s\u00e9t az Indexen percr\u0151l percre k\u00f6vetj\u00fck \u2013 <a href=\"https:\/\/index.hu\/sport\/futball\/2026\/vb\/\" id=\"hyperlink_1d972a36436fcc432610194a4195d9a7\" target=\"_blank\" rel=\"nofollow noopener\">kattintson ide<\/a> a legfrissebb h\u00edrek\u00e9rt, helysz\u00edni besz\u00e1mol\u00f3k\u00e9rt \u00e9s exkluz\u00edv elemz\u00e9sek\u00e9rt!<\/p>\n<p>\n                          (Bor\u00edt\u00f3k\u00e9p:\u00a0A FIFA Miamiban tal\u00e1lhat\u00f3 technol\u00f3giai ir\u00e1ny\u00edt\u00f3k\u00f6zpontja. Fot\u00f3: Lenovo)\n                        <\/p>\n<p><a href=\"https:\/\/dex.hu\/x.php?id=googlepref_desktop&amp;url=https:\/\/google.com\/preferences\/source?q=https:\/\/index.hu\" class=\"google-pref-banner \" id=\"googlePrefBanner\" rel=\"nofollow noopener\" target=\"_blank\"><\/p>\n<p>    Itt \u00e1ll\u00edtsa be, hogy az Index az els\u0151k k\u00f6z\u00f6tt legyen a Google-tal\u00e1latokban!<\/p>\n<p><\/a><\/p>\n<p>      <a class=\"\" href=\"https:\/\/indexadhu.hit.gemius.pl\/hitredir?id=d7.rQk91pCyMn7AhP950spbfLW9UV09Vz2WGFmgcDGv.N7&amp;stparam=ubqqhsgonq&amp;fastid=iaaimdmjgovrqxgmpnrdbsbmcajp&amp;nc=0&amp;url=https:\/\/aisummitbudapest.hu\/\" target=\"_blank\" rel=\"nofollow noopener\"><img decoding=\"async\" src=\"https:\/\/www.europesays.com\/hu\/wp-content\/uploads\/2026\/06\/1781729110_794_69486391_58fec5c1ccb7a721181e512a7783d891_wm.jpg\" width=\"100%\"\/><\/a><\/p>\n<p><img loading=\"lazy\" decoding=\"async\" src=\"https:\/\/www.europesays.com\/hu\/wp-content\/uploads\/2026\/06\/1781786955_658_redot.gif\" border=\"0\" height=\"0\" width=\"0\"\/><\/p>\n<p>                <a href=\"https:\/\/konyvek.index.hu\/\" target=\"_blank\" rel=\"nofollow noopener\"><br \/>\n                <img decoding=\"async\" src=\"https:\/\/index.hu\/assets\/images\/konyvajanlo\/book_indapress\/book_indapress_logo.svg\" loading=\"lazy\" alt=\"Inda Press Kiad\u00f3\"\/><br \/>\n                <\/a><\/p>\n<p>                <img decoding=\"async\" src=\"https:\/\/www.europesays.com\/hu\/wp-content\/uploads\/2026\/06\/1781537613_382_whatsnext.png\" loading=\"lazy\" alt=\"What's next is now!\"\/><\/p>\n<p>Mi lenne, ha a j\u00f6v\u0151 nem csak t\u00f6rt\u00e9nne veled, hanem te alak\u00edtan\u00e1d? Ez a k\u00f6nyv seg\u00edt felk\u00e9sz\u00fclni, sosem tapasztalt m\u00f3don. Tedd meg az els\u0151 l\u00e9p\u00e9st most.  <\/p>\n<p>                <a class=\"book_index_btn\" href=\"https:\/\/indexadhu.hit.gemius.pl\/hitredir?id=nSCbubuYpDWJZLZs0TssLrbt33Lk5kbipuiZrkg89G3.g7&amp;stparam=vcfjpqgmbf&amp;fastid=lplbwtajxrtlabdtadgtgveqxwlp&amp;nc=0&amp;url=https:\/\/www.indapresskiado.hu\/products\/whats-next-is-now-tervezd-a-jelent\" target=\"_blank\" rel=\"nofollow noopener\">MEGVESZEM<\/a><\/p>\n<p>    <img decoding=\"async\" src=\"https:\/\/www.europesays.com\/hu\/wp-content\/uploads\/2026\/06\/1781786956_763_redot.gif\"\/><\/p>\n<p>    <img decoding=\"async\" src=\"https:\/\/index.hu\/assets\/images\/social-follow\/logo-big.svg\" alt=\"Index.hu logo\"\/><\/p>\n<p>K\u00f6vesse az Indexet Facebookon is!<\/p>\n<p>    <a href=\"https:\/\/facebook.com\/Indexhu\" target=\"_blank\" rel=\"nofollow noopener\"><\/p>\n<p>        K\u00f6vetem!<br \/>\n    <\/a><\/p>\n","protected":false},"excerpt":{"rendered":"Kor\u00e1bban m\u00e1r lehet\u0151s\u00e9g\u00fcnk volt testk\u00f6zelb\u0151l is megtapasztalni, hogyan szuper\u00e1lnak a Lenovo-technol\u00f3gi\u00e1k a legnagyobb motorsport-k\u00f6zvet\u00edt\u00e9sek kulissz\u00e1i m\u00f6g\u00f6tt. 2024-ben a&hellip;\n","protected":false},"author":2,"featured_media":141897,"comment_status":"","ping_status":"","sticky":false,"template":"","format":"standard","meta":{"footnotes":"","_share_on_mastodon":"0"},"categories":[14],"tags":[282,152,4195,7631,24069,18361,44,42,40,40080,43,41,283,45,131,125,4411,4710],"class_list":["post-141896","post","type-post","status-publish","format-standard","has-post-thumbnail","category-sport","tag-ai","tag-ce-napi","tag-fifa","tag-foci-vb-2026","tag-futball-vb","tag-futball-vb-2026","tag-hu","tag-hungarian","tag-hungary","tag-lenovo","tag-magyar","tag-magyarorszag","tag-mesterseges-intelligencia","tag-sport","tag-sports","tag-technologia","tag-vb-2026","tag-vilagbajnoksag"],"share_on_mastodon":{"url":"https:\/\/pubeurope.com\/@hu\/116771197234083829","error":""},"_links":{"self":[{"href":"https:\/\/www.europesays.com\/hu\/wp-json\/wp\/v2\/posts\/141896","targetHints":{"allow":["GET"]}}],"collection":[{"href":"https:\/\/www.europesays.com\/hu\/wp-json\/wp\/v2\/posts"}],"about":[{"href":"https:\/\/www.europesays.com\/hu\/wp-json\/wp\/v2\/types\/post"}],"author":[{"embeddable":true,"href":"https:\/\/www.europesays.com\/hu\/wp-json\/wp\/v2\/users\/2"}],"replies":[{"embeddable":true,"href":"https:\/\/www.europesays.com\/hu\/wp-json\/wp\/v2\/comments?post=141896"}],"version-history":[{"count":0,"href":"https:\/\/www.europesays.com\/hu\/wp-json\/wp\/v2\/posts\/141896\/revisions"}],"wp:featuredmedia":[{"embeddable":true,"href":"https:\/\/www.europesays.com\/hu\/wp-json\/wp\/v2\/media\/141897"}],"wp:attachment":[{"href":"https:\/\/www.europesays.com\/hu\/wp-json\/wp\/v2\/media?parent=141896"}],"wp:term":[{"taxonomy":"category","embeddable":true,"href":"https:\/\/www.europesays.com\/hu\/wp-json\/wp\/v2\/categories?post=141896"},{"taxonomy":"post_tag","embeddable":true,"href":"https:\/\/www.europesays.com\/hu\/wp-json\/wp\/v2\/tags?post=141896"}],"curies":[{"name":"wp","href":"https:\/\/api.w.org\/{rel}","templated":true}]}}