{"id":142015,"date":"2026-06-18T14:41:14","date_gmt":"2026-06-18T14:41:14","guid":{"rendered":"https:\/\/www.europesays.com\/hu\/142015\/"},"modified":"2026-06-18T14:41:14","modified_gmt":"2026-06-18T14:41:14","slug":"telex-kovacs-istvan-jatekvezeto-kulonleges-mezben-mutatkozik-be-ove-az-ezredik-vb-meccs","status":"publish","type":"post","link":"https:\/\/www.europesays.com\/hu\/142015\/","title":{"rendered":"Telex: Kov\u00e1cs Istv\u00e1n j\u00e1t\u00e9kvezet\u0151 k\u00fcl\u00f6nleges mezben mutatkozik be, \u00f6v\u00e9 az ezredik vb-meccs"},"content":{"rendered":"<p><img decoding=\"async\" src=\"https:\/\/www.europesays.com\/hu\/wp-content\/uploads\/2026\/06\/1781788471-temp-6uvhcldd9a47coofbkp_hero-normal:xl.jpg\"  loading=\"eager\" alt=\"Kov\u00e1cs Istv\u00e1n j\u00e1t\u00e9kvezet\u0151 k\u00fcl\u00f6nleges mezben mutatkozik be, \u00f6v\u00e9 az ezredik vb-meccs\" class=\"placeholder_\"\/><\/p>\n<p>Collina \u00e9s Kov\u00e1cs Istv\u00e1n Miamiban, a j\u00e1t\u00e9kvezet\u0151i b\u00e1zison mutatt\u00e1k be a k\u00fcl\u00f6nleges mezt \u2013 Fot\u00f3: FIFA<\/p>\n<p><a href=\"https:\/\/telex.hu\/szerzo\/aghassi-attila\" class=\"author__avatar\" rel=\"nofollow noopener\" target=\"_blank\"><img decoding=\"async\" src=\"https:\/\/www.europesays.com\/hu\/wp-content\/uploads\/2026\/05\/1779826988_162__JO_4992_avatar@4x.jpeg\" alt=\"\u00c1ghassi Attila\" class=\"avatar\" loading=\"lazy\"\/><\/a><\/p>\n<p>\u00c1ll\u00edtsd be a Telexet megb\u00edzhat\u00f3 forr\u00e1snak!<\/p>\n<p>A tavalyi Bajnokok Lig\u00e1ja d\u00f6nt\u0151je ut\u00e1n \u00fajabb megtisztel\u0151 feladatot kapott a rom\u00e1niai Kov\u00e1cs Istv\u00e1n. A Jap\u00e1n\u2013Tun\u00e9zia tal\u00e1lkoz\u00f3t kapta meg a vil\u00e1gbajnoks\u00e1gon, aminek a k\u00fcl\u00f6nlegess\u00e9ge, hogy ez lesz az ezredik vb-m\u00e9rk\u0151z\u00e9s, emiatt k\u00fcl\u00f6nleges mezben l\u00e9phet majd p\u00e1ly\u00e1ra a mexik\u00f3i Monterreyben. Kov\u00e1cs mez\u00e9n ott lesz majd az 1000-es sz\u00e1m az aranysz\u00edn\u0171 cs\u00edkok \u00e9s a tr\u00f3fea mellett. A meccset magyar id\u0151 szerint vas\u00e1rnap reggel hat \u00f3rakor rendezik.<\/p>\n<p>\u201eAzt a j\u00e1t\u00e9kvezet\u0151t v\u00e1lasztottuk, akit a legjobbnak tartunk erre a m\u00e9rk\u0151z\u00e9sre. \u00c9s persze v\u00e9letlen\u00fcl az \u00f6v\u00e9 az ezredik m\u00e9rk\u0151z\u00e9s is. Sz\u00f3val, sz\u00e1m\u00e1ra ez valami plusz, a t\u00f6rt\u00e9nelem r\u00e9sz\u00e9v\u00e9 v\u00e1lik. B\u00e1r egy vil\u00e1gbajnoks\u00e1gon b\u00edr\u00e1skodni mindig hatalmas kiv\u00e1lts\u00e1g, \u00e9s nagy megtiszteltet\u00e9s\u201d \u2013 <a href=\"https:\/\/inside.fifa.com\/refereeing\/news\/istvan-kovacs-refereeing-landmark-match-1-000-world-cup\" target=\"_blank\" rel=\"nofollow noopener\">mondta Pierluigi Collina<\/a>, a FIFA j\u00e1t\u00e9kvezet\u0151i bizotts\u00e1g\u00e1nak eln\u00f6ke.<\/p>\n<p>A nagyk\u00e1rolyi sz\u00fclet\u00e9s\u0171 Kov\u00e1cs munk\u00e1j\u00e1t ez\u00fattal is Mihai Marica \u00e9s a zilahi Tunyogi Ferencz seg\u00edtik, a tartal\u00e9k j\u00e1t\u00e9kvezet\u0151 a Costa Rica-i Juan Calder\u00f3n lesz.<\/p>\n<p>A 41 \u00e9ves Kov\u00e1csot a FIFA honlapja Eur\u00f3pa egyik legkiv\u00e1l\u00f3bb j\u00e1t\u00e9kvezet\u0151j\u00e9nek nevezte, aki tagja volt a 2022-es katari vb-n a m\u00e9rk\u0151z\u00e9svezet\u0151i csapatoknak. Eg\u00e9szen pontosan nyolc m\u00e9rk\u0151z\u00e9sen szolg\u00e1lt negyedik j\u00e1t\u00e9kvezet\u0151k\u00e9nt, most azonban \u0151 dirig\u00e1l egy v\u00e1rhat\u00f3an fesz\u00fclt meccsen.<\/p>\n<p>Tun\u00e9zia a sv\u00e9dek elleni s\u00falyos, 5\u20131-es veres\u00e9ge ut\u00e1n <a href=\"https:\/\/telex.hu\/sport\/2026\/06\/15\/tunezia-szovetsegi-kapitany-kirugas-focivebe\" class=\"\" rel=\"nofollow noopener\" target=\"_blank\">menesztette a kapit\u00e1ny\u00e1t<\/a>, egy \u00fajabb veres\u00e9ggel feltehet\u0151en kiesne. Jap\u00e1n izgalmas, <a href=\"https:\/\/telex.hu\/sport\/2026\/06\/15\/hollandia-japan-foci-vb-csoportkor-osszefoglalo\" class=\"\" rel=\"nofollow noopener\" target=\"_blank\">2\u20132-es meccsen mutatkozott be<\/a> Hollandia ellen, egy gy\u0151zelemmel szinte biztosan tov\u00e1bbmenne.<\/p>\n<p>Partnereinkt\u0151l<\/p>\n<p>K\u00f6vess minket Facebookon is!<\/p>\n","protected":false},"excerpt":{"rendered":"Collina \u00e9s Kov\u00e1cs Istv\u00e1n Miamiban, a j\u00e1t\u00e9kvezet\u0151i b\u00e1zison mutatt\u00e1k be a k\u00fcl\u00f6nleges mezt \u2013 Fot\u00f3: FIFA \u00c1ll\u00edtsd be&hellip;\n","protected":false},"author":2,"featured_media":142016,"comment_status":"","ping_status":"","sticky":false,"template":"","format":"standard","meta":{"footnotes":"","_share_on_mastodon":"0"},"categories":[14],"tags":[7631,44,42,40,11434,6494,43,41,45,131],"class_list":["post-142015","post","type-post","status-publish","format-standard","has-post-thumbnail","category-sport","tag-foci-vb-2026","tag-hu","tag-hungarian","tag-hungary","tag-jatekvezeto","tag-kovacs-istvan","tag-magyar","tag-magyarorszag","tag-sport","tag-sports"],"share_on_mastodon":{"url":"https:\/\/pubeurope.com\/@hu\/116771637605686857","error":""},"_links":{"self":[{"href":"https:\/\/www.europesays.com\/hu\/wp-json\/wp\/v2\/posts\/142015","targetHints":{"allow":["GET"]}}],"collection":[{"href":"https:\/\/www.europesays.com\/hu\/wp-json\/wp\/v2\/posts"}],"about":[{"href":"https:\/\/www.europesays.com\/hu\/wp-json\/wp\/v2\/types\/post"}],"author":[{"embeddable":true,"href":"https:\/\/www.europesays.com\/hu\/wp-json\/wp\/v2\/users\/2"}],"replies":[{"embeddable":true,"href":"https:\/\/www.europesays.com\/hu\/wp-json\/wp\/v2\/comments?post=142015"}],"version-history":[{"count":0,"href":"https:\/\/www.europesays.com\/hu\/wp-json\/wp\/v2\/posts\/142015\/revisions"}],"wp:featuredmedia":[{"embeddable":true,"href":"https:\/\/www.europesays.com\/hu\/wp-json\/wp\/v2\/media\/142016"}],"wp:attachment":[{"href":"https:\/\/www.europesays.com\/hu\/wp-json\/wp\/v2\/media?parent=142015"}],"wp:term":[{"taxonomy":"category","embeddable":true,"href":"https:\/\/www.europesays.com\/hu\/wp-json\/wp\/v2\/categories?post=142015"},{"taxonomy":"post_tag","embeddable":true,"href":"https:\/\/www.europesays.com\/hu\/wp-json\/wp\/v2\/tags?post=142015"}],"curies":[{"name":"wp","href":"https:\/\/api.w.org\/{rel}","templated":true}]}}