{"id":14252,"date":"2026-03-04T06:04:10","date_gmt":"2026-03-04T06:04:10","guid":{"rendered":"https:\/\/www.europesays.com\/hu\/14252\/"},"modified":"2026-03-04T06:04:10","modified_gmt":"2026-03-04T06:04:10","slug":"kiderult-mi-volt-a-felnottfilmes-kovi-es-medveczky-ilona-kozt-szerelemrol-vallott-egyikuk-hazai-sztar","status":"publish","type":"post","link":"https:\/\/www.europesays.com\/hu\/14252\/","title":{"rendered":"Kider\u00fclt, mi volt a feln\u0151ttfilmes Kovi \u00e9s Medveczky Ilona k\u00f6zt: szerelemr\u0151l vallott egyik\u00fck &#8211; Hazai szt\u00e1r"},"content":{"rendered":"<p>A feln\u0151ttfilm rendez\u0151 Kovi szerelmes volt Medveczky Ilon\u00e1ba, kider\u00fclt, mi volt k\u00f6zt\u00fck.<\/p>\n<p>                        Kovi \u00e9s Medveczky Ilona<\/p>\n<p>Ritk\u00e1n l\u00e1tni ennyire zavarban a mindig magabiztosnak t\u0171n\u0151 Kov\u00e1cs Istv\u00e1n &#8222;Kovit&#8221;. A feln\u0151ttfilm producer-rendez\u0151 egy friss besz\u00e9lget\u00e9sben \u0151szint\u00e9n mes\u00e9lt arr\u00f3l, milyen \u00e9rz\u00e9sek f\u0171zt\u00e9k egykor a legend\u00e1s t\u00e1ncm\u0171v\u00e9szhez, Medveczky Ilonahoz \u00e9s bevallotta, nem csup\u00e1n tiszteletr\u0151l volt sz\u00f3.<\/p>\n<p>A Vil\u00e1gtal\u00e1lkoz\u00f3 c\u00edm\u0171 YouTube-m\u0171sorban ker\u00fclt sz\u00f3ba az els\u0151 tal\u00e1lkoz\u00e1suk, a k\u00e9rd\u00e9s hallat\u00e1n Kovi l\u00e1that\u00f3an elpirult, \u00e9s nevetve jegyezte meg, mennyire kellemetlen helyzetbe hozt\u00e1k. Felid\u00e9zte, hogy abban az id\u0151ben egy olyan ikonr\u00f3l besz\u00e9ltek, aki igazi szexszimb\u00f3lumnak sz\u00e1m\u00edtott, \u00e9s akinek a megjelen\u00e9se filmen vagy telev\u00edzi\u00f3ban k\u00fcl\u00f6nleges esem\u00e9ny volt.<\/p>\n<p>A rendez\u0151 v\u00e9g\u00fcl \u00f6sszeszedte a gondolatait, \u00e9s kimondta azt, amit kor\u00e1bban tal\u00e1n kevesen sejtettek, fiatalon szerelmes volt Medveczky Ilon\u00e1ba. Amikor a m\u0171sorvezet\u0151 r\u00e1k\u00e9rdezett, val\u00f3ban ilyen egy\u00e9rtelm\u0171en kijelenthet\u0151-e ez, Kovi hat\u00e1rozott igennel felelt &#8211; \u00edrta meg a <a href=\"https:\/\/story.hu\/napi-friss\/2026\/03\/02\/kovacs-istvan-kovi-szerelmes-voltam-medveczky-ilonaba\/\" id=\"hyperlink_6fc1c85daa3f8783c70d779b1d9510ed\" rel=\"nofollow noopener\" target=\"_blank\">Story.hu<\/a>.<\/p>\n<p>B\u00e1r a fell\u00e1ngol\u00e1s a m\u00falt\u00e9, a kapcsolat nem szakadt meg k\u00f6zt\u00fck. Kovi el\u00e1rulta, hogy a mai napig tartj\u00e1k egym\u00e1ssal a kapcsolatot, \u00fczenetben k\u00f6sz\u00f6ntik fel a m\u00e1sikat sz\u00fclet\u00e9s- \u00e9s n\u00e9vnap alkalm\u00e1b\u00f3l, s\u0151t id\u0151nk\u00e9nt telefonon is besz\u00e9lnek.\u00a0<\/p>\n<p>A producer ugyanakkor hangs\u00falyozta, a legnagyobb szerelem az \u00e9let\u00e9ben a feles\u00e9ge. Elmond\u00e1sa szerint rajong\u00f3 alkat, \u00e9rzelmeit pedig sosem rejti v\u00e9ka al\u00e1, k\u00fcl\u00f6n\u00f6sen otthon nem.\u00a0<\/p>\n<p>Kovi \u00e9s kedvese 45 \u00e9ve h\u00e1zasok, kapcsolatuk pedig az id\u0151 pr\u00f3b\u00e1j\u00e1t is ki\u00e1llta. A rendez\u0151 meghat\u00f3 \u0151szintes\u00e9ggel besz\u00e9lt arr\u00f3l is, hogy egy kor\u00e1bbi, rosszul siker\u00fclt t\u00e9rdm\u0171t\u00e9t ut\u00e1n s\u00falyos lelki m\u00e9lypontra ker\u00fclt, olyan kil\u00e1t\u00e1stalannak \u00e9rezte a helyzet\u00e9t, hogy feles\u00e9ge t\u00e1mogat\u00e1sa n\u00e9lk\u00fcl tal\u00e1n nem tudott volna talpra \u00e1llni.<\/p>\n<p>                                    <a href=\"https:\/\/femina.hu\/hazai_sztar\/kovi-felesege-2026\/\" title=\"\" rel=\"nofollow noopener\" target=\"_blank\"><br \/>\n                                    <img decoding=\"async\" src=\"https:\/\/www.europesays.com\/hu\/wp-content\/uploads\/2026\/03\/67720291_4999991_f5ff89210a5941a9dc4f6ed2393fa1c5_wm.jpg\" alt=\"\" title=\"\"\/><br \/>\n                                <\/a><\/p>\n<p>                                \u0150 a feln\u0151ttfilmes Kovi b\u00e1jos feles\u00e9ge m\u00e1r 46 \u00e9ve: Magdival ez\u00e9rt nem sz\u00fcletett gyerek\u00fck<\/p>\n<p class=\"lead\">Kovi k\u00f6zel 50 \u00e9ve rajong a feles\u00e9g\u00e9\u00e9rt, Magdi\u00e9rt, akivel egy\u00fctt n\u00e9zt\u00e9k meg A Birodalom sorozatot a premieren.<\/p>\n<p>                                <a href=\"https:\/\/femina.hu\/hazai_sztar\/kovi-felesege-2026\/\" class=\"btn btn-normal\" rel=\"nofollow noopener\" target=\"_blank\">Elolvasom<\/a><\/p>\n<p>\n                          Cover-fot\u00f3: MTI\/Szigetv\u00e1ry Zsolt, YouTube\n                        <\/p>\n<p>                                    <img loading=\"lazy\" decoding=\"async\" src=\"https:\/\/www.europesays.com\/hu\/wp-content\/uploads\/2026\/03\/1772444290_575_67492779_fcd5db0fb24028708c3782614e7ca29e_wm.jpg\" width=\"200\" height=\"290\" alt=\"\"\/><br \/>\n                            \t    \tAZ \u00d6NSZERETET NEM \u00d6NZ\u00c9S &#8211; Hogyan fogadd el magad jobban, hogy boldogabb l\u00e9gy?<\/p>\n<p>A boldog \u00e9let els\u0151 sz\u00e1m\u00fa felt\u00e9tele, hogy j\u00f3ban legy\u00fcnk magunkkal.\u00a0A legfontosabb kapcsolat, ami \u00e9let\u00fcnkben elk\u00eds\u00e9r, az \u00f6nmagunkkal val\u00f3 kapcsolat. M\u00e9gis, sokszor \u00e9ppen magunkkal b\u00e1nunk a legszigor\u00fabban. Folyton m\u00e9ricsk\u00e9lj\u00fck, elv\u00e1r\u00e1sokkal \u00e9s b\u00edr\u00e1lattal figyelj\u00fck minden egyes l\u00e9p\u00e9s\u00fcnket, mik\u00f6zben bel\u00fcl mindannyian arra v\u00e1gyunk, hogy elfogadjanak \u2013 hogy mi is elfogadjuk saj\u00e1t magunkat.\u00a0Dr. Buda L\u00e1szl\u00f3 \u00e9s Peller Mariann arr\u00f3l besz\u00e9lgetnek a <a href=\"https:\/\/indaevents.hu\/e\/budalaszlo-pellermariann\" rel=\"nofollow noopener\" target=\"_blank\">Femina Klub \u00fajabb el\u0151ad\u00e1s\u00e1n<\/a>, hogy hogyan tudunk kapcsol\u00f3dni \u00f6nmagunkhoz.<\/p>\n<p><a href=\"https:\/\/indaevents.hu\/e\/budalaszlo-pellermariann#price\" rel=\"nofollow noopener\" target=\"_blank\">Birtos\u00edtsd be a helyed most!<\/a><\/p>\n<p class=\"promocio\">Prom\u00f3ci\u00f3<\/p>\n","protected":false},"excerpt":{"rendered":"A feln\u0151ttfilm rendez\u0151 Kovi szerelmes volt Medveczky Ilon\u00e1ba, kider\u00fclt, mi volt k\u00f6zt\u00fck. Kovi \u00e9s Medveczky Ilona Ritk\u00e1n l\u00e1tni&hellip;\n","protected":false},"author":2,"featured_media":14253,"comment_status":"","ping_status":"","sticky":false,"template":"","format":"standard","meta":{"footnotes":"","_share_on_mastodon":"0"},"categories":[21],"tags":[198,137,206,199,44,42,40,6494,43,41,8532,138,205,328],"class_list":["post-14252","post","type-post","status-publish","format-standard","has-post-thumbnail","category-hiressegek","tag-celebrities","tag-entertainment","tag-hazai-sztar","tag-hiressegek","tag-hu","tag-hungarian","tag-hungary","tag-kovacs-istvan","tag-magyar","tag-magyarorszag","tag-medveczky-ilona","tag-szorakozas","tag-sztar","tag-vallomas"],"share_on_mastodon":{"url":"https:\/\/pubeurope.com\/@hu\/116169399498500508","error":""},"_links":{"self":[{"href":"https:\/\/www.europesays.com\/hu\/wp-json\/wp\/v2\/posts\/14252","targetHints":{"allow":["GET"]}}],"collection":[{"href":"https:\/\/www.europesays.com\/hu\/wp-json\/wp\/v2\/posts"}],"about":[{"href":"https:\/\/www.europesays.com\/hu\/wp-json\/wp\/v2\/types\/post"}],"author":[{"embeddable":true,"href":"https:\/\/www.europesays.com\/hu\/wp-json\/wp\/v2\/users\/2"}],"replies":[{"embeddable":true,"href":"https:\/\/www.europesays.com\/hu\/wp-json\/wp\/v2\/comments?post=14252"}],"version-history":[{"count":0,"href":"https:\/\/www.europesays.com\/hu\/wp-json\/wp\/v2\/posts\/14252\/revisions"}],"wp:featuredmedia":[{"embeddable":true,"href":"https:\/\/www.europesays.com\/hu\/wp-json\/wp\/v2\/media\/14253"}],"wp:attachment":[{"href":"https:\/\/www.europesays.com\/hu\/wp-json\/wp\/v2\/media?parent=14252"}],"wp:term":[{"taxonomy":"category","embeddable":true,"href":"https:\/\/www.europesays.com\/hu\/wp-json\/wp\/v2\/categories?post=14252"},{"taxonomy":"post_tag","embeddable":true,"href":"https:\/\/www.europesays.com\/hu\/wp-json\/wp\/v2\/tags?post=14252"}],"curies":[{"name":"wp","href":"https:\/\/api.w.org\/{rel}","templated":true}]}}