{"id":142620,"date":"2026-06-19T00:37:11","date_gmt":"2026-06-19T00:37:11","guid":{"rendered":"https:\/\/www.europesays.com\/hu\/142620\/"},"modified":"2026-06-19T00:37:11","modified_gmt":"2026-06-19T00:37:11","slug":"170-millioig-szamoltam-fluor-tomi-kitalalt-az-nka-tamogatasokrol-egy-enekesnonek-is-odaszurt","status":"publish","type":"post","link":"https:\/\/www.europesays.com\/hu\/142620\/","title":{"rendered":"\u201e170 milli\u00f3ig sz\u00e1moltam\u201d \u2013 Fluor Tomi kit\u00e1lalt az NKA-t\u00e1mogat\u00e1sokr\u00f3l, egy \u00e9nekesn\u0151nek is odasz\u00fart"},"content":{"rendered":"<p>Vajon mi\u00e9rt jutott egyeseknek 170 milli\u00f3 forint, mik\u00f6zben m\u00e1sokat kitiltottak a v\u00e1rosokb\u00f3l? Hogyan v\u00e1lt politikai kifizet\u0151helly\u00e9 a Nemzeti Kultur\u00e1lis Alap (NKA)? Fluor Tomi a H\u00e1zon k\u00edv\u00fcl st\u00e1bj\u00e1nak besz\u00e9lt arr\u00f3l, hogyan \u00e9lte meg az elm\u00falt \u00e9veket \u201em\u00e1sodrang\u00fa polg\u00e1rk\u00e9nt\u201d, \u00e9s mi\u00e9rt gondolja \u00fagy, hogy bizonyos \u00e9nekesekre \u00f6r\u00f6kre r\u00e1\u00e9g a korm\u00e1nyzati szerepv\u00e1llal\u00e1s.<\/p>\n<p>Hossz\u00fa \u00e9vek ut\u00e1n el\u0151sz\u00f6r \u00e9rez megk\u00f6nnyebb\u00fcl\u00e9st Fluor Tomi<\/p>\n<p>Az \u00e9nekes a H\u00e1zon k\u00edv\u00fclnek adott m\u00e9lyinterj\u00faban besz\u00e9lt arr\u00f3l a fojtogat\u00f3 l\u00e9gk\u00f6rr\u0151l, amelyben az elm\u00falt m\u00e1sf\u00e9l \u00e9vtizedet t\u00f6lt\u00f6tte. Mint mondta,\u00a0<\/p>\n<p class=\"highlight highlight--1\">lelkileg rendk\u00edv\u00fcl megviselte az a m\u00e9ltatlan \u00e1llapot, amit egyfajta alternat\u00edv val\u00f3s\u00e1gk\u00e9nt \u00edrt le, \u00e9s amelyben folyamatos szorong\u00e1ssal tekintett a j\u00f6v\u0151be.<\/p>\n<p>\u00a0A zen\u00e9sz szerint egy olyan korszak v\u00e9g\u00e9re \u00e9rhett\u00fcnk most, amelyben \u00e1lland\u00f3 volt a f\u00e9lelem att\u00f3l, hogy mikor tesznek t\u00f6nkre egy klubot, egy fesztiv\u00e1lt, vagy \u00e9ppen mikor \u00e9p\u00edtenek lak\u00f3parkot a szabad strandok hely\u00e9re.<\/p>\n<p>Fluor Tomi nem rejtette v\u00e9ka al\u00e1 v\u00e9lem\u00e9ny\u00e9t\u00a0<\/p>\n<p>Fluor Tomi \u00fagy l\u00e1tja, a legut\u00f3bbi v\u00e1laszt\u00e1si eredm\u00e9nyek mentett\u00e9k meg az orsz\u00e1got egy feh\u00e9rorosz t\u00edpus\u00fa \u00fatt\u00f3l \u00e9s az Eur\u00f3pai Uni\u00f3b\u00f3l val\u00f3 kivezet\u00e9st\u0151l. Most v\u00e9gre nem m\u00e1sodrang\u00fa polg\u00e1rk\u00e9nt kell mag\u00e1ra tekintenie, \u00e9s b\u00e1r sokszor megkapta a kritik\u00e1t, hogy sikeres el\u0151ad\u00f3k\u00e9nt ne panaszkodjon, erre hat\u00e1rozott v\u00e1lasza van:\u00a0<\/p>\n<p>Igen, csak nem a Fidesz miatt, hanem annak ellen\u00e9re.<\/p>\n<p>Az \u00e9nekes hangs\u00falyozta, hogy sikerei dac\u00e1ra sem tud \u00e9rz\u00e9ketlen maradni az orsz\u00e1g sorsa ir\u00e1nt, \u00e9s d\u00fch\u00edti, hogy egy eg\u00e9sz gener\u00e1ci\u00f3 feln\u00f6v\u00e9se alatt mennyi minden alakulhatott volna jobban.<\/p>\n<p>Tilt\u00e1s \u00e9s NKA-s t\u00e1mogat\u00e1sok<\/p>\n<p>Az interj\u00fa egyik leger\u0151sebb \u00e1ll\u00edt\u00e1sa a zen\u00e9szeket \u00e9rint\u0151 feketelist\u00e1kr\u00f3l \u00e9s az anyagi ellehetetlen\u00edt\u00e9sr\u0151l sz\u00f3lt. Fluor elmondta, hogy nagyj\u00e1b\u00f3l\u00a0<\/p>\n<p class=\"highlight highlight--1\">15 olyan v\u00e1rost tudna felsorolni, ahonnan egyszer\u0171en kitiltott\u00e1k \u0151ket.\u00a0<\/p>\n<p>Szerencsre p\u00e9ld\u00e1ul t\u00f6bbsz\u00f6r is h\u00edvt\u00e1k volna a zenekart, de a politika mindig k\u00f6zbesz\u00f3lt. Az \u00e9nekes tudatosan v\u00e1llalta az anyagi kies\u00e9st \u00e9s azt is, hogy a r\u00e1di\u00f3k kevesebbet j\u00e1tssz\u00e1k a dalait, mert az igazs\u00e1g\u00e9rzete nem hagyta hallgatni. \u00dagy fogalmazott, hogy a hatalom r\u00e9sz\u00e9r\u0151l \u00e9rkez\u0151 lej\u00e1rat\u00f3kamp\u00e1nyok \u00e9s az \u201e\u00fatsz\u00e9li, gusztustalan st\u00edlus\u201d olyan m\u00e9lys\u00e9geket \u00fct\u00f6tt meg, amit \u0151 m\u00e9g a legdurv\u00e1bb sz\u00f6vegeiben sem tudna alulm\u00falni. \u201e16 *gr\u00e1n\u00e1tot \u00edrok, akkor sem \u00e9rek a nyom\u00e1ba annak a fert\u0151nek, amit \u0151k m\u0171veltek\u201d \u2013 tette hozz\u00e1.<\/p>\n<p>A besz\u00e9lget\u00e9s sor\u00e1n k\u00f6zponti t\u00e9m\u00e1t szolg\u00e1ltatott a Nemzeti Kultur\u00e1lis Alap (NKA) m\u0171k\u00f6d\u00e9se is. Fluor eml\u00e9keztetett:<\/p>\n<p class=\"highlight highlight--1\">\u00a0az Orb\u00e1n-korm\u00e1ny a zen\u00e9szek megk\u00e9rdez\u00e9se n\u00e9lk\u00fcl vette el a jogd\u00edjak 25 sz\u00e1zal\u00e9k\u00e1t, amit elvileg a felt\u00f6rekv\u0151 tehets\u00e9gek t\u00e1mogat\u00e1s\u00e1ra kellett volna ford\u00edtani.\u00a0<\/p>\n<p>Ehelyett azonban politikai alap\u00fa osztogat\u00e1s kezd\u0151d\u00f6tt. Az \u00e9nekes szerint d\u00f6bbenetes \u00f6sszegek v\u00e1ndoroltak olyan \u201einakt\u00edv\u201d el\u0151ad\u00f3khoz, akik \u00e9rdemi teljes\u00edtm\u00e9ny n\u00e9lk\u00fcl vettek fel milli\u00f3kat sz\u00f6veg\u00edr\u00e1sra vagy olyan dalokra, amelyek senkit nem \u00e9rdekeltek.<\/p>\n<p>A zen\u00e9sz egy konkr\u00e9t, b\u00e1r meg nem nevezett p\u00e9ld\u00e1t is hozott a rendszer vissz\u00e1ss\u00e1gaira.\u00a0<\/p>\n<p>170 milli\u00f3ig sz\u00e1moltam az elm\u00falt k\u00e9t-h\u00e1rom \u00e9vben a t\u00e1mogat\u00e1s\u00e1t egy \u00e9nekesn\u0151nek<\/p>\n<p>\u2013 sz\u00fart oda koll\u00e9gan\u0151j\u00e9nek. Fluor szerint elfogadhatatlan, hogy a k\u00f6zp\u00e9nzeket arra haszn\u00e1lj\u00e1k, hogy megv\u00e1s\u00e1rolj\u00e1k a m\u0171v\u00e9szek lojalit\u00e1s\u00e1t.<\/p>\n<p>K\u00ednos \u00fczenetek a TikTokon<\/p>\n<p>K\u00fcl\u00f6n kit\u00e9rt azokra az el\u0151ad\u00f3kra is, akik a TikTokon vagy az Instagramon pr\u00f3b\u00e1lt\u00e1k n\u00e9pszer\u0171s\u00edteni a korm\u00e1nyzati \u00fczeneteket. Szerinte ezek a pr\u00f3b\u00e1lkoz\u00e1sok a fiatalok k\u00f6r\u00e9ben kontraprodukt\u00edvak \u00e9s k\u00ednosak voltak. \u00dagy v\u00e9li, azok a m\u0171v\u00e9szek, akik k\u00fcl\u00f6n\u00f6sen a v\u00e9ghajr\u00e1ban \u00e1lltak oda a hatalom mell\u00e9, s\u00falyos \u00e1rat fizetnek majd: ez a d\u00f6nt\u00e9s\u00fck \u00f6r\u00f6kre r\u00e1juk \u00e9g, \u00e9s nem fogj\u00e1k tudni levetk\u0151zni.<\/p>\n<p>Ugyanakkor Fluor Tomi optimista az \u00faj gener\u00e1ci\u00f3val kapcsolatban. B\u00fcszke azokra a fiatal \u201eharcosokra\u201d, akik ma m\u00e1r b\u00e1tran \u00edrnak dalokat arr\u00f3l, hogy eleg\u00fck van a rendszerb\u0151l. Eml\u00e9keztetett r\u00e1, hogy amikor \u0151t elkezdt\u00e9k tiltani, m\u00e9g nem volt ekkora s\u00falya az ilyen ki\u00e1ll\u00e1snak, \u00e9s kevesen \u00e1lltak mell\u00e9, de a mostani \u00f6sszefog\u00e1s \u00e9s b\u00e1tors\u00e1g rem\u00e9nyt ad a j\u00f6v\u0151re n\u00e9zve.<\/p>\n<p>Neked aj\u00e1nljuk:<a href=\"https:\/\/rtl.hu\/hazon-kivul\/2026\/06\/07\/ner-feketelista-konnyuzene-fluor-czutor\" rel=\"nofollow noopener\" target=\"_blank\">L\u00e9teztek zenei feketelist\u00e1k a NER alatt? Zen\u00e9szek \u00e9s szakmai szerepl\u0151k is megsz\u00f3laltak<\/a><\/p>\n","protected":false},"excerpt":{"rendered":"Vajon mi\u00e9rt jutott egyeseknek 170 milli\u00f3 forint, mik\u00f6zben m\u00e1sokat kitiltottak a v\u00e1rosokb\u00f3l? Hogyan v\u00e1lt politikai kifizet\u0151helly\u00e9 a Nemzeti&hellip;\n","protected":false},"author":2,"featured_media":142621,"comment_status":"","ping_status":"","sticky":false,"template":"","format":"standard","meta":{"footnotes":"","_share_on_mastodon":"0"},"categories":[21],"tags":[2902,198,43874,137,7420,16035,199,44,42,40,33859,43,1230,41,27518,27568,327,99,138,4455,13521],"class_list":["post-142620","post","type-post","status-publish","format-standard","has-post-thumbnail","category-hiressegek","tag-bulvar","tag-celebrities","tag-eloadomuveszet","tag-entertainment","tag-exkluziv-interju","tag-fluor-tomi","tag-hiressegek","tag-hu","tag-hungarian","tag-hungary","tag-kormanyzati-tamogatas","tag-magyar","tag-magyar-sztarok","tag-magyarorszag","tag-nemzeti-kulturalis-alap","tag-nka","tag-penz","tag-politika","tag-szorakozas","tag-tiltas","tag-zeneipar"],"share_on_mastodon":{"url":"https:\/\/pubeurope.com\/@hu\/116773980937103820","error":""},"_links":{"self":[{"href":"https:\/\/www.europesays.com\/hu\/wp-json\/wp\/v2\/posts\/142620","targetHints":{"allow":["GET"]}}],"collection":[{"href":"https:\/\/www.europesays.com\/hu\/wp-json\/wp\/v2\/posts"}],"about":[{"href":"https:\/\/www.europesays.com\/hu\/wp-json\/wp\/v2\/types\/post"}],"author":[{"embeddable":true,"href":"https:\/\/www.europesays.com\/hu\/wp-json\/wp\/v2\/users\/2"}],"replies":[{"embeddable":true,"href":"https:\/\/www.europesays.com\/hu\/wp-json\/wp\/v2\/comments?post=142620"}],"version-history":[{"count":0,"href":"https:\/\/www.europesays.com\/hu\/wp-json\/wp\/v2\/posts\/142620\/revisions"}],"wp:featuredmedia":[{"embeddable":true,"href":"https:\/\/www.europesays.com\/hu\/wp-json\/wp\/v2\/media\/142621"}],"wp:attachment":[{"href":"https:\/\/www.europesays.com\/hu\/wp-json\/wp\/v2\/media?parent=142620"}],"wp:term":[{"taxonomy":"category","embeddable":true,"href":"https:\/\/www.europesays.com\/hu\/wp-json\/wp\/v2\/categories?post=142620"},{"taxonomy":"post_tag","embeddable":true,"href":"https:\/\/www.europesays.com\/hu\/wp-json\/wp\/v2\/tags?post=142620"}],"curies":[{"name":"wp","href":"https:\/\/api.w.org\/{rel}","templated":true}]}}