{"id":142729,"date":"2026-06-19T03:52:07","date_gmt":"2026-06-19T03:52:07","guid":{"rendered":"https:\/\/www.europesays.com\/hu\/142729\/"},"modified":"2026-06-19T03:52:07","modified_gmt":"2026-06-19T03:52:07","slug":"kiderult-melyek-budapest-legveszelyesebb-utjai","status":"publish","type":"post","link":"https:\/\/www.europesays.com\/hu\/142729\/","title":{"rendered":"Kider\u00fclt, melyek Budapest legvesz\u00e9lyesebb \u00fatjai"},"content":{"rendered":"<p>Orsz\u00e1gosan ugyan alig-alig n\u0151tt a k\u00f6z\u00fati balesetek sz\u00e1ma, Budapesten ezzel szemben romlik a helyzet \u2013 \u00edrja a <a href=\"https:\/\/www.vezess.hu\/magazin\/2026\/06\/18\/itt-a-lista-budapest-legveszelyesebb-helyeirol\/\" target=\"_blank\" rel=\"noopener nofollow\">vezess.hu<\/a>.<\/p>\n<p>2026 els\u0151 n\u00e9gy h\u00f3napj\u00e1ban 898 szem\u00e9lyi s\u00e9r\u00fcl\u00e9ssel is j\u00e1r\u00f3 k\u00f6z\u00fati baleset t\u00f6rt\u00e9nt a f\u0151v\u00e1rosban, ami 15 sz\u00e1zal\u00e9kos n\u00f6veked\u00e9st jelent az el\u0151z\u0151 \u00e9vhez k\u00e9pest.<\/p>\n<p>Tavaly a XIII. ker\u00fcletben, a V\u00e1ci \u00faton t\u00f6rt\u00e9nt a legt\u00f6bb baleset, itt 36 s\u00e9r\u00fcl\u00e9ses balesetet regisztr\u00e1ltak. A m\u00e1sodik helyre a XVII. ker\u00fcleti Pesti \u00fat ker\u00fclt 32 balesettel, m\u00edg a dobog\u00f3 harmadik fok\u00e1n a Th\u00f6k\u00f6ly \u00fat v\u00e9gzett 31 esettel.<\/p>\n<p>A nyers adatok azonban nem \u00e1rulnak el mindent, ugyanis az utak hossz\u00e1t is figyelemebe v\u00e9ve m\u00e1smilyen k\u00e9p rajzol\u00f3dik ki. Ennek alapj\u00e1n \u2013 kilom\u00e9terre vet\u00edtve \u2013 a Ter\u00e9z k\u00f6r\u00fat lett a legvesz\u00e9lyesebb, ugyanis 2025-ben a mind\u00f6ssze 900 m\u00e9ter hossz\u00fa szakaszon 21 szem\u00e9lyi s\u00e9r\u00fcl\u00e9ssel is j\u00e1r\u00f3 baleset t\u00f6rt\u00e9nt. Ezt k\u00f6veti a J\u00f3zsef k\u00f6r\u00fat \u00e9s az Erzs\u00e9bet k\u00f6r\u00fat, azaz a Nagyk\u00f6r\u00fat t\u00f6bb r\u00e9sze is a legkock\u00e1zatosabb budapesti \u00fatszakaszok k\u00f6z\u00e9 tartozik.<\/p>\n<p>Mint \u00edrj\u00e1k, ez annak a tudat\u00e1ban is \u00e9rdekes, hogy az elm\u00falt \u00e9vek sor\u00e1n \u00fajabb \u00e9s \u00fajabb helyeken jelentek meg a fixen telep\u00edtett traffipaxok \u00e9s traffiboxok. \u00c9s b\u00e1r a hal\u00e1los balesetek sz\u00e1ma cs\u00f6kkenni l\u00e1tszik, a s\u00e9r\u00fcl\u00e9ses \u00fctk\u00f6z\u00e9sek\u00e9 egyre nagyobb Budapesten.<\/p>\n","protected":false},"excerpt":{"rendered":"Orsz\u00e1gosan ugyan alig-alig n\u0151tt a k\u00f6z\u00fati balesetek sz\u00e1ma, Budapesten ezzel szemben romlik a helyzet \u2013 \u00edrja a vezess.hu.&hellip;\n","protected":false},"author":2,"featured_media":142730,"comment_status":"","ping_status":"","sticky":false,"template":"","format":"standard","meta":{"footnotes":"","_share_on_mastodon":"0"},"categories":[22],"tags":[469,73,44,42,40,274,1431,43,41,1834,245],"class_list":["post-142729","post","type-post","status-publish","format-standard","has-post-thumbnail","category-budapest","tag-baleset","tag-budapest","tag-hu","tag-hungarian","tag-hungary","tag-kozlekedes","tag-kozut","tag-magyar","tag-magyarorszag","tag-statisztika","tag-vezetes"],"share_on_mastodon":{"url":"https:\/\/pubeurope.com\/@hu\/116774747752504231","error":""},"_links":{"self":[{"href":"https:\/\/www.europesays.com\/hu\/wp-json\/wp\/v2\/posts\/142729","targetHints":{"allow":["GET"]}}],"collection":[{"href":"https:\/\/www.europesays.com\/hu\/wp-json\/wp\/v2\/posts"}],"about":[{"href":"https:\/\/www.europesays.com\/hu\/wp-json\/wp\/v2\/types\/post"}],"author":[{"embeddable":true,"href":"https:\/\/www.europesays.com\/hu\/wp-json\/wp\/v2\/users\/2"}],"replies":[{"embeddable":true,"href":"https:\/\/www.europesays.com\/hu\/wp-json\/wp\/v2\/comments?post=142729"}],"version-history":[{"count":0,"href":"https:\/\/www.europesays.com\/hu\/wp-json\/wp\/v2\/posts\/142729\/revisions"}],"wp:featuredmedia":[{"embeddable":true,"href":"https:\/\/www.europesays.com\/hu\/wp-json\/wp\/v2\/media\/142730"}],"wp:attachment":[{"href":"https:\/\/www.europesays.com\/hu\/wp-json\/wp\/v2\/media?parent=142729"}],"wp:term":[{"taxonomy":"category","embeddable":true,"href":"https:\/\/www.europesays.com\/hu\/wp-json\/wp\/v2\/categories?post=142729"},{"taxonomy":"post_tag","embeddable":true,"href":"https:\/\/www.europesays.com\/hu\/wp-json\/wp\/v2\/tags?post=142729"}],"curies":[{"name":"wp","href":"https:\/\/api.w.org\/{rel}","templated":true}]}}