{"id":143826,"date":"2026-06-19T21:30:13","date_gmt":"2026-06-19T21:30:13","guid":{"rendered":"https:\/\/www.europesays.com\/hu\/143826\/"},"modified":"2026-06-19T21:30:13","modified_gmt":"2026-06-19T21:30:13","slug":"magyar-biro-dirigalja-a-sporttorteneti-1000-vb-meccset-infostart","status":"publish","type":"post","link":"https:\/\/www.europesays.com\/hu\/143826\/","title":{"rendered":"Magyar b\u00edr\u00f3 dirig\u00e1lja a sportt\u00f6rt\u00e9neti 1000. vb-meccset &#8211; Infostart"},"content":{"rendered":"<p><a href=\"https:\/\/news.google.com\/rss\/articles\/CBMilwFBVV95cUxQNjYwTXpsYWtpazdhbFk3ODBRTHFtcUF5bVVnRlBncHRXel83aEhTWlRPOGs5cDlaUzQxZHF3Skk3Y0VLVVJtelpxV1oteG8xWDY0b1lyZmZRb1FRcHRnTkROR2FPbW5sUjVUOFd6Zzh4Vjk3WHA0b2MyLXR1VUNiZVVteWItdUUzUWp3NjM5Y3RiUVVkQjFJ0gGcAUFVX3lxTE1jYmMtVGNWdFZKVGZKNUtNdll2VVkxcVNzdkl5c0JKdFlPRnppTEI3VzYzTklzODhwYU55YXhHYm0yTFBHbjZoZ2VfTGRFdnFPU25BZzkzUXIxQndEUVB5YVNGUEgtMFFQdzUxZW1xaEY4ZENWWVlhY09qQWlHaWFIN1czbzlENkNvOWtGSFJYempwVnlGZU9obWZncg?oc=5\" target=\"_blank\" rel=\"nofollow noopener\">Magyar b\u00edr\u00f3 dirig\u00e1lja a sportt\u00f6rt\u00e9neti 1000. vb-meccset<\/a>&nbsp;&nbsp;Infostart<a href=\"https:\/\/news.google.com\/rss\/articles\/CBMiekFVX3lxTFBsdTYyVTU0RVZHbXNKUmpJaVZxQ1FuMnE5ZG13V2hsRDc3azN4aXQ2Y2hQYkpfREJNbEdNYWlOalhDMzJxbTdzNWx0dXEwc0VqWnJ0VnpPajNCSzRzelhHVTE3ZWpuNzluckNJdkhzQ3JPdWREeTR6VHdn?oc=5\" target=\"_blank\" rel=\"nofollow noopener\">Sport: Kov\u00e1cs Istv\u00e1n meccset vezet a vil\u00e1gbajnoks\u00e1gon<\/a>&nbsp;&nbsp;| hvg.hu<a href=\"https:\/\/news.google.com\/rss\/articles\/CBMiqwFBVV95cUxQWEJIelFOeE5NaUdKQlRVcjl6RlNSNWE3MVNZaVJnYUFodm1WdDN5SEFyS01lQnFTUmNDa2hfSzdKekNvclE1Q2RMY1hqT2daYmdUdTAxNlFkSmhFQmZkd0pTZ3JlX2puQUpxM1NFVzV4S3pCOWItZWtHMzBsek43dVVKZDZKRmFxYzdJeVlfZWgzVk1nem8wY3NZc3UzWXlPS2lqQW5ZMG16NXM?oc=5\" target=\"_blank\" rel=\"nofollow noopener\">Collin\u00e1t\u00f3l kapott k\u00fcl\u00f6nleges mezben vezeti a vb-k 1000. meccs\u00e9t Kov\u00e1cs Istv\u00e1n<\/a>&nbsp;&nbsp;Nemzeti Sport<a href=\"https:\/\/news.google.com\/rss\/articles\/CBMimgFBVV95cUxONDk2T0xMZm41TUhqNTh2bDJaSnFhcTFnMDRKeHdaTW1kQzhoeHpWcTRSRVJ6czM0QUw5SUt4TnE0NjAyWGl5ZGwzLUVZWXViUDNhSmNTNlQtZmwwWnJGLXFZd1JkcFRhSV92YjY1ai1McWJkTnRXZXg3ZEtSOVpjMUpPcDFZX2V6bmJic0V4WkplMnhoTm9FYkVn?oc=5\" target=\"_blank\" rel=\"nofollow noopener\">K\u00fcl\u00f6nleges meccsel deb\u00fct\u00e1l a foci-v\u00e9b\u00e9n Kov\u00e1cs Istv\u00e1n<\/a>&nbsp;&nbsp;Transtelex<a href=\"https:\/\/news.google.com\/rss\/articles\/CBMiqwFBVV95cUxQbEY5NGZXTlYzT3NGWG1ZSVF1RFpLSUhtWUp5TlZ1Vl8yNE9fTEtJYXVqcUpUWUlsbWVHSDFBZERvOEhzU1IzVktXN21scDFHUTFoSUx4VFVTQ3lCa2ViWXJwUENyWFU4SE53NEsyRUJhcHpMaTF4NmVXQ3ZncnNhNWJzX3NiemEwaGNLenJ6V3FwN2RleExyUHYyX3daRUY5Q0VZVFZWRGZCREE?oc=5\" target=\"_blank\" rel=\"nofollow noopener\">Kov\u00e1cs Istv\u00e1n vezeti a foci vb-k t\u00f6rt\u00e9net\u00e9nek 1000. m\u00e9rk\u0151z\u00e9s\u00e9t \u2013 VIDE\u00d3<\/a>&nbsp;&nbsp;hirado.hu<\/p>\n","protected":false},"excerpt":{"rendered":"Magyar b\u00edr\u00f3 dirig\u00e1lja a sportt\u00f6rt\u00e9neti 1000. vb-meccset&nbsp;&nbsp;InfostartSport: Kov\u00e1cs Istv\u00e1n meccset vezet a vil\u00e1gbajnoks\u00e1gon&nbsp;&nbsp;| hvg.huCollin\u00e1t\u00f3l kapott k\u00fcl\u00f6nleges mezben vezeti&hellip;\n","protected":false},"author":2,"featured_media":143827,"comment_status":"","ping_status":"","sticky":false,"template":"","format":"standard","meta":{"footnotes":"","_share_on_mastodon":"0"},"categories":[14],"tags":[7631,44,42,40,503,6494,502,43,41,45,131,17369],"class_list":["post-143826","post","type-post","status-publish","format-standard","has-post-thumbnail","category-sport","tag-foci-vb-2026","tag-hu","tag-hungarian","tag-hungary","tag-japan","tag-kovacs-istvan","tag-labdarugas","tag-magyar","tag-magyarorszag","tag-sport","tag-sports","tag-tunezia"],"share_on_mastodon":{"url":"https:\/\/pubeurope.com\/@hu\/116778908048650174","error":""},"_links":{"self":[{"href":"https:\/\/www.europesays.com\/hu\/wp-json\/wp\/v2\/posts\/143826","targetHints":{"allow":["GET"]}}],"collection":[{"href":"https:\/\/www.europesays.com\/hu\/wp-json\/wp\/v2\/posts"}],"about":[{"href":"https:\/\/www.europesays.com\/hu\/wp-json\/wp\/v2\/types\/post"}],"author":[{"embeddable":true,"href":"https:\/\/www.europesays.com\/hu\/wp-json\/wp\/v2\/users\/2"}],"replies":[{"embeddable":true,"href":"https:\/\/www.europesays.com\/hu\/wp-json\/wp\/v2\/comments?post=143826"}],"version-history":[{"count":0,"href":"https:\/\/www.europesays.com\/hu\/wp-json\/wp\/v2\/posts\/143826\/revisions"}],"wp:featuredmedia":[{"embeddable":true,"href":"https:\/\/www.europesays.com\/hu\/wp-json\/wp\/v2\/media\/143827"}],"wp:attachment":[{"href":"https:\/\/www.europesays.com\/hu\/wp-json\/wp\/v2\/media?parent=143826"}],"wp:term":[{"taxonomy":"category","embeddable":true,"href":"https:\/\/www.europesays.com\/hu\/wp-json\/wp\/v2\/categories?post=143826"},{"taxonomy":"post_tag","embeddable":true,"href":"https:\/\/www.europesays.com\/hu\/wp-json\/wp\/v2\/tags?post=143826"}],"curies":[{"name":"wp","href":"https:\/\/api.w.org\/{rel}","templated":true}]}}