{"id":144208,"date":"2026-06-20T08:25:09","date_gmt":"2026-06-20T08:25:09","guid":{"rendered":"https:\/\/www.europesays.com\/hu\/144208\/"},"modified":"2026-06-20T08:25:09","modified_gmt":"2026-06-20T08:25:09","slug":"haiti-gyorsan-bebizonyitotta-hogy-nem-ok-a-48-csapatosra-duzzasztott-vilagbajnoksag-meglepetescsapata","status":"publish","type":"post","link":"https:\/\/www.europesays.com\/hu\/144208\/","title":{"rendered":"Haiti gyorsan bebizony\u00edtotta, hogy nem \u0151k a 48 csapatosra duzzasztott vil\u00e1gbajnoks\u00e1g meglepet\u00e9scsapata"},"content":{"rendered":"<p class=\"\">\n    Sim\u00e1n verte Braz\u00edlia Haitit a C csoport m\u00e1sodik fordul\u00f3j\u00e1ban. Az \u00f6r\u00f6m\u00fck az\u00e9rt nem lehet teljes, mert a meccsre eleve el sem utazott a m\u00e9g mindig nem eg\u00e9szs\u00e9ges Neymar, a j\u00f3l j\u00e1tsz\u00f3 Rafinh\u00e1t pedig a 40. percben le kellett cser\u00e9lni s\u00e9r\u00fcl\u00e9s miatt.\n  <\/p>\n<p class=\"\">\n    A vezet\u00e9st Cunha szerezte meg a braziloknak, a menteni akar\u00f3 Delcroix <a href=\"https:\/\/www.youtube.com\/watch?v=utx0jwIoQ5Q\" rel=\"nofollow noopener\" target=\"_blank\">r\u00fagta r\u00e1 a l\u00e1b\u00e1ra a labd\u00e1t<\/a>. Cunha azt\u00e1n dupl\u00e1zott Vinicius passza ut\u00e1n, majd az els\u0151 k\u00e9t g\u00f3lban is kulcsszerepet v\u00e1llal\u00f3 Vinicius \u00e9rt\u00e9kes\u00edtett egy ziccert. A brazil Marokk\u00f3 ellen is g\u00f3lt szerzett az els\u0151 fordul\u00f3ban.\n  <\/p>\n<p>            <img decoding=\"async\" class=\"_3k5lkz9 ta3a4c124\" src=\"https:\/\/cdn.sportmonks.com\/images\/soccer\/teams\/16\/18704.png\" role=\"presentation\" alt=\"\"\/><\/p>\n<p>              Braz\u00edlia<\/p>\n<p>                BRA<\/p>\n<p>\n            3<br \/>\n            &#8211;<br \/>\n            0\n        <\/p>\n<p>            <img decoding=\"async\" class=\"_3k5lkz9 ta3a4c124\" src=\"https:\/\/www.europesays.com\/hu\/wp-content\/uploads\/2026\/06\/18804.png\" role=\"presentation\" alt=\"\"\/><\/p>\n<p>              Haiti<\/p>\n<p>                HAI<\/p>\n<p>                V\u00e9ge<\/p>\n<p>            C csoport<\/p>\n<p>\n            M. Carneiro Da Cunha<br \/>\n        23&#8242;<\/p>\n<p>\n            M. Carneiro Da Cunha<br \/>\n        36&#8242;<\/p>\n<p>\n            V. J\u00fanior<br \/>\n        45+3&#8242;<\/p>\n<p>\n            D. dos Santos Justino de Melo<br \/>\n                65&#8242;<\/p>\n<p>\n            C. Arcus<br \/>\n                4&#8242;<\/p>\n<p>\n            F. Pierrot<br \/>\n                45+4&#8242;<\/p>\n<p>\n            D. Jean Jacques<br \/>\n                72&#8242;<\/p>\n<p class=\"\">\n    Az NBI szerelmeseinek fontos h\u00edr, hogy az utols\u00f3 20 percre be\u00e1llt Lenny Joseph, a Ferencv\u00e1ros 25 \u00e9ves csat\u00e1ra, sajnos nem a brazilokhoz.\n  <\/p>\n<p class=\"\">\n    Haiti a sk\u00f3tok elleni sz\u0171k veres\u00e9g ut\u00e1n a m\u00e1sodik meccs\u00e9t is elvesz\u00edtette, ezzel eld\u0151lt, hogy nem juthat tov\u00e1bb. 1974 ut\u00e1n m\u00e1sodszor vannak ott vil\u00e1gbajnoks\u00e1gon, 5 meccsb\u0151l eddig 5 veres\u00e9g a m\u00e9rleg\u00fck. Az utols\u00f3 meccs\u00fck\u00f6n a Sk\u00f3ci\u00e1t ver\u0151 Marokk\u00f3val tal\u00e1lkoznak.\n  <\/p>\n<p>                    C csoport<\/p>\n<p>      Meccs<br \/>\n      M<\/p>\n<p>      Gy\u0151zelem<br \/>\n      Gy<\/p>\n<p>      D\u00f6ntetlen<br \/>\n      D<\/p>\n<p>      Veres\u00e9g<br \/>\n      V<\/p>\n<p>      L\u0151tt g\u00f3l<br \/>\n      G+<\/p>\n<p>      Kapott g\u00f3l<br \/>\n      G-<\/p>\n<p>      G\u00f3lk\u00fcl\u00f6nbs\u00e9g<br \/>\n      GK<\/p>\n<p>      Pontsz\u00e1m<br \/>\n      P<\/p>\n<p>                    1.<\/p>\n<p>      <img decoding=\"async\" class=\"ta3a4c124 p4kpu34v\" src=\"https:\/\/cdn.sportmonks.com\/images\/soccer\/teams\/16\/18704.png\" role=\"presentation\" alt=\"\"\/><br \/>\n    Braz\u00edlia<\/p>\n<p>                    2<\/p>\n<p>                    1<\/p>\n<p>                    1<\/p>\n<p>                    0<\/p>\n<p>                    4<\/p>\n<p>                    1<\/p>\n<p>                    3<\/p>\n<p>                    4<\/p>\n<p>                    2.<\/p>\n<p>      <img decoding=\"async\" class=\"ta3a4c124 p4kpu34v\" src=\"https:\/\/www.europesays.com\/hu\/wp-content\/uploads\/2026\/06\/18551.png\" role=\"presentation\" alt=\"\"\/><br \/>\n    Marokk\u00f3<\/p>\n<p>                    2<\/p>\n<p>                    1<\/p>\n<p>                    1<\/p>\n<p>                    0<\/p>\n<p>                    2<\/p>\n<p>                    1<\/p>\n<p>                    1<\/p>\n<p>                    4<\/p>\n<p>                    3.<\/p>\n<p>      <img decoding=\"async\" class=\"ta3a4c124 p4kpu34v\" src=\"https:\/\/www.europesays.com\/hu\/wp-content\/uploads\/2026\/06\/18706.png\" role=\"presentation\" alt=\"\"\/><br \/>\n    Sk\u00f3cia<\/p>\n<p>                    2<\/p>\n<p>                    1<\/p>\n<p>                    0<\/p>\n<p>                    1<\/p>\n<p>                    1<\/p>\n<p>                    1<\/p>\n<p>                    0<\/p>\n<p>                    3<\/p>\n<p>                    4.<\/p>\n<p>      <img decoding=\"async\" class=\"ta3a4c124 p4kpu34v\" src=\"https:\/\/www.europesays.com\/hu\/wp-content\/uploads\/2026\/06\/18804.png\" role=\"presentation\" alt=\"\"\/><br \/>\n    Haiti<\/p>\n<p>                    2<\/p>\n<p>                    0<\/p>\n<p>                    0<\/p>\n<p>                    2<\/p>\n<p>                    0<\/p>\n<p>                    4<\/p>\n<p>                    -4<\/p>\n<p>                    0<\/p>\n","protected":false},"excerpt":{"rendered":"Sim\u00e1n verte Braz\u00edlia Haitit a C csoport m\u00e1sodik fordul\u00f3j\u00e1ban. Az \u00f6r\u00f6m\u00fck az\u00e9rt nem lehet teljes, mert a meccsre&hellip;\n","protected":false},"author":2,"featured_media":144209,"comment_status":"","ping_status":"","sticky":false,"template":"","format":"standard","meta":{"footnotes":"","_share_on_mastodon":"0"},"categories":[33],"tags":[5130,44248,46,7631,38,553,23699,35,37,44,42,40,6434,43,41,5518,34,3841,44249,7282,36,39,44250],"class_list":["post-144208","post","type-post","status-publish","format-standard","has-post-thumbnail","category-hirek","tag-brazilia","tag-cunha","tag-ferencvaros","tag-foci-vb-2026","tag-focimek","tag-futball","tag-haiti","tag-headlines","tag-hirek","tag-hu","tag-hungarian","tag-hungary","tag-lenny-joseph","tag-magyar","tag-magyarorszag","tag-marokko","tag-news","tag-neymar","tag-rafinha","tag-skocia","tag-top-stories","tag-vezeto-hirek","tag-vinicius"],"share_on_mastodon":{"url":"https:\/\/pubeurope.com\/@hu\/116781483671027594","error":""},"_links":{"self":[{"href":"https:\/\/www.europesays.com\/hu\/wp-json\/wp\/v2\/posts\/144208","targetHints":{"allow":["GET"]}}],"collection":[{"href":"https:\/\/www.europesays.com\/hu\/wp-json\/wp\/v2\/posts"}],"about":[{"href":"https:\/\/www.europesays.com\/hu\/wp-json\/wp\/v2\/types\/post"}],"author":[{"embeddable":true,"href":"https:\/\/www.europesays.com\/hu\/wp-json\/wp\/v2\/users\/2"}],"replies":[{"embeddable":true,"href":"https:\/\/www.europesays.com\/hu\/wp-json\/wp\/v2\/comments?post=144208"}],"version-history":[{"count":0,"href":"https:\/\/www.europesays.com\/hu\/wp-json\/wp\/v2\/posts\/144208\/revisions"}],"wp:featuredmedia":[{"embeddable":true,"href":"https:\/\/www.europesays.com\/hu\/wp-json\/wp\/v2\/media\/144209"}],"wp:attachment":[{"href":"https:\/\/www.europesays.com\/hu\/wp-json\/wp\/v2\/media?parent=144208"}],"wp:term":[{"taxonomy":"category","embeddable":true,"href":"https:\/\/www.europesays.com\/hu\/wp-json\/wp\/v2\/categories?post=144208"},{"taxonomy":"post_tag","embeddable":true,"href":"https:\/\/www.europesays.com\/hu\/wp-json\/wp\/v2\/tags?post=144208"}],"curies":[{"name":"wp","href":"https:\/\/api.w.org\/{rel}","templated":true}]}}