{"id":145164,"date":"2026-06-21T04:56:09","date_gmt":"2026-06-21T04:56:09","guid":{"rendered":"https:\/\/www.europesays.com\/hu\/145164\/"},"modified":"2026-06-21T04:56:09","modified_gmt":"2026-06-21T04:56:09","slug":"fontos-figyelmeztetes-erkezett-az-autopalya-matricakkal-kapcsolatban","status":"publish","type":"post","link":"https:\/\/www.europesays.com\/hu\/145164\/","title":{"rendered":"Fontos figyelmeztet\u00e9s \u00e9rkezett az aut\u00f3p\u00e1lya-matric\u00e1kkal kapcsolatban"},"content":{"rendered":"<p>A tan\u00e9v v\u00e9g\u00e9t k\u00f6vet\u0151en, j\u00faniust\u00f3l augusztusig tart a matricav\u00e1s\u00e1rl\u00e1si f\u0151szezon: tavaly a mintegy 15,5 milli\u00f3 \u00e9rt\u00e9kes\u00edtett e-matrica k\u00f6z\u00fcl 4,8 milli\u00f3t ebben a h\u00e1rom h\u00f3napban v\u00e1s\u00e1roltak meg. Ebben az id\u0151szakban a r\u00f6videbb \u00e9rv\u00e9nyess\u00e9g\u0171 \u00fathaszn\u00e1lati jogosults\u00e1gok a legkeresettebbek \u2013 \u00edrja a <a href=\"https:\/\/www.penzcentrum.hu\/auto\/20260619\/autosok-figyelem-nagyon-fontos-tudnivalok-jottek-a-palyamatricakrol-ez-mindenkit-erint-1200750\" target=\"_blank\" rel=\"noopener nofollow\">P\u00e9nzcentrum<\/a>.<\/p>\n<p>A ny\u00e1ron \u00e9rt\u00e9kes\u00edtett matric\u00e1k t\u00f6bb mint 50 sz\u00e1zal\u00e9k\u00e1t a t\u00edznapos, azaz heti matric\u00e1k teszik ki, de a havi \u00e9s a napi v\u00e1ltozatok forgalma is jelent\u0151s. A ny\u00e1ri szezonban a v\u00e1s\u00e1rl\u00f3k t\u00f6bbs\u00e9ge, mintegy 59 sz\u00e1zal\u00e9ka k\u00fclf\u00f6ldi, akik els\u0151sorban a heti \u00e9s a napi matric\u00e1kat keresik, m\u00edg a belf\u00f6ldi aut\u00f3sok a heti mellett el\u0151szeretettel v\u00e1lasztj\u00e1k a havi \u00e9s a v\u00e1rmegyei jogosults\u00e1gokat is. Csakhogy a t\u00f6bb tranzakci\u00f3 t\u00f6bb hib\u00e1t is jelent. Ez\u00e9rt a Magyar K\u00f6z\u00fat \u00datd\u00edj \u00dczlet\u00e1g felh\u00edvja a k\u00f6zleked\u0151k figyelm\u00e9t, hogy<\/p>\n<p>a fizet\u00e9s j\u00f3v\u00e1hagy\u00e1sa el\u0151tt mindig ellen\u0151rizz\u00e9k a rendsz\u00e1mot, a fels\u00e9gjelz\u00e9st \u00e9s a d\u00edjkateg\u00f3ri\u00e1t, ugyanis ha b\u00e1rmelyik adat hib\u00e1san ker\u00fcl be a rendszerbe, az \u00fathaszn\u00e1lat jogosulatlannak min\u0151s\u00fcl, ami p\u00f3td\u00edjfizet\u00e9si k\u00f6telezetts\u00e9get von maga ut\u00e1n.<\/p>\n<p>Igaz ugyan, hogy a t\u00e9veszt\u00e9sek korrig\u00e1lhat\u00f3k ut\u00f3lag, azonban az \u00fcgyint\u00e9z\u00e9s hosszas \u00e9s p\u00e9nzbe ker\u00fcl. A probl\u00e9ma gyakoris\u00e1g\u00e1t j\u00f3l mutatja, hogy \u00e9vente 23-24 ezer esetben kell a rendsz\u00e1mot, tov\u00e1bbi 4-5 ezer alkalommal pedig a fels\u00e9gjelz\u00e9st vagy a d\u00edjkateg\u00f3ri\u00e1t ut\u00f3lag m\u00f3dos\u00edtani.<\/p>\n<p>Szint\u00e9n nagyon fontos az \u00e9rv\u00e9nyess\u00e9gi id\u0151, valamint a v\u00e1rmegyei matric\u00e1k eset\u00e9ben a kiv\u00e1lasztott ter\u00fcleti hat\u00e1ly ellen\u0151rz\u00e9se. Gyakori hiba, hogy az aut\u00f3s k\u00e9t k\u00fcl\u00f6nb\u00f6z\u0151 v\u00e1rmegy\u00e9re sz\u00f3l\u00f3 jogosults\u00e1g helyett t\u00e9ved\u00e9sb\u0151l k\u00e9tszer v\u00e1s\u00e1rolja meg ugyanazt: el\u0151fordul p\u00e9ld\u00e1ul, hogy k\u00e9t darab Pest v\u00e1rmegyei matric\u00e1t vesznek egy Pest \u00e9s egy Fej\u00e9r v\u00e1rmegyei helyett.<\/p>\n<p>Dupla v\u00e1s\u00e1rl\u00e1s eset\u00e9n az egyik matrica \u00e1r\u00e1t a szolg\u00e1ltat\u00f3 visszat\u00e9r\u00edti, ha a sof\u0151r a hi\u00e1nyz\u00f3 jogosults\u00e1g miatt id\u0151k\u00f6zben p\u00f3td\u00edjas felsz\u00f3l\u00edt\u00e1st kapott a m\u00e1sik v\u00e1rmegy\u00e9ben, azt a tartoz\u00e1st m\u00e1r nem engedik el. Kell\u0151 odafigyel\u00e9ssel azonban ezek a bossz\u00fas\u00e1gok \u00e9s a felesleges kiad\u00e1sok k\u00f6nnyen megel\u0151zhet\u0151k.<\/p>\n","protected":false},"excerpt":{"rendered":"A tan\u00e9v v\u00e9g\u00e9t k\u00f6vet\u0151en, j\u00faniust\u00f3l augusztusig tart a matricav\u00e1s\u00e1rl\u00e1si f\u0151szezon: tavaly a mintegy 15,5 milli\u00f3 \u00e9rt\u00e9kes\u00edtett e-matrica k\u00f6z\u00fcl&hellip;\n","protected":false},"author":2,"featured_media":145165,"comment_status":"","ping_status":"","sticky":false,"template":"","format":"standard","meta":{"footnotes":"","_share_on_mastodon":"0"},"categories":[6],"tags":[7010,13882,6088,44479,3076,44,42,40,274,43,1122,41,245],"class_list":["post-145164","post","type-post","status-publish","format-standard","has-post-thumbnail","category-magyarorszag","tag-autopalya","tag-autopalya-matrica","tag-autozas","tag-dijfizetes","tag-figyelmeztetes","tag-hu","tag-hungarian","tag-hungary","tag-kozlekedes","tag-magyar","tag-magyar-kozut","tag-magyarorszag","tag-vezetes"],"share_on_mastodon":{"url":"https:\/\/pubeurope.com\/@hu\/116786324228224883","error":""},"_links":{"self":[{"href":"https:\/\/www.europesays.com\/hu\/wp-json\/wp\/v2\/posts\/145164","targetHints":{"allow":["GET"]}}],"collection":[{"href":"https:\/\/www.europesays.com\/hu\/wp-json\/wp\/v2\/posts"}],"about":[{"href":"https:\/\/www.europesays.com\/hu\/wp-json\/wp\/v2\/types\/post"}],"author":[{"embeddable":true,"href":"https:\/\/www.europesays.com\/hu\/wp-json\/wp\/v2\/users\/2"}],"replies":[{"embeddable":true,"href":"https:\/\/www.europesays.com\/hu\/wp-json\/wp\/v2\/comments?post=145164"}],"version-history":[{"count":0,"href":"https:\/\/www.europesays.com\/hu\/wp-json\/wp\/v2\/posts\/145164\/revisions"}],"wp:featuredmedia":[{"embeddable":true,"href":"https:\/\/www.europesays.com\/hu\/wp-json\/wp\/v2\/media\/145165"}],"wp:attachment":[{"href":"https:\/\/www.europesays.com\/hu\/wp-json\/wp\/v2\/media?parent=145164"}],"wp:term":[{"taxonomy":"category","embeddable":true,"href":"https:\/\/www.europesays.com\/hu\/wp-json\/wp\/v2\/categories?post=145164"},{"taxonomy":"post_tag","embeddable":true,"href":"https:\/\/www.europesays.com\/hu\/wp-json\/wp\/v2\/tags?post=145164"}],"curies":[{"name":"wp","href":"https:\/\/api.w.org\/{rel}","templated":true}]}}