{"id":146565,"date":"2026-06-22T10:03:13","date_gmt":"2026-06-22T10:03:13","guid":{"rendered":"https:\/\/www.europesays.com\/hu\/146565\/"},"modified":"2026-06-22T10:03:13","modified_gmt":"2026-06-22T10:03:13","slug":"a-3-leginkabb-alulertekelt-europai-tengerpart-ahol-nincs-fojtogato-tomeg","status":"publish","type":"post","link":"https:\/\/www.europesays.com\/hu\/146565\/","title":{"rendered":"A 3 legink\u00e1bb alul\u00e9rt\u00e9kelt eur\u00f3pai tengerpart, ahol nincs fojtogat\u00f3 t\u00f6meg"},"content":{"rendered":"<p class=\"post-teaser title\">Mindannyian \u00e1lmodunk arr\u00f3l, hogy a tengerparton pihenj\u00fcnk, messze a v\u00e1ros zaj\u00e1t\u00f3l \u00e9s ny\u00fczsg\u00e9s\u00e9t\u0151l. Ez a h\u00e1rom eur\u00f3pai tengerpart pontosan erre hivatott.<\/p>\n<p class=\"vjs-no-js\">A vide\u00f3 megtekint\u00e9s\u00e9hez enged\u00e9lyezze a JavaScript-et, \u00e9s\/vagy fontolja meg egy HTML5 vide\u00f3t t\u00e1mogat\u00f3 b\u00f6ng\u00e9sz\u0151 haszn\u00e1lat\u00e1t.<\/p>\n<p class=\"wp-block-paragraph\">Ilyen a portug\u00e1l Costa Vicentina, az olasz Gargano-f\u00e9lsziget \u00e9s az alb\u00e1n Ksamil vid\u00e9k. Tudtad, hogy ezek a helyek nemcsak leny\u0171g\u00f6z\u0151ek, hanem sokkal nyugodtabbak is?<\/p>\n<p>Costa Vicentina, Portug\u00e1lia: A vad \u00e9s \u00e9rintetlen sz\u00e9ps\u00e9g<\/p>\n<p class=\"wp-block-paragraph\">Costa Vicentina a D\u00e9l-Portug\u00e1lia nyugati partvid\u00e9k\u00e9n tal\u00e1lhat\u00f3, ahol a term\u00e9szet \u00e9rintetlens\u00e9ge \u00e9s a krist\u00e1lytiszta \u00f3ce\u00e1n tal\u00e1lkoz\u00e1sa p\u00e1ratlan \u00e9lm\u00e9nyt ny\u00fajt. Ez a ter\u00fclet a term\u00e9szetkedvel\u0151k \u00e9s az autentikus \u00e9lm\u00e9nyek szerelmeseinek \u00e1lma. A kietlen szikl\u00e1k, a homokos strandok \u00e9s a z\u00f6ld mez\u0151k egyar\u00e1nt leny\u0171g\u00f6z\u0151 l\u00e1tk\u00e9pet k\u00edn\u00e1lnak. Itt nincs ki\u00e9p\u00fclt turisztikai infrastrukt\u00fara, \u00edgy gyakran csak te \u00e9s a term\u00e9szet vagytok. A t\u00far\u00e1z\u00f3kat is v\u00e1rja a Vicentina Rota, egy leny\u0171g\u00f6z\u0151 t\u00fara\u00fatvonal, amely az Atlanti-\u00f3ce\u00e1n mellett h\u00faz\u00f3dik el.<\/p>\n<p>\u00c1ll\u00edtsd be a bient megb\u00edzhat\u00f3 forr\u00e1snak a Google-ben!<a class=\"bien-gps-btn\" href=\"https:\/\/www.google.com\/preferences\/source?q=https:\/\/www.bien.hu\" target=\"_blank\" rel=\"noopener nofollow\">Be\u00e1ll\u00edtom<\/a><\/p>\n<p class=\"post-nav-links\">Oldalak: 1 <a href=\"https:\/\/www.bien.hu\/alulertekelt-europai-tengerpartok\/2\/\" class=\"post-page-numbers\" rel=\"nofollow noopener\" target=\"_blank\">2<\/a> <a href=\"https:\/\/www.bien.hu\/alulertekelt-europai-tengerpartok\/3\/\" class=\"post-page-numbers\" rel=\"nofollow noopener\" target=\"_blank\">3<\/a><\/p>\n<p>A cikk folytat\u00f3dik, lapozz!<\/p>\n<p class=\"vjs-no-js\">A vide\u00f3 megtekint\u00e9s\u00e9hez enged\u00e9lyezze a JavaScript-et, \u00e9s\/vagy fontolja meg egy HTML5 vide\u00f3t t\u00e1mogat\u00f3 b\u00f6ng\u00e9sz\u0151 haszn\u00e1lat\u00e1t.<\/p>\n<p>K\u00f6vesd a Bien.hu cikkeit a <a href=\"https:\/\/on.bien.hu\/GoogleHirek\" target=\"_blank\" rel=\"nofollow noopener\">Google H\u00edrek-ben<\/a> is!<\/p>\n<p>\t\t<a href=\"https:\/\/www.bien.hu\/cimke\/rp\/\" rel=\"tag nofollow noopener\" target=\"_blank\">#rp<\/a><a href=\"https:\/\/www.bien.hu\/cimke\/europa\/\" rel=\"tag nofollow noopener\" target=\"_blank\">eur\u00f3pa<\/a><a href=\"https:\/\/www.bien.hu\/cimke\/nyugalom\/\" rel=\"tag nofollow noopener\" target=\"_blank\">nyugalom<\/a><a href=\"https:\/\/www.bien.hu\/cimke\/tengerpart\/\" rel=\"tag nofollow noopener\" target=\"_blank\">tengerpart<\/a><a href=\"https:\/\/www.bien.hu\/cimke\/titkos-helyek\/\" rel=\"tag nofollow noopener\" target=\"_blank\">titkos helyek<\/a><a href=\"https:\/\/www.bien.hu\/cimke\/utazas\/\" rel=\"tag nofollow noopener\" target=\"_blank\">utaz\u00e1s<\/a>\t<\/p>\n","protected":false},"excerpt":{"rendered":"Mindannyian \u00e1lmodunk arr\u00f3l, hogy a tengerparton pihenj\u00fcnk, messze a v\u00e1ros zaj\u00e1t\u00f3l \u00e9s ny\u00fczsg\u00e9s\u00e9t\u0151l. Ez a h\u00e1rom eur\u00f3pai tengerpart&hellip;\n","protected":false},"author":2,"featured_media":146566,"comment_status":"","ping_status":"","sticky":false,"template":"","format":"standard","meta":{"footnotes":"","_share_on_mastodon":"0"},"categories":[16],"tags":[137,106,44,42,40,12713,43,41,10013,138,1426,33357,674],"class_list":["post-146565","post","type-post","status-publish","format-standard","has-post-thumbnail","category-szorakozas","tag-entertainment","tag-europa","tag-hu","tag-hungarian","tag-hungary","tag-kikapcsolodas","tag-magyar","tag-magyarorszag","tag-nyugalom","tag-szorakozas","tag-tengerpart","tag-titkos-helyek","tag-utazas"],"share_on_mastodon":{"url":"https:\/\/pubeurope.com\/@hu\/116793193929593921","error":""},"_links":{"self":[{"href":"https:\/\/www.europesays.com\/hu\/wp-json\/wp\/v2\/posts\/146565","targetHints":{"allow":["GET"]}}],"collection":[{"href":"https:\/\/www.europesays.com\/hu\/wp-json\/wp\/v2\/posts"}],"about":[{"href":"https:\/\/www.europesays.com\/hu\/wp-json\/wp\/v2\/types\/post"}],"author":[{"embeddable":true,"href":"https:\/\/www.europesays.com\/hu\/wp-json\/wp\/v2\/users\/2"}],"replies":[{"embeddable":true,"href":"https:\/\/www.europesays.com\/hu\/wp-json\/wp\/v2\/comments?post=146565"}],"version-history":[{"count":0,"href":"https:\/\/www.europesays.com\/hu\/wp-json\/wp\/v2\/posts\/146565\/revisions"}],"wp:featuredmedia":[{"embeddable":true,"href":"https:\/\/www.europesays.com\/hu\/wp-json\/wp\/v2\/media\/146566"}],"wp:attachment":[{"href":"https:\/\/www.europesays.com\/hu\/wp-json\/wp\/v2\/media?parent=146565"}],"wp:term":[{"taxonomy":"category","embeddable":true,"href":"https:\/\/www.europesays.com\/hu\/wp-json\/wp\/v2\/categories?post=146565"},{"taxonomy":"post_tag","embeddable":true,"href":"https:\/\/www.europesays.com\/hu\/wp-json\/wp\/v2\/tags?post=146565"}],"curies":[{"name":"wp","href":"https:\/\/api.w.org\/{rel}","templated":true}]}}