{"id":146899,"date":"2026-06-22T15:18:18","date_gmt":"2026-06-22T15:18:18","guid":{"rendered":"https:\/\/www.europesays.com\/hu\/146899\/"},"modified":"2026-06-22T15:18:18","modified_gmt":"2026-06-22T15:18:18","slug":"eletveszelyes-megis-rengeteg-magyar-csinalja-vezetes-kozben-a-brfk-figyelmeztet-utazas","status":"publish","type":"post","link":"https:\/\/www.europesays.com\/hu\/146899\/","title":{"rendered":"\u00c9letvesz\u00e9lyes, m\u00e9gis rengeteg magyar csin\u00e1lja vezet\u00e9s k\u00f6zben &#8211; A BRFK figyelmeztet &#8211; Utaz\u00e1s"},"content":{"rendered":"<p>A vezet\u00e9s k\u00f6zbeni telefon-nyomkod\u00e1s hossz\u00fa m\u00e1sodperceket vesz el a figyelm\u00fcnkb\u0151l. A Budapesti Rend\u0151r-f\u0151kapit\u00e1nys\u00e1g k\u00f6z\u00f6ss\u00e9gi oldal\u00e1n figyelmeztet erre a gyakori \u00e9s borzaszt\u00f3an balesetvesz\u00e9lyes szok\u00e1sra.<\/p>\n<p>                        Te is nyomkodod a telefonod vezet\u00e9s k\u00f6zben?<\/p>\n<p>Az <a href=\"http:\/\/femina.hu\/terasz\/mobilfuggoseg\/\" id=\"hyperlink_f198da6a88a10144f5a56ae51b16b459\" target=\"_blank\" title=\"Negyed \u00f3ra alatt h\u00e1nyszor ny\u00falsz a telefon\u00e9rt? A f\u00fcgg\u0151s\u00e9gr\u0151l k\u00e9rdezt\u00fck a pszichol\u00f3gust\" rel=\"nofollow noopener\">okostelefon \u00e9szrev\u00e9tlen\u00fcl lopja az id\u0151nket<\/a>: sokszor r\u00e1pillantunk, \u00fczenetet \u00edrunk munka k\u00f6zben, nyomkodjuk, g\u00f6rgetj\u00fck <a href=\"http:\/\/femina.hu\/egeszseg\/kekfeny-hatasa-alvasra\/\" id=\"hyperlink_2d3b121c9a7e70d7bef0520547b2ed5c\" target=\"_blank\" title=\"Gyorsan elalszol, \u00e9s reggelig fel sem kelsz, ha betartod ezt a 6 tan\u00e1csot: nem mindegy, meddig mobilozol lefekv\u00e9s el\u0151tt\" rel=\"nofollow noopener\">este alv\u00e1s helyett<\/a>,\u00a0\u00e9s gyakran vezet\u00e9s k\u00f6zben is. A Budapesti Rend\u0151r-f\u0151kapit\u00e1nys\u00e1g az al\u00e1bbi r\u00f6vid vide\u00f3val \u00fczeni: vezet\u00e9s k\u00f6zben a szemed az \u00faton legyen! Soha ne a telefon kijelz\u0151j\u00e9n.<\/p>\n<p>A telefonhaszn\u00e1lat elvonja a figyelmet a vezet\u00e9sr\u0151l, a k\u00f6z\u00fati balesetek egyik gyakori okoz\u00f3j\u00e1v\u00e1 v\u00e1lt az elm\u00falt id\u0151ben. A vol\u00e1n m\u00f6g\u00f6tti telefonhaszn\u00e1lat ak\u00e1r 50 sz\u00e1zal\u00e9kkal rontja a sof\u0151r\u00f6k reakci\u00f3idej\u00e9t. Nem v\u00e9letlen, hogy napjainkban m\u00e1r Eur\u00f3pa minden orsz\u00e1g\u00e1ban b\u00fcntetend\u0151 a vezet\u00e9s k\u00f6zben k\u00e9zben tartott mobiltelefon.<\/p>\n<p>\u00c9rdemes egy perc figyelmet szentelni annak az egyszer\u0171, \u00e1m \u00f6tletes m\u00f3dszernek, mellyel az aut\u00f3 mozg\u00e1s\u00e1t imit\u00e1lt\u00e1k\u00a0a fenti vide\u00f3ban. A koll\u00e9ga az aut\u00f3 mellett \u00fclve egyszer\u0171en egy fa\u00e1gat p\u00f6rget, mellyel a n\u00e9z\u0151ben t\u00f6k\u00e9letesen azt az \u00e9rzetet kelti, mintha val\u00f3ban mozg\u00e1sban lenne az aut\u00f3.<\/p>\n<p>                                    <img loading=\"lazy\" decoding=\"async\" src=\"https:\/\/www.europesays.com\/hu\/wp-content\/uploads\/2026\/06\/1782141494_865_69991691_35607d93a0e045761fef575ff39c1972_wm.png\" width=\"200\" height=\"290\" alt=\"\"\/><br \/>\n                            \t    \tK\u00e9sz\u00fclj tudatosan a nyaral\u00e1sra!<\/p>\n<p>Az Enterol alkalmazhat\u00f3 az utaz\u00e1ssal \u00f6sszef\u00fcgg\u0151, fert\u0151z\u00e9ses eredet\u0171 hasmen\u00e9s megel\u0151z\u0151<br \/>kezel\u00e9s\u00e9re is.\u00a0Az Enterol alkalmaz\u00e1s\u00e1t 5 nappal az utaz\u00e1s el\u0151tt m\u00e1r \u00e9rdemes megkezdeni \u00e9s az utaz\u00e1s teljes<br \/>id\u0151tartama alatt folytatni.\u00a0<a href=\"https:\/\/indexadhu.hit.gemius.pl\/hitredir?id=B21FXe7etZkHfmRpme9TUrcfrhyw6dtgw.Gxp01mpeP.X7&amp;stparam=sgkhmrrjlu&amp;fastid=knyslvxcusjkfglfanjovgslanlz&amp;nc=0&amp;url=AQAADXicLY_LTsMwFET_hqVddUELkoVaBG1VHgosEGwix7nEN37KvoaQr8fQrkZzpBnNaKKYrzkfetCFaSQ2gMOSWbS8ugQ9Jo69mA-l2bLNx_t6tWtGu4WX5jh18Lx_3a31I1y92e523tw_wH5kXyv-KTPVlJbUAxqrvJ1dMKiqm79tmIwhninKJJ0wOPpuQl2QeyUWdUpMZ2lV8Bk8CV6SFfq8tQJIwcYUOgyEpjimC78p5NocSlIgTh8u_oirD4oT6HvZRqmMHOCfK-mixMGLu1Nbu1wsL59-ZPoFLS5mXEEBTxq5GfO99CUuKhb-AyQWD_m6I1CYAUeJBhR8NKpGYVfYSJcblVxjpY3PiZccgyGD8o6TwkuDVVPcrgrPa7E\" rel=\"nofollow noopener\" target=\"_blank\">Enterol \u2013 A tudatos probiotikumv\u00e1laszt\u00e1s.<\/a><br \/>Te m\u00e1r becsomagoltad?<\/p>\n<p>ENT-2026.06\/07\u00a0<br \/>Lez\u00e1r\u00e1s_d\u00e1tuma_2026.06.15.<\/p>\n<p>    \t    \t<img loading=\"lazy\" decoding=\"async\" src=\"https:\/\/www.europesays.com\/hu\/wp-content\/uploads\/2026\/06\/1782141496_907_redot.gif\" border=\"0\" height=\"0\" width=\"0\"\/><img loading=\"lazy\" decoding=\"async\" src=\"https:\/\/www.europesays.com\/hu\/wp-content\/uploads\/2026\/06\/1782141497_841_gdpr_consent=.gif\" border=\"0\" height=\"1\" width=\"1\" alt=\"Advertisement\"\/>    \t<\/p>\n<p class=\"promocio\">Prom\u00f3ci\u00f3<\/p>\n<p>\n                          K\u00e9p: Getty Images\n                        <\/p>\n<p><a href=\"https:\/\/dex.hu\/x.php?id=googlepref_desktop_femina&amp;url=https:\/\/google.com\/preferences\/source?q=https:\/\/femina.hu\/\" class=\"google-pref-banner \" id=\"googlePrefBanner\" rel=\"nofollow noopener\" target=\"_blank\"><\/p>\n<p>        \u00c1ll\u00edtsd be a Google keres\u0151j\u00e9t, hogy a tal\u00e1latok k\u00f6z\u00f6tt biztos ott legyen a Femina!<\/p>\n<p><\/a><\/p>\n","protected":false},"excerpt":{"rendered":"A vezet\u00e9s k\u00f6zbeni telefon-nyomkod\u00e1s hossz\u00fa m\u00e1sodperceket vesz el a figyelm\u00fcnkb\u0151l. A Budapesti Rend\u0151r-f\u0151kapit\u00e1nys\u00e1g k\u00f6z\u00f6ss\u00e9gi oldal\u00e1n figyelmeztet erre a&hellip;\n","protected":false},"author":2,"featured_media":146900,"comment_status":"","ping_status":"","sticky":false,"template":"","format":"standard","meta":{"footnotes":"","_share_on_mastodon":"0"},"categories":[6],"tags":[115,44,42,40,274,43,41,3111,674,245],"class_list":["post-146899","post","type-post","status-publish","format-standard","has-post-thumbnail","category-magyarorszag","tag-auto","tag-hu","tag-hungarian","tag-hungary","tag-kozlekedes","tag-magyar","tag-magyarorszag","tag-okostelefon","tag-utazas","tag-vezetes"],"share_on_mastodon":{"url":"https:\/\/pubeurope.com\/@hu\/116794432585640662","error":""},"_links":{"self":[{"href":"https:\/\/www.europesays.com\/hu\/wp-json\/wp\/v2\/posts\/146899","targetHints":{"allow":["GET"]}}],"collection":[{"href":"https:\/\/www.europesays.com\/hu\/wp-json\/wp\/v2\/posts"}],"about":[{"href":"https:\/\/www.europesays.com\/hu\/wp-json\/wp\/v2\/types\/post"}],"author":[{"embeddable":true,"href":"https:\/\/www.europesays.com\/hu\/wp-json\/wp\/v2\/users\/2"}],"replies":[{"embeddable":true,"href":"https:\/\/www.europesays.com\/hu\/wp-json\/wp\/v2\/comments?post=146899"}],"version-history":[{"count":0,"href":"https:\/\/www.europesays.com\/hu\/wp-json\/wp\/v2\/posts\/146899\/revisions"}],"wp:featuredmedia":[{"embeddable":true,"href":"https:\/\/www.europesays.com\/hu\/wp-json\/wp\/v2\/media\/146900"}],"wp:attachment":[{"href":"https:\/\/www.europesays.com\/hu\/wp-json\/wp\/v2\/media?parent=146899"}],"wp:term":[{"taxonomy":"category","embeddable":true,"href":"https:\/\/www.europesays.com\/hu\/wp-json\/wp\/v2\/categories?post=146899"},{"taxonomy":"post_tag","embeddable":true,"href":"https:\/\/www.europesays.com\/hu\/wp-json\/wp\/v2\/tags?post=146899"}],"curies":[{"name":"wp","href":"https:\/\/api.w.org\/{rel}","templated":true}]}}