{"id":147533,"date":"2026-06-23T04:31:10","date_gmt":"2026-06-23T04:31:10","guid":{"rendered":"https:\/\/www.europesays.com\/hu\/147533\/"},"modified":"2026-06-23T04:31:10","modified_gmt":"2026-06-23T04:31:10","slug":"index-kultur-meryl-streepet-is-lepipalta-megis-keruli-a-reflektorfenyt","status":"publish","type":"post","link":"https:\/\/www.europesays.com\/hu\/147533\/","title":{"rendered":"Index &#8211; Kult\u00far &#8211; Meryl Streepet is lepip\u00e1lta, m\u00e9gis ker\u00fcli a reflektorf\u00e9nyt"},"content":{"rendered":"<p>Frances McDormand 1957-ben sz\u00fcletett\u00a0Cynthia Ann Smith n\u00e9ven.\u00a0Els\u0151 filmszerep\u00e9t 1984-ben kapta a V\u00e9resen egyszer\u0171 c\u00edm\u0171 alkot\u00e1sban, amelyet a szint\u00e9n\u00a0p\u00e1lyakezd\u0151 Joel Coen \u00e9s testv\u00e9re, Ethan rendezett. Ugyanebben az \u00e9vben McDormand \u00e9s Joel Coen \u00f6sszeh\u00e1zasodtak. Kapcsolatuk a filmvil\u00e1g egyik leghosszabb \u00e9s legstabilabb alkot\u00f3i-szem\u00e9lyes sz\u00f6vets\u00e9g\u00e9nek bizonyult. A sz\u00edn\u00e9szn\u0151 az\u00f3ta is visszat\u00e9r\u0151 szerepl\u0151je a Coen-univerzumnak, amelynek saj\u00e1tos humor\u00e1t, abszurdit\u00e1s\u00e1t \u00e9s m\u00e9ly emberismeret\u00e9t tal\u00e1n senki sem k\u00f6zvet\u00edtette olyan term\u00e9szetess\u00e9ggel, mint \u0151.<\/p>\n<p>A h\u00e1zasp\u00e1r k\u00e9s\u0151bb egy paraguayi sz\u00fclet\u00e9s\u0171 fi\u00fat fogadott \u00f6r\u00f6kbe, akit kisgyermekkor\u00e1t\u00f3l kezdve nevelnek. McDormand t\u00f6bb interj\u00faban is hangs\u00falyozta, hogy az anyas\u00e1g alapvet\u0151en form\u00e1lta \u00e1t vil\u00e1gl\u00e1t\u00e1s\u00e1t, ugyanakkor mindig \u00fcgyelt arra, hogy csal\u00e1di \u00e9let\u00e9t t\u00e1vol tartsa a nyilv\u00e1noss\u00e1gt\u00f3l. Hollywoodban sokszor a mag\u00e1n\u00e9let is a nyilv\u00e1nos szerepl\u00e9s r\u00e9sz\u00e9v\u00e9 v\u00e1lik, de Coen \u00e9s McDormand k\u00f6vetkezetesen ragaszkodtak ahhoz, hogy kapcsolatuk \u00e9s csal\u00e1djuk ne v\u00e1ljon a szt\u00e1rkultusz kell\u00e9k\u00e9v\u00e9.<\/p>\n<p>                        Gy\u00fcm\u00f6lcs\u00f6z\u0151 kapcsolatok, szakmai elismer\u00e9sek<\/p>\n<p>A sz\u00edn\u00e9szn\u0151t olyan Coen-filmekben l\u00e1thattuk viszont, mint az Arizonai \u00f6rd\u00f6gfi\u00f3ka, A hal\u00e1l kereszt\u00fatj\u00e1n vagy az \u00c9get\u0151 bizony\u00edt\u00e9k, \u00e1m az els\u0151 igazi kiugr\u00e1st a Fargo jelentette 1996-ban. Marge Gunderson alakja az amerikai film egyik legeml\u00e9kezetesebb h\u0151sn\u0151je: egy terhes kisv\u00e1rosi rend\u0151rn\u0151, aki nyugalommal, intelligenci\u00e1val \u00e9s erk\u00f6lcsi szil\u00e1rds\u00e1ggal kezeli a k\u00f6r\u00fcl\u00f6tte elszabadul\u00f3 er\u0151szakot. McDormand ez\u00e9rt a szerep\u00e9\u00e9rt nyerte els\u0151 Oscar-d\u00edj\u00e1t, \u00e9s egyben \u00faj mint\u00e1t adott arra, hogyan lehet h\u00e9tk\u00f6znapi emberekb\u0151l maradand\u00f3 filmes figur\u00e1kat teremteni.<\/p>\n<p>Karakterei ritk\u00e1n heroikusak a hagyom\u00e1nyos \u00e9rtelemben. Ink\u00e1bb olyan emberek, akik a mindennapokban k\u00e9nytelenek szemben\u00e9zni vesztes\u00e9ggel, kudarccal vagy erk\u00f6lcsi dilemm\u00e1kkal. Ezt a min\u0151s\u00e9get emelte tov\u00e1bb egy szinttel a H\u00e1rom \u00f3ri\u00e1splak\u00e1t Ebbing hat\u00e1r\u00e1ban, \u00e9s a\u00a0gy\u00e1szol\u00f3 Mildred szerep\u00e9ben elnyerte m\u00e1sodik Oscar-d\u00edj\u00e1t 2017-ben. Alak\u00edt\u00e1sa egyszerre volt d\u00fch\u00f6s, s\u00e9r\u00fcl\u00e9keny \u00e9s m\u00e9lyen emberi, minden pillanat\u00e1ban mentes a sz\u00edn\u00e9szi man\u00edrokt\u00f3l.\u00a0<\/p>\n<p>Martin McDonagh m\u0171ve a 2010-es \u00e9vek egyik legjobbja volt, \u00e9s ebben oroszl\u00e1nr\u00e9szt v\u00e1llalt a sz\u00edn\u00e9szi g\u00e1rda.\u00a0<\/p>\n<p>P\u00e1ly\u00e1j\u00e1nak tal\u00e1n legszebb k\u00e9s\u0151i fejezete a Nom\u00e1dok f\u00f6ldje. A film a szabads\u00e1g, a gy\u00e1sz \u00e9s az otthontalans\u00e1g k\u00e9rd\u00e9seit vizsg\u00e1lta, emellett McDormand megnyerte vele a harmadik \u00e9s negyedik Oscar-d\u00edj\u00e1t. Az egyiket a f\u0151szerep\u00e9rt, a m\u00e1sikat a produceri munk\u00e1j\u00e1\u00e9rt kapta, ugyanis a film elhozta a f\u0151d\u00edjat a 2021-es Oscar-g\u00e1l\u00e1n. Szint\u00e9n eg\u00e9szen kiv\u00e9teles brav\u00far, hogy mindh\u00e1rom sz\u00edn\u00e9szi Oscarj\u00e1t f\u0151szerep\u00e9rt kapta, erre rajta k\u00edv\u00fcl egyed\u00fcl Katharine Hepburn volt k\u00e9pes a sz\u00edn\u00e9szn\u0151k k\u00f6z\u00f6tt, m\u00e9g Meryl Streepet is lepip\u00e1lta.\u00a0<\/p>\n<p>                        Negyven \u00e9ve elny\u0171hetetlen<\/p>\n<p>Kev\u00e9s kort\u00e1rs m\u0171v\u00e9sz mondhatja el mag\u00e1r\u00f3l, hogy h\u00e1rom \u00e9vtized k\u00fcl\u00f6nbs\u00e9ggel is korszakos alak\u00edt\u00e1sokat tudott ny\u00fajtani. Mindek\u00f6zben soha nem z\u00e1rk\u00f3zott be egyetlen alkot\u00f3i vil\u00e1gba. Felt\u0171nt Wes Anderson gondosan kompon\u00e1lt univerzum\u00e1ban, szerepelt a\u00a0Holdf\u00e9ny kir\u00e1lys\u00e1g c\u00edm\u0171 filmben, majd az ut\u00f3bbi \u00e9vekben A Francia kiad\u00e1s\u00a0szerepl\u0151g\u00e1rd\u00e1j\u00e1nak is tagja volt.<\/p>\n<p>Frances McDormand k\u00fcl\u00f6nlegess\u00e9ge abban rejlik, hogy h\u00fas-v\u00e9r embereket mutat meg. Arc\u00e1n, gesztusaiban, hallgat\u00e1saiban ugyanannyi \u00e9rzelem rejlik, mint a kimondott mondatokban. Nem elrejteni pr\u00f3b\u00e1lja az id\u0151 m\u00fal\u00e1s\u00e1t, hanem be\u00e9p\u00edteni a m\u0171v\u00e9szet\u00e9be. Sz\u00fclet\u00e9snapj\u00e1n ez\u00e9rt nem csak egy kiv\u00e9teles sz\u00edn\u00e9szt \u00fcnnepl\u00fcnk. Olyan alkot\u00f3t is, aki t\u00f6bb mint n\u00e9gy \u00e9vtizede bizony\u00edtja, hogy a hiteless\u00e9g, az intelligencia \u00e9s a szakmai k\u00f6vetkezetess\u00e9g maradand\u00f3bb \u00e9rt\u00e9kek b\u00e1rmilyen divatn\u00e1l.<\/p>\n<p>\n                          (Bor\u00edt\u00f3k\u00e9p:\u00a0Frances McDormand 2018. m\u00e1rcius 4-\u00e9n. Fot\u00f3: Jeff Kravitz \/ FilmMagic \/ Getty Images)\n                        <\/p>\n<p>\n                          \u00a0\n                        <\/p>\n<p><a href=\"https:\/\/dex.hu\/x.php?id=googlepref_desktop&amp;url=https:\/\/google.com\/preferences\/source?q=https:\/\/index.hu\" class=\"google-pref-banner \" id=\"googlePrefBanner\" rel=\"nofollow noopener\" target=\"_blank\"><\/p>\n<p>    Itt \u00e1ll\u00edtsa be, hogy az Index az els\u0151k k\u00f6z\u00f6tt legyen a Google-tal\u00e1latokban!<\/p>\n<p><\/a><\/p>\n<p>                <a href=\"https:\/\/konyvek.index.hu\/\" target=\"_blank\" rel=\"nofollow noopener\"><br \/>\n                <img decoding=\"async\" src=\"https:\/\/index.hu\/assets\/images\/konyvajanlo\/book_indapress\/book_indapress_logo.svg\" loading=\"lazy\" alt=\"Inda Press Kiad\u00f3\"\/><br \/>\n                <\/a><\/p>\n<p>                <img decoding=\"async\" src=\"https:\/\/www.europesays.com\/hu\/wp-content\/uploads\/2026\/06\/1782189068_879_hogyantudnek.png\" loading=\"lazy\" alt=\"Hogyan tudn\u00e9k \u00e9lni n\u00e9lk\u00fcled?\"\/><\/p>\n<p>Ismerd meg a film m\u00f6g\u00f6tt \u00e1ll\u00f3 m\u0171v\u00e9szek t\u00f6rt\u00e9neteit \u00e9s szerezd be a Hogyan tudn\u00e9k \u00e9lni n\u00e9lk\u00fcled? kulisszak\u00f6nyv\u00e9t!<\/p>\n<p>                <a class=\"book_index_btn\" href=\"https:\/\/indexadhu.hit.gemius.pl\/hitredir?id=nSCbubuYpDWJZLZs0TssLrbt33Lk5kbipuiZrkg89G3.g7&amp;stparam=uidhlvpiig&amp;fastid=hlkzmkpizaaluhlbedwldibviqkk&amp;nc=0&amp;url=https:\/\/www.indapresskiado.hu\/products\/hogyan-tudnek-elni-nelkuled\" target=\"_blank\" rel=\"nofollow noopener\">MEGVESZEM<\/a><\/p>\n<p>    <img loading=\"lazy\" decoding=\"async\" src=\"https:\/\/www.europesays.com\/hu\/wp-content\/uploads\/2026\/06\/1782189070_517_redot.gif\" border=\"0\" height=\"0\" width=\"0\"\/><\/p>\n<p>    <img decoding=\"async\" src=\"https:\/\/index.hu\/assets\/images\/social-follow\/logo-big.svg\" alt=\"Index.hu logo\"\/><\/p>\n<p>K\u00f6vesse az Indexet Facebookon is!<\/p>\n<p>    <a href=\"https:\/\/facebook.com\/Indexhu\" target=\"_blank\" rel=\"nofollow noopener\"><\/p>\n<p>        K\u00f6vetem!<br \/>\n    <\/a><\/p>\n","protected":false},"excerpt":{"rendered":"Frances McDormand 1957-ben sz\u00fcletett\u00a0Cynthia Ann Smith n\u00e9ven.\u00a0Els\u0151 filmszerep\u00e9t 1984-ben kapta a V\u00e9resen egyszer\u0171 c\u00edm\u0171 alkot\u00e1sban, amelyet a szint\u00e9n\u00a0p\u00e1lyakezd\u0151&hellip;\n","protected":false},"author":2,"featured_media":147534,"comment_status":"","ping_status":"","sticky":false,"template":"","format":"standard","meta":{"footnotes":"","_share_on_mastodon":"0"},"categories":[17],"tags":[43720,137,167,160,45044,409,44,42,40,150,43,41,159,4456,926,138,154],"class_list":["post-147533","post","type-post","status-publish","format-standard","has-post-thumbnail","category-filmek","tag-coen-testverek","tag-entertainment","tag-film","tag-filmek","tag-frances-mcdormand","tag-hollywood","tag-hu","tag-hungarian","tag-hungary","tag-kultur","tag-magyar","tag-magyarorszag","tag-movie","tag-oscar-dij","tag-szineszno","tag-szorakozas","tag-szuletesnap"],"share_on_mastodon":{"url":"https:\/\/pubeurope.com\/@hu\/116797550552954181","error":""},"_links":{"self":[{"href":"https:\/\/www.europesays.com\/hu\/wp-json\/wp\/v2\/posts\/147533","targetHints":{"allow":["GET"]}}],"collection":[{"href":"https:\/\/www.europesays.com\/hu\/wp-json\/wp\/v2\/posts"}],"about":[{"href":"https:\/\/www.europesays.com\/hu\/wp-json\/wp\/v2\/types\/post"}],"author":[{"embeddable":true,"href":"https:\/\/www.europesays.com\/hu\/wp-json\/wp\/v2\/users\/2"}],"replies":[{"embeddable":true,"href":"https:\/\/www.europesays.com\/hu\/wp-json\/wp\/v2\/comments?post=147533"}],"version-history":[{"count":0,"href":"https:\/\/www.europesays.com\/hu\/wp-json\/wp\/v2\/posts\/147533\/revisions"}],"wp:featuredmedia":[{"embeddable":true,"href":"https:\/\/www.europesays.com\/hu\/wp-json\/wp\/v2\/media\/147534"}],"wp:attachment":[{"href":"https:\/\/www.europesays.com\/hu\/wp-json\/wp\/v2\/media?parent=147533"}],"wp:term":[{"taxonomy":"category","embeddable":true,"href":"https:\/\/www.europesays.com\/hu\/wp-json\/wp\/v2\/categories?post=147533"},{"taxonomy":"post_tag","embeddable":true,"href":"https:\/\/www.europesays.com\/hu\/wp-json\/wp\/v2\/tags?post=147533"}],"curies":[{"name":"wp","href":"https:\/\/api.w.org\/{rel}","templated":true}]}}