{"id":147712,"date":"2026-06-23T07:34:09","date_gmt":"2026-06-23T07:34:09","guid":{"rendered":"https:\/\/www.europesays.com\/hu\/147712\/"},"modified":"2026-06-23T07:34:09","modified_gmt":"2026-06-23T07:34:09","slug":"majka-az-x-faktor-uj-mentorarol-olyan-mintha-a-kislanyom-lenne","status":"publish","type":"post","link":"https:\/\/www.europesays.com\/hu\/147712\/","title":{"rendered":"Majka az X-Faktor \u00faj mentor\u00e1r\u00f3l: Olyan, mintha a kisl\u00e1nyom lenne"},"content":{"rendered":"<p>Id\u00e9n <a target=\"_blank\" href=\"https:\/\/24.hu\/szorakozas\/2026\/04\/23\/x-faktor-2026-mentorok\/\" rel=\"nofollow noopener\">meg\u00fajult mentorcsapattal t\u00e9r vissza az\u00a0X-Faktor<\/a>: a r\u00e9gi motorosnak sz\u00e1m\u00edt\u00f3\u00a0G\u00e1sp\u00e1r Laci\u00a0\u00e9s\u00a0Majka\u00a0mellett <a target=\"_blank\" href=\"https:\/\/24.hu\/szorakozas\/2024\/01\/19\/x-faktor-2024-mentorok-byealex-zsuri-rekordnyeremeny\/\" rel=\"nofollow noopener\">nagy visszat\u00e9r\u0151k\u00e9nt<\/a> ott lesz\u00a0ByeAlex, <a target=\"_blank\" href=\"https:\/\/24.hu\/szorakozas\/2026\/05\/10\/x-faktor-solere-mentorkodas-tervek\/\" rel=\"nofollow noopener\">\u00fajonck\u00e9nt<\/a> pedig Szigeti Zs\u00f3fia, <a target=\"_blank\" href=\"https:\/\/24.hu\/kultura\/2023\/12\/29\/solere-szigeti-zsofi-zene-interju\/\" rel=\"nofollow noopener\">m\u0171v\u00e9sznev\u00e9n Sol\u00e9re<\/a>. A tehets\u00e9gkutat\u00f3 forgat\u00e1sai m\u00e1r elkezd\u0151dtek, \u00e9s ez alatt az \u00e9nekesn\u0151 olyannyira \u00f6sszebar\u00e1tkozott Majk\u00e1val, hogy a rapper \u0151t k\u00e9rte fel el\u0151zenekar\u00e1nak a Budapest Parkban.<\/p>\n<p>Nagyon szeretem a Zs\u00f3fik\u00e1t. Az, hogy Sol\u00e9re van ma el\u0151tt\u00fcnk, k\u00fcl\u00f6n j\u00f3 dolog, mert most kezdt\u00fcnk el egy\u00fctt dolgozni az X-Faktorban, \u00e9s egy\u00e9bk\u00e9nt fogunk is az X-Faktor ut\u00e1n egy\u00fctt dolgozni majd. \u0150 egy energiabomba, nem lehet mellette unatkozni, nem hagy b\u00e9k\u00e9n\u2026 Az a friss energia, amit a huszon\u00e9vesek k\u00e9pviselnek, id\u0151nk\u00e9nt m\u00e1r-m\u00e1r zavar\u00f3, de a Sol\u00e9re meg v\u00e9gk\u00e9pp: amikor melletted van, nem hagy \u00e9lni konkr\u00e9tan. Mindig van valami k\u00e9rd\u00e9se, ny\u0171gje \u2013 olyan, mintha a kisl\u00e1nyom lenne, vagy nem tudom<\/p>\n<p>\u2013 <a target=\"_blank\" rel=\"nofollow noopener\" href=\"https:\/\/rtl.hu\/fokusz\/2026\/06\/23\/majka-solere-budapest-park-koncert-x-faktor\">mondta el<\/a> Majka a\u00a0F\u00f3kuszban.<\/p>\n","protected":false},"excerpt":{"rendered":"Id\u00e9n meg\u00fajult mentorcsapattal t\u00e9r vissza az\u00a0X-Faktor: a r\u00e9gi motorosnak sz\u00e1m\u00edt\u00f3\u00a0G\u00e1sp\u00e1r Laci\u00a0\u00e9s\u00a0Majka\u00a0mellett nagy visszat\u00e9r\u0151k\u00e9nt ott lesz\u00a0ByeAlex, \u00fajonck\u00e9nt pedig Szigeti&hellip;\n","protected":false},"author":2,"featured_media":147713,"comment_status":"","ping_status":"","sticky":false,"template":"","format":"standard","meta":{"footnotes":"","_share_on_mastodon":"0"},"categories":[16],"tags":[137,44,42,40,43,41,2260,27143,138,1986],"class_list":["post-147712","post","type-post","status-publish","format-standard","has-post-thumbnail","category-szorakozas","tag-entertainment","tag-hu","tag-hungarian","tag-hungary","tag-magyar","tag-magyarorszag","tag-majka","tag-solere","tag-szorakozas","tag-x-faktor"],"share_on_mastodon":{"url":"https:\/\/pubeurope.com\/@hu\/116798270129900112","error":""},"_links":{"self":[{"href":"https:\/\/www.europesays.com\/hu\/wp-json\/wp\/v2\/posts\/147712","targetHints":{"allow":["GET"]}}],"collection":[{"href":"https:\/\/www.europesays.com\/hu\/wp-json\/wp\/v2\/posts"}],"about":[{"href":"https:\/\/www.europesays.com\/hu\/wp-json\/wp\/v2\/types\/post"}],"author":[{"embeddable":true,"href":"https:\/\/www.europesays.com\/hu\/wp-json\/wp\/v2\/users\/2"}],"replies":[{"embeddable":true,"href":"https:\/\/www.europesays.com\/hu\/wp-json\/wp\/v2\/comments?post=147712"}],"version-history":[{"count":0,"href":"https:\/\/www.europesays.com\/hu\/wp-json\/wp\/v2\/posts\/147712\/revisions"}],"wp:featuredmedia":[{"embeddable":true,"href":"https:\/\/www.europesays.com\/hu\/wp-json\/wp\/v2\/media\/147713"}],"wp:attachment":[{"href":"https:\/\/www.europesays.com\/hu\/wp-json\/wp\/v2\/media?parent=147712"}],"wp:term":[{"taxonomy":"category","embeddable":true,"href":"https:\/\/www.europesays.com\/hu\/wp-json\/wp\/v2\/categories?post=147712"},{"taxonomy":"post_tag","embeddable":true,"href":"https:\/\/www.europesays.com\/hu\/wp-json\/wp\/v2\/tags?post=147712"}],"curies":[{"name":"wp","href":"https:\/\/api.w.org\/{rel}","templated":true}]}}