{"id":147982,"date":"2026-06-23T11:41:11","date_gmt":"2026-06-23T11:41:11","guid":{"rendered":"https:\/\/www.europesays.com\/hu\/147982\/"},"modified":"2026-06-23T11:41:11","modified_gmt":"2026-06-23T11:41:11","slug":"regen-lattuk-most-ujra-felbukkant-emma-watson-raadasul-vilmos-herceg-oldalan","status":"publish","type":"post","link":"https:\/\/www.europesays.com\/hu\/147982\/","title":{"rendered":"R\u00e9gen l\u00e1ttuk, most \u00fajra felbukkant Emma Watson, r\u00e1ad\u00e1sul Vilmos herceg oldal\u00e1n"},"content":{"rendered":"<p>A <a target=\"_blank\" href=\"https:\/\/24.hu\/szorakozas\/2025\/09\/23\/emma-watson-filmezes-sajtokorut-promozas-marketing-hollywood\/\" rel=\"nofollow noopener\">sz\u00edn\u00e9szett\u0151l visszavonult<\/a> Emma Watson h\u00e9tf\u0151n nemes c\u00e9l \u00e9rdek\u00e9ben l\u00e9pett a nyilv\u00e1noss\u00e1g el\u00e9: a London Climate Action Week, Eur\u00f3pa legnagyobb kl\u00edmav\u00e9delmi esem\u00e9nysorozat\u00e1nak egyik kerekasztal-besz\u00e9lget\u00e9s\u00e9n Vilmos herceg \u00e9s Benedict Cumberbatch t\u00e1rsas\u00e1g\u00e1ban vett r\u00e9szt.<\/p>\n<p>A People r\u00f6viden <a target=\"_blank\" href=\"https:\/\/people.com\/emma-watson-makes-rare-appearance-at-event-with-prince-william-and-benedict-cumberbatch-12004512\" rel=\"nofollow noopener\">id\u00e9zi<\/a> a Harry Potter-filmek egykori sz\u00edn\u00e9szn\u0151j\u00e9nek egy megsz\u00f3lal\u00e1s\u00e1t:<\/p>\n<p>\u201eA t\u00f6rt\u00e9netmes\u00e9l\u00e9snek \u00f3ri\u00e1si ereje van. Fontos, hogy egy m\u00e1rka milyen t\u00f6rt\u00e9netet \u00e9p\u00edt maga k\u00f6r\u00e9, mennyire transzparens, \u00e9s hogyan besz\u00e9l egyes t\u00e9m\u00e1kr\u00f3l. A fiatalok sz\u00e1m\u00e1ra ezek a szempontok k\u00fcl\u00f6n\u00f6sen fontosak\u201d.<\/p>\n<p>Watson m\u00e1r akt\u00edv sz\u00edn\u00e9szn\u0151 kor\u00e1ban elkezdett k\u00fcl\u00f6nb\u00f6z\u0151 \u00fcgyek mellett ki\u00e1llni: a kl\u00edmav\u00e1ltoz\u00e1s mellett a nemek k\u00f6z\u00f6tti egyenl\u0151s\u00e9g sz\u00f3sz\u00f3l\u00f3ja is.<\/p>\n<p><a id=\"galeria-1\" class=\"m-nextGallery _ce_measure_widget _ce_measure_link\" href=\"https:\/\/24.hu\/elet-stilus\/2026\/06\/23\/emma-watson-nyilvanos-szereples-vilmos-herceg\/?gallery=1\/1\/gettyimages-2282218486-1-1.jpg\" data-ce-measure-widget=\"gallery-open\" rel=\"nofollow noopener\" target=\"_blank\"><\/p>\n<p>\t\t<img loading=\"lazy\" decoding=\"async\" width=\"4088\" height=\"2725\" src=\"https:\/\/www.europesays.com\/hu\/wp-content\/uploads\/2026\/06\/gettyimages-2282218486-1-1.jpg\" class=\"m-nextGallery__featureImage wp-image-4747628\" alt=\"\"  \/>\t<\/p>\n<p><\/a><\/p>\n","protected":false},"excerpt":{"rendered":"A sz\u00edn\u00e9szett\u0151l visszavonult Emma Watson h\u00e9tf\u0151n nemes c\u00e9l \u00e9rdek\u00e9ben l\u00e9pett a nyilv\u00e1noss\u00e1g el\u00e9: a London Climate Action Week,&hellip;\n","protected":false},"author":2,"featured_media":147983,"comment_status":"","ping_status":"","sticky":false,"template":"","format":"standard","meta":{"footnotes":"","_share_on_mastodon":"0"},"categories":[21],"tags":[18794,198,9300,137,199,44,42,40,43,41,138,1636],"class_list":["post-147982","post","type-post","status-publish","format-standard","has-post-thumbnail","category-hiressegek","tag-benedict-cumberbatch","tag-celebrities","tag-emma-watson","tag-entertainment","tag-hiressegek","tag-hu","tag-hungarian","tag-hungary","tag-magyar","tag-magyarorszag","tag-szorakozas","tag-vilmos-herceg"],"share_on_mastodon":{"url":"https:\/\/pubeurope.com\/@hu\/116799241645978630","error":""},"_links":{"self":[{"href":"https:\/\/www.europesays.com\/hu\/wp-json\/wp\/v2\/posts\/147982","targetHints":{"allow":["GET"]}}],"collection":[{"href":"https:\/\/www.europesays.com\/hu\/wp-json\/wp\/v2\/posts"}],"about":[{"href":"https:\/\/www.europesays.com\/hu\/wp-json\/wp\/v2\/types\/post"}],"author":[{"embeddable":true,"href":"https:\/\/www.europesays.com\/hu\/wp-json\/wp\/v2\/users\/2"}],"replies":[{"embeddable":true,"href":"https:\/\/www.europesays.com\/hu\/wp-json\/wp\/v2\/comments?post=147982"}],"version-history":[{"count":0,"href":"https:\/\/www.europesays.com\/hu\/wp-json\/wp\/v2\/posts\/147982\/revisions"}],"wp:featuredmedia":[{"embeddable":true,"href":"https:\/\/www.europesays.com\/hu\/wp-json\/wp\/v2\/media\/147983"}],"wp:attachment":[{"href":"https:\/\/www.europesays.com\/hu\/wp-json\/wp\/v2\/media?parent=147982"}],"wp:term":[{"taxonomy":"category","embeddable":true,"href":"https:\/\/www.europesays.com\/hu\/wp-json\/wp\/v2\/categories?post=147982"},{"taxonomy":"post_tag","embeddable":true,"href":"https:\/\/www.europesays.com\/hu\/wp-json\/wp\/v2\/tags?post=147982"}],"curies":[{"name":"wp","href":"https:\/\/api.w.org\/{rel}","templated":true}]}}