{"id":147994,"date":"2026-06-23T11:52:06","date_gmt":"2026-06-23T11:52:06","guid":{"rendered":"https:\/\/www.europesays.com\/hu\/147994\/"},"modified":"2026-06-23T11:52:06","modified_gmt":"2026-06-23T11:52:06","slug":"turtoztesse-magat-nem-egy-kocsmaban-van-kezdenek-elszabadulni-az-indulatok-a-parlamentben-index-hu","status":"publish","type":"post","link":"https:\/\/www.europesays.com\/hu\/147994\/","title":{"rendered":"\u201eT\u00fcrt\u0151ztesse mag\u00e1t, nem egy kocsm\u00e1ban van\u201d \u2013 kezdenek elszabadulni az indulatok a parlamentben &#8211; Index.hu"},"content":{"rendered":"<p><a href=\"https:\/\/news.google.com\/rss\/articles\/CBMi5gFBVV95cUxNT2cybUhCQmpPV1NoT1JLc1BBNmZPOUk0QWVGMERYYXZEMnhZa01QSVQ0a0MzYVhWa285U1lyTTlGRld3TjBjamZ6QklwM2wxcWZSVHBsS0hQQzZRSzNYNnBpdFVvWTF6NTFSeWJuXzZXVzhQcS1tc3VLMnliRHplUk96eUEtVkd1bkJJTTRwSzRuZDgxOHFrUFBEaHJqUUZSX2FUQVhKY2R5VFJiMVYxN2pGM1dnUUNPejNDdC12UVRPb2V5SlZmeDZSOUR0WVZIdDhSMDJmYzM5YWFsLVZVVHk1cXNVUQ?oc=5\" target=\"_blank\" rel=\"nofollow noopener\">\u201eT\u00fcrt\u0151ztesse mag\u00e1t, nem egy kocsm\u00e1ban van\u201d \u2013 kezdenek elszabadulni az indulatok a parlamentben<\/a>&nbsp;&nbsp;Index.hu<a href=\"https:\/\/news.google.com\/rss\/articles\/CBMieEFVX3lxTE1WQk9mamRlXzBDaC1NZElQUF9CYmRiNVNFYk9zbzFuRmJfWEtPWWN2X1B3eUw2MGttVkd6cC1xclZCbmtITTJmNkFjTFVFQzhTRHhCcFNhZkFZd19SX1ozeXREcDF2ZUhoYUJOMnFjaHVsY2NHcUljeA?oc=5\" target=\"_blank\" rel=\"nofollow noopener\">Magyar P\u00e9ter megk\u00f6sz\u00f6nte a \u201ev\u00e1dbesz\u00e9det\u201d \u2013 \u00edgy reag\u00e1lt a r\u00e1kosista forgat\u00f3k\u00f6nyvet emleget\u0151 felsz\u00f3lal\u00e1sra<\/a>&nbsp;&nbsp;atv.hu<a href=\"https:\/\/news.google.com\/rss\/articles\/CBMiiwFBVV95cUxOa3JIQ3MyOTFrY3FFVXBnWnVwaUZ0QU5QYk1ER2xGMm14THotTDRkTEFfOW9MR2VjME4zTk03WEpqUkNFTDgzOFFqSkZjODZ2bndkVms1bHhnNTZOcUJBNFAxQWdKeVVlY3lUUEVFNFVvdWE2MU5TWWRUVzhjNm9jXzUxWlFISlBXVzZj?oc=5\" target=\"_blank\" rel=\"nofollow noopener\">B\u00f3ka J\u00e1nos: Alkotm\u00e1nyos puccs, amit a Tisza m\u0171vel<\/a>&nbsp;&nbsp;ORIGO<a href=\"https:\/\/news.google.com\/rss\/articles\/CBMiswFBVV95cUxNamdyN0hiRkJDa1AwWTl3aHpNN3BKUHpvaWFQRHRCOGMtSUJubGpoeUgxcWE2dm5PcVMxOTItOWRDNGhNQWF5WnB6LWktTGZuVFNZdWVnaTF5UWVCM1FCYlJpMWJMRGk2RG9CQ3B2amVNZjRIN00waGF0VjhkbExueXRHblc1MzJaTm5sdFdwQmdWWUkwZ3BhSkdYclY3Q1QwQ20zWXotSGgtNW5EYy16cl9hQQ?oc=5\" target=\"_blank\" rel=\"nofollow noopener\">Magyar szerint m\u00e1r Guly\u00e1s\u00e9kra is vonatkozik a k\u00e9pvisel\u0151i mand\u00e1tum korl\u00e1toz\u00e1sa<\/a>&nbsp;&nbsp;Telex<a href=\"https:\/\/news.google.com\/rss\/articles\/CBMiiwFBVV95cUxPUVhYREY4RFRMU09LYWJ0SVExVFJtLTAzV1Y1ZmU5ZTVVTWJxU0tZamh0Yl8tRzJzTk8wd1VhcFBIZkVZa2dtSFBkSnhWMXdkZ1ZHOGxLdHdaS2Vmam9OX0x6OXFHSEhPMTE0TEUzQURNU29lakZYaXIySHhveTBwVktsNHByYUtoR3BB?oc=5\" target=\"_blank\" rel=\"nofollow noopener\">B\u00f3ka J\u00e1nosnak az alkotm\u00e1nyos puccs, a cseng\u0151fr\u00e1sz \u00e9s R\u00e1kosi M\u00e1ty\u00e1s jut esz\u00e9be a Tisza korm\u00e1nyz\u00e1s\u00e1r\u00f3l<\/a>&nbsp;&nbsp;H\u00edrstart<\/p>\n","protected":false},"excerpt":{"rendered":"\u201eT\u00fcrt\u0151ztesse mag\u00e1t, nem egy kocsm\u00e1ban van\u201d \u2013 kezdenek elszabadulni az indulatok a parlamentben&nbsp;&nbsp;Index.huMagyar P\u00e9ter megk\u00f6sz\u00f6nte a \u201ev\u00e1dbesz\u00e9det\u201d \u2013&hellip;\n","protected":false},"author":2,"featured_media":147995,"comment_status":"","ping_status":"","sticky":false,"template":"","format":"standard","meta":{"footnotes":"","_share_on_mastodon":"0"},"categories":[6],"tags":[80,89,5443,44,42,40,4434,43,944,41,4184,2307,3485,5892,945,4804,4773],"class_list":["post-147994","post","type-post","status-publish","format-standard","has-post-thumbnail","category-magyarorszag","tag-belfold","tag-fidesz","tag-gulyas-gergely","tag-hu","tag-hungarian","tag-hungary","tag-kdnp","tag-magyar","tag-magyar-peter","tag-magyarorszag","tag-mi-hazank-mozgalom","tag-orszaggyules","tag-parlament","tag-retvari-bence","tag-tisza-part","tag-toroczkai-laszlo","tag-vita"],"share_on_mastodon":{"url":"https:\/\/pubeurope.com\/@hu\/116799284746379193","error":""},"_links":{"self":[{"href":"https:\/\/www.europesays.com\/hu\/wp-json\/wp\/v2\/posts\/147994","targetHints":{"allow":["GET"]}}],"collection":[{"href":"https:\/\/www.europesays.com\/hu\/wp-json\/wp\/v2\/posts"}],"about":[{"href":"https:\/\/www.europesays.com\/hu\/wp-json\/wp\/v2\/types\/post"}],"author":[{"embeddable":true,"href":"https:\/\/www.europesays.com\/hu\/wp-json\/wp\/v2\/users\/2"}],"replies":[{"embeddable":true,"href":"https:\/\/www.europesays.com\/hu\/wp-json\/wp\/v2\/comments?post=147994"}],"version-history":[{"count":0,"href":"https:\/\/www.europesays.com\/hu\/wp-json\/wp\/v2\/posts\/147994\/revisions"}],"wp:featuredmedia":[{"embeddable":true,"href":"https:\/\/www.europesays.com\/hu\/wp-json\/wp\/v2\/media\/147995"}],"wp:attachment":[{"href":"https:\/\/www.europesays.com\/hu\/wp-json\/wp\/v2\/media?parent=147994"}],"wp:term":[{"taxonomy":"category","embeddable":true,"href":"https:\/\/www.europesays.com\/hu\/wp-json\/wp\/v2\/categories?post=147994"},{"taxonomy":"post_tag","embeddable":true,"href":"https:\/\/www.europesays.com\/hu\/wp-json\/wp\/v2\/tags?post=147994"}],"curies":[{"name":"wp","href":"https:\/\/api.w.org\/{rel}","templated":true}]}}