{"id":148001,"date":"2026-06-23T12:00:14","date_gmt":"2026-06-23T12:00:14","guid":{"rendered":"https:\/\/www.europesays.com\/hu\/148001\/"},"modified":"2026-06-23T12:00:14","modified_gmt":"2026-06-23T12:00:14","slug":"emma-watson-elete-egyik-legszebb-ruhajaban-tert-vissza","status":"publish","type":"post","link":"https:\/\/www.europesays.com\/hu\/148001\/","title":{"rendered":"Emma Watson \u00e9lete egyik legszebb ruh\u00e1j\u00e1ban t\u00e9rt vissza"},"content":{"rendered":"<p>Hossz\u00fa id\u0151 ut\u00e1n t\u00e9rt vissza a nyilv\u00e1noss\u00e1g el\u00e9 Emma Watson, aki r\u00f6gt\u00f6n az \u00e9rkez\u00e9se pillanat\u00e1ban bebizony\u00edtotta: val\u00f3di divatikon. A sz\u00edn\u00e9szn\u0151 egy l\u00e9legzetel\u00e1ll\u00edt\u00f3an gy\u00f6ny\u00f6r\u0171 ruh\u00e1ban l\u00e9pett a kamer\u00e1k el\u00e9, amellyel azonnal mag\u00e1ra vont minden tekintetet. A ritka \u00e9s leny\u0171g\u00f6z\u0151 bel\u00e9p\u0151 k\u00fcl\u00f6nlegess\u00e9ge az volt, hogy a <a href=\"https:\/\/femina.hu\/vilagsztar\/harry-potter-piton-szinesz-fenyegetesek\/\" id=\"5889bf47-02bb-4be9-adee-1be177f295fd\" target=\"_blank\" rel=\"nofollow noopener\">Harry Potter-filmek<\/a> szt\u00e1rja ez\u00fattal a brit kir\u00e1lyi csal\u00e1d legel\u0151kel\u0151bb tagja, Vilmos herceg t\u00e1rsas\u00e1g\u00e1ban mutatkozott.<\/p>\n<p>        Sz\u00edv\u00fcgye a k\u00f6rnyezetv\u00e9delem<\/p>\n<p><a href=\"https:\/\/www.glamour.hu\/sztarhirek\/emma-watson-szerelem-mexikoi-milliardos\/c9stqmm\" id=\"f3b5a9de-f920-425d-af25-e0a9bfbaa1fd\" rel=\"nofollow noopener\" target=\"_blank\">Emma Watson<\/a> j\u00fanius 22-\u00e9n csatlakozott a walesi herceghez \u00e9s az Oscar-jel\u00f6lt brit sz\u00edn\u00e9szhez a <a href=\"https:\/\/www.glamour.hu\/sztarok\/vilmos-herceg-szuletesnap-foto\/ptzd9lp\" id=\"0ded80df-421d-4e2d-8379-2b74476e5b54\" rel=\"nofollow noopener\" target=\"_blank\">Vilmos herceg<\/a> \u00e1ltal alap\u00edtott The Royal Foundation \u201eUnited for Wildlife\u201d nev\u0171 szervezet\u00e9nek rendezv\u00e9ny\u00e9n &#8211; <a href=\"https:\/\/people.com\/emma-watson-makes-rare-appearance-at-event-with-prince-william-and-benedict-cumberbatch-12004512\" id=\"0f94417c-523e-4ff1-b019-ea13392ba13b\" target=\"_blank\" rel=\"nofollow noopener\">\u00edrta meg<\/a> a PEOPLE. A f\u00f3rum c\u00e9lja a kl\u00edmatudatos v\u00e1llalati vezet\u00e9s \u00e9s a fenntarthat\u00f3s\u00e1g n\u00e9pszer\u0171s\u00edt\u00e9se volt. A 36 \u00e9ves sz\u00edn\u00e9szn\u0151 nemcsak jelenl\u00e9t\u00e9vel emelte az est f\u00e9ny\u00e9t, de a p\u00f3diumon \u00fclve akt\u00edvan bekapcsol\u00f3dott a term\u00e9szet meg\u00f3v\u00e1s\u00e1r\u00f3l \u00e9s a k\u00f6z\u00f6s felel\u0151ss\u00e9gv\u00e1llal\u00e1sr\u00f3l sz\u00f3l\u00f3 besz\u00e9lget\u00e9sbe is.<\/p>\n<p>                <a class=\"position-absolute pinterestImgShare\" href=\"https:\/\/pinterest.com\/pin\/create\/button\/?url=https:\/\/image.glamour.hu\/1\/rPsk9kpTURBXy9hMjUyOGIyYjQ0Mjk1MjFjODUzNDBiMjJjOWU1ZmQzNS5qcGeQ3gABoTAF&amp;media=https:\/\/image.glamour.hu\/1\/rPsk9kpTURBXy9hMjUyOGIyYjQ0Mjk1MjFjODUzNDBiMjJjOWU1ZmQzNS5qcGeQ3gABoTAF\" aria-label=\"Pinterest\" target=\"_blank\" rel=\"noopener nofollow\"><\/p>\n<p>                <\/a><\/p>\n<p>                    <a href=\"https:\/\/image.glamour.hu\/1\/rPsk9kpTURBXy9hMjUyOGIyYjQ0Mjk1MjFjODUzNDBiMjJjOWU1ZmQzNS5qcGeQ3gABoTAF\" data-lightbox=\"https:\/\/image.glamour.hu\/1\/rPsk9kpTURBXy9hMjUyOGIyYjQ0Mjk1MjFjODUzNDBiMjJjOWU1ZmQzNS5qcGeQ3gABoTAF\" data-title=\"Emma Watson Vilmos herceg t\u00e1rsas\u00e1g\u00e1ban kamp\u00e1nyolt a bolyg\u00f3 v\u00e9delm\u00e9\u00e9rt\" data-alt=\"Emma Watson Vilmos herceg t\u00e1rsas\u00e1g\u00e1ban kamp\u00e1nyolt a bolyg\u00f3 v\u00e9delm\u00e9\u00e9rt\" rel=\"nofollow noopener\" target=\"_blank\"><\/p>\n<p>                                <img decoding=\"async\" src=\"https:\/\/www.europesays.com\/hu\/wp-content\/uploads\/2026\/06\/3adktkpTURBXy9hMjUyOGIyYjQ0Mjk1MjFjODUzNDBiMjJjOWU1ZmQzNS5qcGeRlQLNA8YAwsM.jpeg\" class=\"img-fluid d-block\" alt=\"Emma Watson Vilmos herceg t\u00e1rsas\u00e1g\u00e1ban kamp\u00e1nyolt a bolyg\u00f3 v\u00e9delm\u00e9\u00e9rt\"\/><\/p>\n<p>                    <\/a><\/p>\n<p>\n                        Emma Watson Vilmos herceg t\u00e1rsas\u00e1g\u00e1ban kamp\u00e1nyolt a bolyg\u00f3 v\u00e9delm\u00e9\u00e9rt\n                    <\/p>\n<p>\n                        Fot\u00f3: WPA Pool\/Getty Images\n                    <\/p>\n<p>        Egy vicces eml\u00e9k a m\u00faltb\u00f3l<\/p>\n<p>Watson kor\u00e1bban egy humoros szem\u00e9lyes t\u00f6rt\u00e9netet is felid\u00e9zett a Harry Potter-id\u0151szak\u00e1b\u00f3l. Elmes\u00e9lte, hogy egyszer a nappalij\u00e1b\u00f3l pillantott meg egy csoport fot\u00f3st, akikr\u0151l azt hitte, hogy \u0151t veszik \u00fcld\u00f6z\u0151be, \u00e1m v\u00e9g\u00fcl kider\u00fclt, hogy m\u00e1s c\u00e9lb\u00f3l \u00e9rkeztek az otthon\u00e1hoz.<\/p>\n<p>\t<a class=\"article_recommendation_link\" href=\"https:\/\/www.glamour.hu\/sztarok\/emma-watson-pizsama\/mss79fj?ca_ei&amp;length=15&amp;blockIndex=9&amp;pubId=t83esw6\" target=\"_blank\" rel=\"nofollow noopener\"><\/p>\n<p class=\"flex-shrink-0\">\n<p>\t\t\t\t\tEmma Watson pizsam\u00e1ban lepett az utc\u00e1ra, meglep\u0151dn\u00e9l, mennyire j\u00f3l \u00e1ll neki<\/p>\n<p>\t\t\t\t\t\t\t<img decoding=\"async\" class=\"col-lg-12 px-0 img-fluid lazyload\" src=\"https:\/\/www.europesays.com\/hu\/wp-content\/uploads\/2026\/06\/yvLktlyaHR0cHM6Ly9pbWFnZS5nbGFtb3VyLmh1LzEvbkdYa3RrcFRVUkJYeTgwTkRGa05tUXhPV1V5WXpWbFlUaGhaRGswWVdRN.jpeg\" alt=\"Emma Watson pizsam\u00e1ban lepett az utc\u00e1ra, meglep\u0151dn\u00e9l, mennyire j\u00f3l \u00e1ll neki\"\/><\/p>\n<p>\t<\/a><\/p>\n<p>\u201eEml\u00e9kszem, a nappalimb\u00f3l l\u00e1ttam ezeket a f\u00e9rfiakat a hatalmas teleobjekt\u00edvjeikkel. Azt gondoltam: \u00bbElj\u00f6tt a nap. Megt\u00f6rt\u00e9nt, \u00f3, te j\u00f3 \u00e9g!\u00ab Sz\u00f3val valaki kiment, hogy besz\u00e9ljen vel\u00fck, \u00e9n pedig kiosontam egy m\u00e1sik \u00faton. V\u00e9g\u00fcl kider\u00fclt, hogy a hatalmas lencs\u00e9kkel felszerelt f\u00e9rfiak egy\u00e1ltal\u00e1n nem miattam voltak ott\u201d \u2013 mes\u00e9lte nevetve. \u201eEgy nagyon ritka mad\u00e1r, a v\u00f6r\u00f6s k\u00e1nya miatt j\u00f6ttek. Tulajdonk\u00e9ppen be akartak t\u00f6rni a h\u00e1ts\u00f3 kertembe, mert azt hitt\u00e9k, hogy az egyik ilyen v\u00f6r\u00f6s k\u00e1nya \u00e9ppen ott tany\u00e1zik.\u201d<\/p>\n<p>        A t\u00f6rt\u00e9netmes\u00e9l\u00e9s ereje a popkult\u00far\u00e1ban<\/p>\n<p>A komoly hangv\u00e9tel\u0171 diskurzus sor\u00e1n <a href=\"https:\/\/www.glamour.hu\/sztarhirek\/emma-watson-szerelme\/e16846j\" id=\"94f235f1-9b41-45f5-a810-3ed78b77dbd7\" rel=\"nofollow noopener\" target=\"_blank\">Emma Watson<\/a> arra is r\u00e1v\u00e1gott, milyen hatalmas szerepe van a m\u00e9di\u00e1nak \u00e9s a filmeknek abban, hogyan viszonyulunk a k\u00f6rnyezet\u00fcnkh\u00f6z: \u201eA t\u00f6rt\u00e9netmes\u00e9l\u00e9s nagyon er\u0151teljes, \u00e9s a t\u00f6rt\u00e9net, amit m\u00e1rkak\u00e9nt elmes\u00e9lsz, az \u00e1tl\u00e1that\u00f3s\u00e1g, \u00e9s az, ahogyan ezekr\u0151l a probl\u00e9m\u00e1kr\u00f3l besz\u00e9lsz, mind sz\u00e1m\u00edt\u201d \u2013 mondta Watson a sz\u00ednpadon. \u201eEz fontos a fiataloknak\u201d \u2013 tette hozz\u00e1.<\/p>\n<p>                <a class=\"position-absolute pinterestImgShare\" href=\"https:\/\/pinterest.com\/pin\/create\/button\/?url=https:\/\/image.glamour.hu\/1\/sLMk9kpTURBXy9kNGFiOGYzZjE3YzJkOTlmMjk0ZjU5YjYwZDU1ZDgzYS5qcGeQ3gABoTAF&amp;media=https:\/\/image.glamour.hu\/1\/sLMk9kpTURBXy9kNGFiOGYzZjE3YzJkOTlmMjk0ZjU5YjYwZDU1ZDgzYS5qcGeQ3gABoTAF\" aria-label=\"Pinterest\" target=\"_blank\" rel=\"noopener nofollow\"><\/p>\n<p>                <\/a><\/p>\n<p>                    <a href=\"https:\/\/image.glamour.hu\/1\/sLMk9kpTURBXy9kNGFiOGYzZjE3YzJkOTlmMjk0ZjU5YjYwZDU1ZDgzYS5qcGeQ3gABoTAF\" data-lightbox=\"https:\/\/image.glamour.hu\/1\/sLMk9kpTURBXy9kNGFiOGYzZjE3YzJkOTlmMjk0ZjU5YjYwZDU1ZDgzYS5qcGeQ3gABoTAF\" data-title=\"Emma Watson, Vilmos herceg \u00e9s Benedict Cumberbatch a Londoni Kl\u00edmah\u00e9t keret\u00e9ben megrendezett United for Wildlife \u00fczleti f\u00f3rum sz\u00ednpad\u00e1n\" data-alt=\"Emma Watson, Vilmos herceg \u00e9s Benedict Cumberbatch a Londoni Kl\u00edmah\u00e9t keret\u00e9ben megrendezett United for Wildlife \u00fczleti f\u00f3rum sz\u00ednpad\u00e1n\" rel=\"nofollow noopener\" target=\"_blank\"><\/p>\n<p>                                <img decoding=\"async\" src=\"https:\/\/www.europesays.com\/hu\/wp-content\/uploads\/2026\/06\/6d2ktkpTURBXy9kNGFiOGYzZjE3YzJkOTlmMjk0ZjU5YjYwZDU1ZDgzYS5qcGeRlQLNA8YAwsM.jpeg\" class=\"img-fluid d-block\" alt=\"Emma Watson, Vilmos herceg \u00e9s Benedict Cumberbatch a Londoni Kl\u00edmah\u00e9t keret\u00e9ben megrendezett United for Wildlife \u00fczleti f\u00f3rum sz\u00ednpad\u00e1n\"\/><\/p>\n<p>                    <\/a><\/p>\n<p>\n                        Emma Watson, Vilmos herceg \u00e9s Benedict Cumberbatch a Londoni Kl\u00edmah\u00e9t keret\u00e9ben megrendezett United for Wildlife \u00fczleti f\u00f3rum sz\u00ednpad\u00e1n\n                    <\/p>\n<p>\n                        Fot\u00f3: WPA Pool\/Getty Images\n                    <\/p>\n<p>        A v\u00f6r\u00f6s sz\u0151nyegen t\u00fal<\/p>\n<p>B\u00e1r a k\u00f6z\u00f6ns\u00e9g mostan\u00e1ban kevesebbet l\u00e1thatja a filmv\u00e1sznon, <a href=\"https:\/\/femina.hu\/vilagsztar\/emma-watson-uj-parja\/\" id=\"f2da5756-325b-455c-9a53-846302cb9023\" target=\"_blank\" rel=\"nofollow noopener\">Emma Watson<\/a> \u00e9vek \u00f3ta k\u00f6vetkezetesen haszn\u00e1lja a n\u00e9pszer\u0171s\u00e9g\u00e9t \u00e9s a k\u00f6z\u00f6ss\u00e9gi platformjait arra, hogy fontos t\u00e1rsadalmi \u00fcgyek mellett \u00e1lljon ki. Az ENSZ N\u0151k j\u00f3akarat\u00fa nagyk\u00f6vetek\u00e9nt \u00e9s a HeForShe kamp\u00e1ny arcak\u00e9nt kor\u00e1bban a nemek k\u00f6z\u00f6tti egyenl\u0151s\u00e9g\u00e9rt k\u00fczd\u00f6tt, mostani szerepl\u00e9s\u00e9vel pedig ism\u00e9t bizony\u00edtotta, hogy a glob\u00e1lis kl\u00edmav\u00e1ls\u00e1g elleni harcban is az egyik leghangosabb \u00e9s legmeghat\u00e1roz\u00f3bb hollywoodi hang.<\/p>\n","protected":false},"excerpt":{"rendered":"Hossz\u00fa id\u0151 ut\u00e1n t\u00e9rt vissza a nyilv\u00e1noss\u00e1g el\u00e9 Emma Watson, aki r\u00f6gt\u00f6n az \u00e9rkez\u00e9se pillanat\u00e1ban bebizony\u00edtotta: val\u00f3di divatikon.&hellip;\n","protected":false},"author":2,"featured_media":148002,"comment_status":"","ping_status":"","sticky":false,"template":"","format":"standard","meta":{"footnotes":"","_share_on_mastodon":"0"},"categories":[16],"tags":[9300,137,1004,44,42,40,3266,43,41,740,138,1636],"class_list":["post-148001","post","type-post","status-publish","format-standard","has-post-thumbnail","category-szorakozas","tag-emma-watson","tag-entertainment","tag-harry-potter","tag-hu","tag-hungarian","tag-hungary","tag-kiralyi-csalad","tag-magyar","tag-magyarorszag","tag-nemzetkozi-sztarok","tag-szorakozas","tag-vilmos-herceg"],"share_on_mastodon":{"url":"https:\/\/pubeurope.com\/@hu\/116799316292326770","error":""},"_links":{"self":[{"href":"https:\/\/www.europesays.com\/hu\/wp-json\/wp\/v2\/posts\/148001","targetHints":{"allow":["GET"]}}],"collection":[{"href":"https:\/\/www.europesays.com\/hu\/wp-json\/wp\/v2\/posts"}],"about":[{"href":"https:\/\/www.europesays.com\/hu\/wp-json\/wp\/v2\/types\/post"}],"author":[{"embeddable":true,"href":"https:\/\/www.europesays.com\/hu\/wp-json\/wp\/v2\/users\/2"}],"replies":[{"embeddable":true,"href":"https:\/\/www.europesays.com\/hu\/wp-json\/wp\/v2\/comments?post=148001"}],"version-history":[{"count":0,"href":"https:\/\/www.europesays.com\/hu\/wp-json\/wp\/v2\/posts\/148001\/revisions"}],"wp:featuredmedia":[{"embeddable":true,"href":"https:\/\/www.europesays.com\/hu\/wp-json\/wp\/v2\/media\/148002"}],"wp:attachment":[{"href":"https:\/\/www.europesays.com\/hu\/wp-json\/wp\/v2\/media?parent=148001"}],"wp:term":[{"taxonomy":"category","embeddable":true,"href":"https:\/\/www.europesays.com\/hu\/wp-json\/wp\/v2\/categories?post=148001"},{"taxonomy":"post_tag","embeddable":true,"href":"https:\/\/www.europesays.com\/hu\/wp-json\/wp\/v2\/tags?post=148001"}],"curies":[{"name":"wp","href":"https:\/\/api.w.org\/{rel}","templated":true}]}}