{"id":148384,"date":"2026-06-23T17:59:10","date_gmt":"2026-06-23T17:59:10","guid":{"rendered":"https:\/\/www.europesays.com\/hu\/148384\/"},"modified":"2026-06-23T17:59:10","modified_gmt":"2026-06-23T17:59:10","slug":"index-fomo-veszelyes-dontest-hozott-anne-hathaway-hogy-43-evesen-vallalt-gyermeket","status":"publish","type":"post","link":"https:\/\/www.europesays.com\/hu\/148384\/","title":{"rendered":"Index &#8211; FOMO &#8211; Vesz\u00e9lyes d\u00f6nt\u00e9st hozott Anne Hathaway, hogy 43 \u00e9vesen v\u00e1llalt gyermeket?"},"content":{"rendered":"<p>P\u00e1r nappal ezel\u0151tt\u00a0<a href=\"https:\/\/index.hu\/mindekozben\/poszt\/2026\/06\/19\/anne-hathaway-allapotos-video-baba-harmadik\/\" id=\"hyperlink_b69d6378badc47c25d3243346f6bf2c4\" target=\"_blank\" title=\"Anne Hathaway bab\u00e1t v\u00e1r, megmutatta g\u00f6mb\u00f6ly\u00f6d\u0151 pocakj\u00e1t is\" rel=\"nofollow noopener\">mi is besz\u00e1moltunk<\/a> arr\u00f3l, hogy Anne Hathaway-t csal\u00e1di vak\u00e1ci\u00f3juk k\u00f6zben, Saint-Tropezban kapt\u00e1k lencsev\u00e9gre lesifot\u00f3sok, ahol \u00e1ttetsz\u0151 fels\u0151je alatt m\u00e1r l\u00e1tsz\u00f3dott g\u00f6mb\u00f6ly\u00f6d\u0151 pocakja. A sz\u00edn\u00e9szn\u0151 nem is h\u00fazta az id\u0151t, elej\u00e9be menve a spekul\u00e1ci\u00f3knak p\u00e1r \u00f3r\u00e1n bel\u00fcl hivatalos oldal\u00e1n jelentette be v\u00e1rand\u00f3ss\u00e1g\u00e1nak h\u00edr\u00e9t.\u00a0Az \u00f6rd\u00f6g Prad\u00e1t visel szt\u00e1rja egy vide\u00f3ban mutatta meg kereked\u0151 has\u00e1t, amit egy\u00e9bk\u00e9nt remek\u00fcl leplezett az <a href=\"https:\/\/dex.hu\/x.php?id=index_mindekozben_cikklink&amp;url=https%3A%2F%2Findex.hu%2Fmindekozben%2Fposzt%2F2026%2F04%2F21%2Fanne-hathaway-vilag-legszebb-embere-voros-szonyeg%2F\" id=\"hyperlink_8860303f65c611c6f71cd070a8412048\" target=\"_blank\" title=\"Anne Hathaway ellopta a show-t a v\u00f6r\u00f6s sz\u0151nyegen, \u00edgy jelent meg Az \u00f6rd\u00f6g Prad\u00e1t visel 2. premierj\u00e9n\" rel=\"nofollow noopener\">elm\u00falt hetek hivatalos<\/a> esem\u00e9nyein,<a href=\"https:\/\/dex.hu\/x.php?id=index_mindekozben_cikklink&amp;url=https%3A%2F%2Findex.hu%2Fmindekozben%2Fposzt%2F2026%2F05%2F04%2Fanne-hathaway-akkor-es-most-az-ordog-pradat-visel%2F\" id=\"hyperlink_57d9abcdcfc6748a15b686fdfdfb1602\" target=\"_blank\" title=\"Anne Hathaway 20 \u00e9v ut\u00e1n felvette ikonikus kab\u00e1tj\u00e1t, nagyot mennek az akkor \u00e9s most fot\u00f3i\" rel=\"nofollow noopener\">\u00a0v\u00f6r\u00f6s sz\u0151nyeges megjelen\u00e9sein<\/a>\u00a0\u2013\u00a0k\u00e9t h\u00f3nappal ezel\u0151tt p\u00e9ld\u00e1ul egy csipk\u00e9s <a href=\"https:\/\/dex.hu\/x.php?id=index_mindekozben_cikklink&amp;url=https%3A%2F%2Findex.hu%2Fmindekozben%2Fposzt%2F2026%2F04%2F16%2Fanne-hathaway-meresz-attetszo-ruha-premier%2F\" id=\"hyperlink_53c6fd2c027bae7df8754f7efca08ea4\" target=\"_blank\" title=\"Anne Hathaway nem b\u00edzott sokat a fant\u00e1zi\u00e1ra, \u00e1ttetsz\u0151 ruh\u00e1ban hirdette \u00faj filmj\u00e9t\" rel=\"nofollow noopener\">meztelenruh\u00e1ban<\/a> rekl\u00e1mozta a\u00a0Mother Mary c\u00edm\u0171 thriller-musicalt.<\/p>\n<p>                        V\u00e1rand\u00f3ss\u00e1g 40 felett \u2013 m\u00e1r nem szokatlan<\/p>\n<p>A sz\u00edn\u00e9szn\u0151 m\u00e1r t\u00fal van a negyvenen, \u00edgy megindultak a tal\u00e1lgat\u00e1sok azzal kapcsolatban, biztons\u00e1gos-e ennyi id\u0151sen gyermeket v\u00e1llalni.\u00a0Neelam Suri, a sz\u00fcl\u00e9szet \u00e9s a n\u0151gy\u00f3gy\u00e1szat vezet\u0151 <a href=\"https:\/\/www.hindustantimes.com\/lifestyle\/health\/anne-hathaway-age-43-pregnant-video-third-child-doctor-says-says-late-pregnancy-is-no-longer-unusual-can-be-safe-101781922921856-amp.html\" id=\"hyperlink_71c837696115a533ecfb1df7fda80e5e\" rel=\"nofollow noopener\" target=\"_blank\">szakorvosa szerint<\/a> m\u00e1r k\u00f6zel sem akkora a rizik\u00f3faktora ennek, mint n\u00e9h\u00e1ny \u00e9vvel ezel\u0151tt, \u00e1m tov\u00e1bbra is aj\u00e1nlott a kismama folyamatos megfigyel\u00e9s alatt tart\u00e1sa. Kiemelte, a n\u0151k egy bizonyos sz\u00e1m\u00fa petesejttel sz\u00fcletnek, nem v\u00e9gtelen a megterm\u00e9keny\u00edthet\u0151ek sz\u00e1ma. Mi t\u00f6bb, ezek min\u0151s\u00e9ge 35-40 \u00e9ves kor k\u00f6rny\u00e9k\u00e9n m\u00e1r romlik, j\u00f3val nehezebben term\u00e9kenyednek meg term\u00e9szetes \u00faton.<\/p>\n<p>T\u00f6bb eg\u00e9szs\u00e9g\u00fcgyi vesz\u00e9lynek vannak kit\u00e9ve ennyi id\u0151sen a n\u0151k, kezdve a terhess\u00e9gi cukorbetegs\u00e9gt\u0151l a magas v\u00e9rnyom\u00e1son \u00e1t eg\u00e9szen a komplik\u00e1ci\u00f3s sz\u00fcl\u00e9sig. Ez\u00e9rt is fordul el\u0151, hogy ennyi id\u0151sen m\u00e1r javasolj\u00e1k a lombikprogramot, hisz az egy biztons\u00e1gos keretet ad az \u00e9desany\u00e1k v\u00e1rand\u00f3ss\u00e1g\u00e1nak, mi t\u00f6bb, orvosaik v\u00e9gig tudj\u00e1k fel\u00fcgyelni a proced\u00far\u00e1t.<\/p>\n<p>A k\u00e9s\u0151bbi \u00e9letszakaszban bek\u00f6vetkez\u0151 terhess\u00e9g m\u00e1r nem sz\u00e1m\u00edt szokatlannak, \u00e9s megfelel\u0151 orvosi ell\u00e1t\u00e1s \u00e9s \u00f3vint\u00e9zked\u00e9sek mellett sok n\u0151n\u00e9l kedvez\u0151 kimenetel\u0171 a v\u00e1rand\u00f3ss\u00e1g<\/p>\n<p>\u2013 fogalmazott a szakorvos. Biztatott minden \u00e9desany\u00e1t, hogy \u00e9ljen a rendszeres vizsg\u00e1latok, az \u00fagynevezett monitoroz\u00e1s lehet\u0151s\u00e9g\u00e9vel.<\/p>\n<p>                        F\u00e1jdalmas k\u00fczdelmek \u00e1r\u00e1n lehetett gyermeke<\/p>\n<p>Anne Hathaway els\u0151 gyermeke 2016-ban sz\u00fcletett, amikor a sz\u00edn\u00e9szn\u0151 33 \u00e9ves volt. Mikor m\u00e1sodik kisfi\u00e1val volt v\u00e1rand\u00f3s, megosztotta, hogy 2015-ben volt egy vet\u00e9l\u00e9se, valamint alapvet\u0151en a teherbees\u00e9s sem volt z\u00f6kken\u0151mentes sz\u00e1m\u00e1ra. Megj\u00e1rta a poklot, amit a term\u00e9ketlens\u00e9g jelent egy olyan n\u0151nek, aki v\u00e1gyja az anyas\u00e1got. Elmond\u00e1sa szerint ez\u00e9rt is tartotta fontosnak megosztani, hogy v\u00e9g\u00fcl siker\u00fclt gyermeket v\u00e1llalnia.<\/p>\n<p>\u00dagy fogalmazott, tiszt\u00e1ban volt a t\u00e9nnyel, ha csak terhess\u00e9g\u00e9nek \u00f6r\u00f6mh\u00edr\u00e9t osztja meg, att\u00f3l egyesek csak m\u00e9g elszigeteltebben \u00e9rzik majd magukat.<\/p>\n<p>\u00cdgy fontosnak tartotta, hogy az id\u00e1ig vezet\u0151 \u00fatr\u00f3l, annak neh\u00e9zs\u00e9geir\u0151l \u00e9s sz\u00edvf\u00e1jdalmair\u00f3l is besz\u00e9ljen.<\/p>\n<p>\u201eHa teherbe esel, az esetek t\u00f6bbs\u00e9g\u00e9ben az egy igaz\u00e1n boldog id\u0151szak, de ez csak a t\u00f6rt\u00e9net egyik fele. Azok a l\u00e9p\u00e9sek pedig, amelyek ehhez a boldog r\u00e9szhez vezetnek, igaz\u00e1n f\u00e1jdalmasak, nagyon elszigetel\u0151ek \u00e9s tele vannak \u00f6nbizalomhi\u00e1nnyal. \u00c9n is \u00e1t\u00e9ltem ezt\u201d \u2013 <a href=\"https:\/\/www.today.com\/parents\/anne-hathaway-fertility-journey-third-baby-rcna350977\" id=\"hyperlink_03d9cf9c64089ef8574cb07a7bfc2f3d\" rel=\"nofollow noopener\" target=\"_blank\">magyar\u00e1zta<\/a> a sz\u00edn\u00e9szn\u0151.<\/p>\n<p>Hathaway t\u00f6rt\u00e9net\u00e9b\u0151l az ir\u00f3nia sem hi\u00e1nyzik, ugyanis vet\u00e9l\u00e9se \u00e9pp akkor t\u00f6rt\u00e9nt, amikor a Broadway Grounded c\u00edm\u0171 musicalj\u00e9ben alak\u00edtott egy v\u00e1rand\u00f3s n\u0151t. Minden egyes este gyermeket sz\u00fclt a sz\u00ednpadon, m\u00edg mag\u00e1n\u00e9let\u00e9ben ez csup\u00e1n egy h\u0151n d\u00e9delgetett \u00e1lom maradt. Nyilatkozatai alapj\u00e1n \u00e9lete egyik legmegterhel\u0151bb szerepe \u00e9s legnehezebb id\u0151szaka volt.<\/p>\n<p>Anne Hathaway egy\u00e9bk\u00e9nt m\u00e9lt\u00f3s\u00e1ggal kezeli a kor\u00e1t, \u00e1m nem z\u00e1rk\u00f3zik el a plasztika vagy a botox lehet\u0151s\u00e9geit\u0151l sem. B\u00e1r kor\u00e1bban azt pletyk\u00e1lt\u00e1k, m\u00e1r ig\u00e9nybe is vette ezeket a szolg\u00e1ltat\u00e1sokat, el\u00e1rulta, val\u00f3j\u00e1ban m\u00e9g nem fek\u00fcdt soha k\u00e9s al\u00e1. <a href=\"https:\/\/index.hu\/mindekozben\/poszt\/2026\/05\/29\/anne-hathaway-reagalt-a-plasztiajarol-szolo-pletykakra-elarulta-mi-is-az-igazsag\/\" id=\"hyperlink_7ad96e63bf161c2ec416924b36663dd1\" target=\"_blank\" title=\"Anne Hathaway reag\u00e1lt az arcplasztik\u00e1j\u00e1r\u00f3l sz\u00f3l\u00f3 pletyk\u00e1kra, el\u00e1rulta, mi is az igazs\u00e1g\" rel=\"nofollow noopener\">Kider\u00fclt<\/a>, mind\u00f6ssze egy praktikus tr\u00fckkel oldj\u00e1k meg v\u00f6r\u00f6s sz\u0151nyeges megjelen\u00e9sein\u00e9l, hogy kisimultabbnak t\u0171nj\u00f6n az arca. Fodr\u00e1sza apr\u00f3 fonatokat k\u00e9sz\u00edt a hal\u00e1nt\u00e9k\u00e1n\u00e1l, amelyet h\u00e1tul er\u0151sen \u00f6sszefognak, ez pedig oper\u00e1ci\u00f3 n\u00e9lk\u00fcl, val\u00f3ban feszesebb arcot eredm\u00e9nyez.\u00a0Most azonban b\u0151v\u00fcl\u0151 csal\u00e1dj\u00e1ra koncentr\u00e1l, hisz a legfontosabb egy kismama sz\u00e1m\u00e1ra, hogy kiegyens\u00falyozott legyen.<\/p>\n<p>                        Megval\u00f3sul a pr\u00f3f\u00e9cia<\/p>\n<p>Az, hogy Anne Hathaway \u00fagy \u00f6regszik, mint a j\u00f3 bor, tov\u00e1bb er\u0151s\u00edti a hiedelmeket, miszerint \u0151 Shakespeare egykori feles\u00e9ge, aki most visszat\u00e9rt. A sz\u00f3besz\u00e9det az ind\u00edtotta el, hogy f\u00e9rje egy az egyben \u00fagy n\u00e9z ki, mint a k\u00f6z\u00e9pkori dr\u00e1ma\u00edr\u00f3, akinek szint\u00e9n Anne Hathaway-nek h\u00edvt\u00e1k feles\u00e9g\u00e9t.<\/p>\n<p>Egy kor\u00e1bbi interj\u00faj\u00e1ban is <a href=\"https:\/\/index.hu\/fomo\/2026\/04\/29\/anne-hathaway-szineszno-hollywood-ikon\/\" id=\"hyperlink_9e0f6d0cf8467ab042c324603e8dd4e2\" target=\"_blank\" title=\"Ap\u00e1ca akart lenni, v\u00e9g\u00fcl korszakalkot\u00f3 hollywoodi sz\u00edn\u00e9szn\u0151 lett bel\u0151le\" rel=\"nofollow noopener\">sz\u00f3 esett err\u0151l<\/a>, amelyben a sz\u00edn\u00e9szn\u0151 smink n\u00e9lk\u00fcl l\u00e1that\u00f3, mire az \u00fajs\u00e1g\u00edr\u00f3 arr\u00f3l k\u00e9rdezi, milyen volt a kilencvenes \u00e9vekben \u00e9lni. Hathaway visszak\u00e9rdez: \u201eM\u00e1rmint az 1590-es \u00e9vekben?\u201d \u2013 utalva ezzel arra, maga is \u00e9rz\u00e9keli, mennyi k\u00fcl\u00f6n\u00f6s egybees\u00e9s van saj\u00e1t h\u00e1zass\u00e1ga \u00e9s a m\u00e9lt\u00e1n h\u00edres dr\u00e1ma\u00edr\u00f3\u00e9 k\u00f6z\u00f6tt.<\/p>\n<p>Most pedig csak m\u00e9g ink\u00e1bb meger\u0151s\u00edthetik az \u00f6sszeesk\u00fcv\u00e9s-elm\u00e9let gy\u00e1rt\u00f3kat azzal, hogy harmadik gyermek\u00fcket v\u00e1rj\u00e1k. A rendk\u00edv\u00fcl bizarr egybees\u00e9st ugyanis tov\u00e1bb m\u00e9ly\u00edti az, hogy Shakespeare-nek \u00e9s feles\u00e9g\u00e9nek is h\u00e1rom gyermeke sz\u00fcletett \u2013 Suzanne, valamint Hamnet \u00e9s Judith, akik ikrek voltak.\u00a0Meglehet teh\u00e1t, hogy a sz\u00edn\u00e9szn\u0151 v\u00e1rand\u00f3ss\u00e1ga pont sors\u00e1nak beteljes\u00fcl\u00e9s\u00e9t is jelenti. Legal\u00e1bbis az elm\u00e9letsz\u00f6v\u0151k szerint eg\u00e9szen biztosan.<\/p>\n<p>\n                          (Bor\u00edt\u00f3k\u00e9p:\u00a0Anne Hathaway l\u00e1that\u00f3 2026. j\u00fanius 1-j\u00e9n New York City v\u00e1ros\u00e1ban. Fot\u00f3:\u00a0XNY\/Star Max \/ Getty Images)\n                        <\/p>\n<p><a href=\"https:\/\/dex.hu\/x.php?id=googlepref_desktop&amp;url=https:\/\/google.com\/preferences\/source?q=https:\/\/index.hu\" class=\"google-pref-banner \" id=\"googlePrefBanner\" rel=\"nofollow noopener\" target=\"_blank\"><\/p>\n<p>    Itt \u00e1ll\u00edtsa be, hogy az Index az els\u0151k k\u00f6z\u00f6tt legyen a Google-tal\u00e1latokban!<\/p>\n<p><\/a><\/p>\n<p>    <img decoding=\"async\" src=\"https:\/\/index.hu\/assets\/images\/social-follow\/logo-big.svg\" alt=\"Index.hu logo\"\/><\/p>\n<p>K\u00f6vesse az Indexet Facebookon is!<\/p>\n<p>    <a href=\"https:\/\/facebook.com\/Indexhu\" target=\"_blank\" rel=\"nofollow noopener\"><\/p>\n<p>        K\u00f6vetem!<br \/>\n    <\/a><\/p>\n","protected":false},"excerpt":{"rendered":"P\u00e1r nappal ezel\u0151tt\u00a0mi is besz\u00e1moltunk arr\u00f3l, hogy Anne Hathaway-t csal\u00e1di vak\u00e1ci\u00f3juk k\u00f6zben, Saint-Tropezban kapt\u00e1k lencsev\u00e9gre lesifot\u00f3sok, ahol \u00e1ttetsz\u0151&hellip;\n","protected":false},"author":2,"featured_media":148385,"comment_status":"","ping_status":"","sticky":false,"template":"","format":"standard","meta":{"footnotes":"","_share_on_mastodon":"0"},"categories":[21],"tags":[14554,12477,151,198,137,185,199,409,44,42,40,43,41,926,138,6378,45254,8671],"class_list":["post-148384","post","type-post","status-publish","format-standard","has-post-thumbnail","category-hiressegek","tag-40-felett","tag-anne-hathaway","tag-ce-femina","tag-celebrities","tag-entertainment","tag-fomo","tag-hiressegek","tag-hollywood","tag-hu","tag-hungarian","tag-hungary","tag-magyar","tag-magyarorszag","tag-szineszno","tag-szorakozas","tag-terhesseg","tag-termeketlenseg","tag-veteles"],"share_on_mastodon":{"url":"https:\/\/pubeurope.com\/@hu\/116800727754949320","error":""},"_links":{"self":[{"href":"https:\/\/www.europesays.com\/hu\/wp-json\/wp\/v2\/posts\/148384","targetHints":{"allow":["GET"]}}],"collection":[{"href":"https:\/\/www.europesays.com\/hu\/wp-json\/wp\/v2\/posts"}],"about":[{"href":"https:\/\/www.europesays.com\/hu\/wp-json\/wp\/v2\/types\/post"}],"author":[{"embeddable":true,"href":"https:\/\/www.europesays.com\/hu\/wp-json\/wp\/v2\/users\/2"}],"replies":[{"embeddable":true,"href":"https:\/\/www.europesays.com\/hu\/wp-json\/wp\/v2\/comments?post=148384"}],"version-history":[{"count":0,"href":"https:\/\/www.europesays.com\/hu\/wp-json\/wp\/v2\/posts\/148384\/revisions"}],"wp:featuredmedia":[{"embeddable":true,"href":"https:\/\/www.europesays.com\/hu\/wp-json\/wp\/v2\/media\/148385"}],"wp:attachment":[{"href":"https:\/\/www.europesays.com\/hu\/wp-json\/wp\/v2\/media?parent=148384"}],"wp:term":[{"taxonomy":"category","embeddable":true,"href":"https:\/\/www.europesays.com\/hu\/wp-json\/wp\/v2\/categories?post=148384"},{"taxonomy":"post_tag","embeddable":true,"href":"https:\/\/www.europesays.com\/hu\/wp-json\/wp\/v2\/tags?post=148384"}],"curies":[{"name":"wp","href":"https:\/\/api.w.org\/{rel}","templated":true}]}}