{"id":148400,"date":"2026-06-23T18:13:14","date_gmt":"2026-06-23T18:13:14","guid":{"rendered":"https:\/\/www.europesays.com\/hu\/148400\/"},"modified":"2026-06-23T18:13:14","modified_gmt":"2026-06-23T18:13:14","slug":"6-szinesz-aki-kis-hijan-megfutamodott-egy-ikonikus-szerep-elott","status":"publish","type":"post","link":"https:\/\/www.europesays.com\/hu\/148400\/","title":{"rendered":"6 sz\u00edn\u00e9sz, aki kis h\u00edj\u00e1n megfutamodott egy ikonikus szerep el\u0151tt"},"content":{"rendered":"<p>\n                        A filmszt\u00e1rokr\u00f3l hajlamosak vagyunk azt hinni, hogy magabiztosan l\u00e9pnek be minden forgat\u00e1sra, de az\u00e9rt ez nagyon nincs \u00edgy.                     <\/p>\n<p class=\"isSelectedEnd\">V\u00e9gs\u0151 soron ugyanis a sz\u00edn\u00e9szek is csak emberek, akik val\u00f3sz\u00edn\u0171leg egy-egy munka \u2013 f\u0151leg egy jelent\u0151s\u00e9gteljesebb feladat \u2013 el\u0151tt pontosan ugyan\u00fagy izgulnak, mint mondjuk, mi h\u00e9tk\u00f6znapi emberek, amikor munkahelyet v\u00e1ltunk vagy el\u0151l\u00e9ptetnek minket. Egy nagy szerep ugyanis nem csup\u00e1n lehet\u0151s\u00e9g, de elk\u00e9peszt\u0151 nyom\u00e1s is, hiszen mindenki figyel, minden rajong\u00f3nak megvan a v\u00e9lem\u00e9nye, pl\u00e1ne, ha egy ikonikus karakterr\u0151l van sz\u00f3, \u00e9s sokszor a n\u00e9z\u0151k m\u00e1r a bemutat\u00f3 el\u0151tt \u00edt\u00e9letet mondanak. Nem csoda, hogy az \u00e9vek sor\u00e1n t\u00f6bb ismert sz\u00edn\u00e9sz is bevallotta:\u00a0 egy-egy fontos szerep el\u0151tt kifejezetten f\u00e9lt.\u00a0<\/p>\n<p>&#13;<br \/>\nJoaquin Phoenix \u2013 Joker&#13;<br \/>\n&#13;<\/p>\n<p class=\"isSelectedEnd\">Joaquin Phoenix v\u00e9g\u00fcl Oscar-d\u00edjat kapott a Joker\u00e9rt, de ez nem jelenti azt , hogy m\u00e1r az els\u0151 pillanatt\u00f3l biztos volt mag\u00e1ban. Amikor felmer\u00fclt, hogy \u0151 j\u00e1tssza el Gotham legh\u00edresebb gonosztev\u0151j\u00e9t Todd Phillips filmj\u00e9ben, Phoenix el\u0151sz\u00f6r kifejezetten megr\u00e9m\u00fclt az \u00f6tlett\u0151l. Ez persze valahol teljesen \u00e9rhet\u0151 volt, hiszen a Joker nem egyszer\u0171 szerep, r\u00e1ad\u00e1sul kor\u00e1bban olyan ikonok b\u00fajtak a b\u0151r\u00e9be, mint Jack Nicholson, Heath Ledger \u00e9s Jared Leto. Ha pedig valaki \u00fagy d\u00f6nt, elv\u00e1llalja egy ilyen legend\u00e1s figura megform\u00e1l\u00e1s\u00e1t, akkor \u00f3hatatlanul is az \u00f6sszehasonl\u00edt\u00e1sok keresztt\u00fcz\u00e9ben tal\u00e1lhatja mag\u00e1t.\u00a0Phoenix is pontosan ett\u0151l tartott:, \u00e9s \u00fagy \u00e9rezte, ezt a figur\u00e1t m\u00e1r annyiszor megcsin\u00e1lt\u00e1k, hogy lehetetlen \u00fajat mondani r\u00f3la. A sz\u00edn\u00e9sz v\u00e9g\u00fcl m\u00e9gsem menek\u00fclt a kih\u00edv\u00e1s el\u0151l, \u00fagy d\u00f6nt\u00f6tt belev\u00e1g, \u00e9s h\u00e1t l\u00e1ssuk be, nagyon j\u00f3l tette.\u00a0<\/p>\n<p>&#13;<br \/>\nChris Pratt \u2013 A galaxis \u0151rz\u0151i&#13;<br \/>\n&#13;<\/p>\n<p class=\"isSelectedEnd\">Ma m\u00e1r neh\u00e9z elk\u00e9pzelni, hogy Chris Pratt valaha nem tartotta mag\u00e1t f\u0151szerepl\u0151-t\u00edpusnak, pedig miel\u0151tt Peter Quillk\u00e9nt, azaz \u0170rlordk\u00e9nt besz\u00e1guldott volna a Marvel-univerzumba nem volt benne biztos, hogy t\u00fal tud l\u00e9pni a komikus mell\u00e9kszerepein. A sz\u00edn\u00e9sz ugyanis saj\u00e1t bevall\u00e1sa szerint sok\u00e1ig komoly \u00f6nbizalomhi\u00e1nnyal k\u00fczd\u00f6tt. \u00dagy \u00e9rezte, hi\u00e1nyzik bel\u0151le az a bizonyos megfoghatatlan filmszt\u00e1r-min\u0151s\u00e9g, amit Hollywood keres, amikor pedig beh\u00edvta a Marvel A galaxis \u0151rz\u0151i miatt, akkor el\u0151sz\u00f6r nem is akart elmenni a tal\u00e1lkoz\u00f3ra. F\u00e9lt az elutas\u00edt\u00e1st\u00f3l, \u00e9s att\u00f3l is, hogy a teste nem felel meg annak, amit egy szuperh\u0151sfilm f\u0151szerepl\u0151j\u00e9t\u0151l elv\u00e1rnak. Azt\u00e1n m\u00e9gis elment a meghallgat\u00e1sra, ahol James Gunn rendez\u0151 sem volt biztos abban, hogy Pratt a t\u00f6k\u00e9letes v\u00e1laszt\u00e1s, de azt\u00e1n siker\u00fclt meggy\u0151znie a direktort. A sz\u00edn\u00e9sz a szerep kedv\u00e9\u00e9rt le is fogyott, szinte teljesen \u00e1talakult, de k\u00f6zben az\u00e9rt meg\u0151rizte azt a laza, kiss\u00e9 \u00f6nironikus energi\u00e1t, ami miatt Peter Quill nem lett egy \u00fajabb steril akci\u00f3h\u0151s.\u00a0<\/p>\n<p>&#13;<br \/>\nChris Evans \u2013 Amerika Kapit\u00e1ny&#13;<br \/>\n&#13;<\/p>\n<p class=\"isSelectedEnd\">Chris Evans esete k\u00fcl\u00f6n\u00f6sen \u00e9rdekes, mert \u0151 nem egyszer\u0171en f\u00e9lt Amerika Kapit\u00e1ny szerep\u00e9t\u0151l, de\u00a0 konkr\u00e9tan k\u00e9tszer is nemet mondott r\u00e1. Pedig ma m\u00e1r szinte lehetetlen m\u00e1st elk\u00e9pzelni Steve Rogersk\u00e9nt, Evans m\u00e9gis nagyon sok\u00e1ig \u00fagy \u00e9rezte, hogy ez a szerep t\u00fal nagy falat a sz\u00e1m\u00e1ra. A sz\u00edn\u00e9sz att\u00f3l tartott, ha elv\u00e1llalja a munk\u00e1t, akkor v\u00e9ge lesz annak a viszonylag norm\u00e1lis \u00e9let\u00e9nek, amiben m\u00e9g el tud menni egy meccsre vagy be tud ugrani egy boltba an\u00e9lk\u00fcl, hogy mindenki \u0151t figyelni. Tudta ugyanis, hogy ez nagyon durran\u00e1s lesz, az arc\u00e1t \u00e9s a nev\u00e9t pedig onnant\u00f3l mindenki ismerni fogja. R\u00e1ad\u00e1sul a Marvel eredetileg kilenc filmre akarta leszerz\u0151dtetni, ez pedig hihetetlen\u00fcl hossz\u00fa elk\u00f6telez\u0151d\u00e9snek t\u0171nt. Evans m\u00e9g a pszichol\u00f3gus\u00e1nak is besz\u00e9lt a dilemm\u00e1j\u00e1r\u00f3l, majd lassan r\u00e1j\u00f6tt, nem szakmai okokb\u00f3l mond nemet, csup\u00e1n f\u00e9lelemb\u0151l, v\u00e9g\u00fcl pedig \u00fagy d\u00f6nt\u00f6tt, nem hagyja, hogy a szorong\u00e1s gy\u0151zz\u00f6n.\u00a0Elv\u00e1llalta a szerepet, a t\u00f6bbi pedig t\u00e9nyleg t\u00f6rt\u00e9nelem.\u00a0<\/p>\n<p>&#13;<br \/>\nMargot Robbie \u2013 A Wall Street farkasa&#13;<br \/>\n&#13;<\/p>\n<p class=\"isSelectedEnd\">Margot Robbie A Wall Street farkas\u00e1val robbant be igaz\u00e1n Hollywoodba, de a Naomi Lapaglia szerep\u00e9t\u0151l eleinte nagyon f\u00e9lt. A forgat\u00f3k\u00f6nyvben ugyanis \u00fagy jellemezt\u00e9k a figur\u00e1t, mint a a legd\u00f6g\u00f6sebb sz\u0151ke n\u0151t, akit valaha l\u00e1ttunk. Ez a mondat Robbie fej\u00e9ben azonnal teherr\u00e9 v\u00e1lt, \u00e9s att\u00f3l rettegett, hogy a n\u00e9z\u0151k majd r\u00e1n\u00e9znek a v\u00e1sznon \u00e9s azt gondolj\u00e1k, h\u00e1t, az\u00e9rt ennyire nem nagy sz\u00e1m. A sz\u00edn\u00e9szn\u0151 ennek ellen\u00e9re nem hagyta, hogy a f\u00e9lelem fel\u00fclkerekedjen, a produkci\u00f3ban pedig \u00fagy pr\u00f3b\u00e1lta megform\u00e1lni\u00a0Naomit, hogy ne puszt\u00e1n Jordan Belfort csinos feles\u00e9ge legyen, sokkal ink\u00e1bb egy olyan n\u0151, aki tiszt\u00e1ban van a saj\u00e1t erej\u00e9vel.\u00a0<\/p>\n<p>&#13;<br \/>\nJennifer Lawrence \u2013 V\u00f6r\u00f6s ver\u00e9b&#13;<br \/>\n&#13;<\/p>\n<p class=\"isSelectedEnd\">Jennifer Lawrence a V\u00f6r\u00f6s ver\u00e9b f\u0151szerep\u00e9re mondott majdnem nemet, ennek pedig nagyon szem\u00e9lyes oka volt.\u00a02014-ben t\u00f6bb h\u00edress\u00e9ghez hasonl\u00f3an az \u0151 priv\u00e1t fot\u00f3i is nyilv\u00e1noss\u00e1gra ker\u00fcltek egy hackert\u00e1mad\u00e1s ut\u00e1n, a sz\u00edn\u00e9szn\u0151 pedig rendk\u00edv\u00fcl rosszul \u00e9lte meg a helyzetet, arr\u00f3l besz\u00e9lt k\u00e9s\u0151bb, hogy \u00fagy \u00e9rezte, elvesztette a teste felett a kontrollt.\u00a0A t\u00f6rt\u00e9ntek azt is mondta, t\u00f6bbet nem v\u00e1llal olyan szerepet,\u00a0amelyben a szexualit\u00e1sa vagy a teste hangs\u00falyos helyzetbe ker\u00fcl. Azt\u00e1n megkapta a V\u00f6r\u00f6s ver\u00e9b aj\u00e1nlat\u00e1t, amelyben egy orosz balerin\u00e1b\u00f3l lett k\u00e9met alak\u00edtott, a t\u00f6rt\u00e9net pedig tele van hatalmi j\u00e1tszm\u00e1kkal, kiszolg\u00e1ltatotts\u00e1ggal \u00e9s szexu\u00e1lis manipul\u00e1ci\u00f3val. Lawrence v\u00e9g\u00fcl paradox m\u00f3don pont az\u00e9rt mondott igent, mert \u00fagy v\u00e9lte,\u00a0ezzel visszavehet valamit abb\u00f3l, amit kor\u00e1bban er\u0151szakkal elvettek t\u0151le.\u00a0<\/p>\n<p>&#13;<br \/>\nEmma Stone \u2013 Kaliforniai \u00e1lom&#13;<br \/>\n&#13;<\/p>\n<p class=\"isSelectedEnd\">Emma Stone ny\u00edltan besz\u00e9lt arr\u00f3l, hogy gyerekkora \u00f3ta k\u00fczd szorong\u00e1ssal \u00e9s p\u00e1nikrohamokkal. A sz\u00edn\u00e9szet sz\u00e1m\u00e1ra sok\u00e1ig menek\u00fcl\u0151\u00fat is volt,\u00a0 egy olyan t\u00e9r, ahol m\u00e1s ember b\u0151r\u00e9be b\u00fajhatott, \u00e9s k\u00f6zben feldolgozhatta a saj\u00e1t f\u00e9lelmeit. A Kaliforniai \u00e1lom m\u00e9gis komoly dilemm\u00e1t okozott neki, ugyanis\u00a0Damien Chazelle musicalje el\u0151tt Stone a Broadwayn j\u00e1tszott a Kabar\u00e9ban, ez pedig fizikailag \u00e9s hangilag is megterhel\u0151 id\u0151szak volt sz\u00e1m\u00e1ra. Elmond\u00e1sa szerint a hangja kimer\u00fclt, nehezen v\u00e9szelte \u00e1t az el\u0151ad\u00e1sokat, ez\u00e9rt amikor felmer\u00fclt egy \u00fajabb zen\u00e9s szerep gondolata, els\u0151 reakci\u00f3ja nagyj\u00e1b\u00f3l az volt: kiz\u00e1rt dolog. R\u00e1ad\u00e1sul a Kaliforniai \u00e1lom nem kis v\u00e1llal\u00e1s volt, hiszen \u00e9nekelni, t\u00e1ncolni, \u00e9rzelmileg kit\u00e1rulkozni kellett, mindezt \u00fagy, hogy a film egyszerre id\u00e9zte a klasszikus hollywoodi musicaleket \u00e9s pr\u00f3b\u00e1lt modern t\u00f6rt\u00e9net lenni. Stone att\u00f3l tartott, hogy egyszer\u0171en lehetetlen lesz j\u00f3l megcsin\u00e1lni, de v\u00e9g\u00fcl m\u00e9gis belev\u00e1gott, Mia szerepe pedig Oscar-d\u00edjat hozott neki.\u00a0<\/p>\n<p>&#13;<\/p>\n<p><a href=\"https:\/\/port.hu\/cikk\/mozi\/7-szinesz-aki-titokban-tobb-szerepet-is-eljatszott-ugyanabban-a-filmben\/article-127880\" target=\"_blank\" rel=\"noopener nofollow\"><img decoding=\"async\" src=\"https:\/\/www.europesays.com\/hu\/wp-content\/uploads\/2026\/06\/1782238393_945_882.webp\" width=\"300\"\/><\/a><a href=\"https:\/\/port.hu\/cikk\/mozi\/7-szinesz-aki-titokban-tobb-szerepet-is-eljatszott-ugyanabban-a-filmben\/article-127880\" target=\"_blank\" rel=\"noopener nofollow\">7 sz\u00edn\u00e9sz, aki titokban t\u00f6bb szerepet is elj\u00e1tszott ugyanabban a filmben<\/a><\/p>\n<p>Nem ritka, hogy egy sz\u00edn\u00e9sz t\u00f6bb szerepet is elj\u00e1tszik ugyanabban a produkci\u00f3ban, de vannak esetek, amikor ezt a n\u00e9z\u0151k szinte \u00e9szre sem veszik.<\/p>\n<p><a class=\"article-btn\" target=\"_blank\" href=\"https:\/\/port.hu\/cikk\/mozi\/7-szinesz-aki-titokban-tobb-szerepet-is-eljatszott-ugyanabban-a-filmben\/article-127880\" rel=\"noopener nofollow\">Tov\u00e1bb<\/a><\/p>\n<p>&#13;<\/p>\n<p class=\"isSelectedEnd\">via <a href=\"https:\/\/www.looper.com\/146349\/actors-that-were-frightened-of-their-role-before-they-even-started-filming\/\" target=\"_blank\" rel=\"noopener nofollow\">Looper<\/a>\u00a0<\/p>\n<p>                <a href=\"https:\/\/google.com\/preferences\/source?q=https:\/\/port.hu\" target=\"_blank\" class=\"google-pref-banner\" id=\"googlePrefBanner\" rel=\"nofollow noopener\"><br \/>\n                    <img loading=\"lazy\" decoding=\"async\" src=\"https:\/\/port.hu\/img\/svg\/google-logo.svg\" width=\"52\" height=\"52\"\/><br \/>\n                    Itt \u00e1ll\u00edtsa be, hogy a Port az els\u0151k k\u00f6z\u00f6tt legyen a Google-tal\u00e1latokban!<\/p>\n<p>                <\/a><\/p>\n","protected":false},"excerpt":{"rendered":"A filmszt\u00e1rokr\u00f3l hajlamosak vagyunk azt hinni, hogy magabiztosan l\u00e9pnek be minden forgat\u00e1sra, de az\u00e9rt ez nagyon nincs \u00edgy.&hellip;\n","protected":false},"author":2,"featured_media":148401,"comment_status":"","ping_status":"","sticky":false,"template":"","format":"standard","meta":{"footnotes":"","_share_on_mastodon":"0"},"categories":[21],"tags":[198,5327,22016,7627,137,199,44,42,40,549,45257,43,41,1251,166,138],"class_list":["post-148400","post","type-post","status-publish","format-standard","has-post-thumbnail","category-hiressegek","tag-celebrities","tag-chris-evans","tag-chris-pratt","tag-emma-stone","tag-entertainment","tag-hiressegek","tag-hu","tag-hungarian","tag-hungary","tag-jennifer-lawrence","tag-joaquin-phoenix","tag-magyar","tag-magyarorszag","tag-margot-robbie","tag-mozi","tag-szorakozas"],"share_on_mastodon":{"url":"https:\/\/pubeurope.com\/@hu\/116800782624656090","error":""},"_links":{"self":[{"href":"https:\/\/www.europesays.com\/hu\/wp-json\/wp\/v2\/posts\/148400","targetHints":{"allow":["GET"]}}],"collection":[{"href":"https:\/\/www.europesays.com\/hu\/wp-json\/wp\/v2\/posts"}],"about":[{"href":"https:\/\/www.europesays.com\/hu\/wp-json\/wp\/v2\/types\/post"}],"author":[{"embeddable":true,"href":"https:\/\/www.europesays.com\/hu\/wp-json\/wp\/v2\/users\/2"}],"replies":[{"embeddable":true,"href":"https:\/\/www.europesays.com\/hu\/wp-json\/wp\/v2\/comments?post=148400"}],"version-history":[{"count":0,"href":"https:\/\/www.europesays.com\/hu\/wp-json\/wp\/v2\/posts\/148400\/revisions"}],"wp:featuredmedia":[{"embeddable":true,"href":"https:\/\/www.europesays.com\/hu\/wp-json\/wp\/v2\/media\/148401"}],"wp:attachment":[{"href":"https:\/\/www.europesays.com\/hu\/wp-json\/wp\/v2\/media?parent=148400"}],"wp:term":[{"taxonomy":"category","embeddable":true,"href":"https:\/\/www.europesays.com\/hu\/wp-json\/wp\/v2\/categories?post=148400"},{"taxonomy":"post_tag","embeddable":true,"href":"https:\/\/www.europesays.com\/hu\/wp-json\/wp\/v2\/tags?post=148400"}],"curies":[{"name":"wp","href":"https:\/\/api.w.org\/{rel}","templated":true}]}}