{"id":148927,"date":"2026-06-24T06:38:11","date_gmt":"2026-06-24T06:38:11","guid":{"rendered":"https:\/\/www.europesays.com\/hu\/148927\/"},"modified":"2026-06-24T06:38:11","modified_gmt":"2026-06-24T06:38:11","slug":"index-belfold-tarr-zoltan-bejelentette-megkezdi-munkajat-a-kozmediat-iranyito-ideiglenes-vezetes","status":"publish","type":"post","link":"https:\/\/www.europesays.com\/hu\/148927\/","title":{"rendered":"Index &#8211; Belf\u00f6ld &#8211; Tarr Zolt\u00e1n bejelentette, megkezdi munk\u00e1j\u00e1t a k\u00f6zm\u00e9di\u00e1t ir\u00e1ny\u00edt\u00f3 ideiglenes vezet\u00e9s"},"content":{"rendered":"<p>                <a href=\"https:\/\/index.hu\/szerzo\/olah_zsanett\" rel=\"nofollow noopener\" target=\"_blank\"><br \/>\n                        <img decoding=\"async\" class=\"szerzo-kep\" src=\"https:\/\/www.europesays.com\/hu\/wp-content\/uploads\/2026\/06\/1782283091_641_68042483_5023425_6c25dbf93ee8e9917e996ebccc7002db_wm.jpg\" alt=\"Ol\u00e1h Zsanett\"\/><br \/>\n                <\/a><\/p>\n<p>\n                \u00c1tmeneti vezet\u00e9s veszi \u00e1t a k\u00f6zm\u00e9di\u00e1t azt k\u00f6vet\u0151en, hogy lev\u00e1ltott\u00e1k a jelenlegi vezet\u0151ket, ez id\u0151 alatt b\u00e1rki be tud kapcsol\u00f3dni az \u00e1talak\u00edt\u00e1s folyamat\u00e1ba. Tarr Zolt\u00e1n emellett azt is k\u00f6z\u00f6lte, hogy Gr\u00f3sz Judit miniszteri biztos seg\u00edts\u00e9g\u00e9vel megindul egy szakmai \u00e9s anyagi audit, amely a k\u00f6zm\u00e9dia kor\u00e1bbi m\u0171k\u00f6d\u00e9s\u00e9t t\u00e1rja fel.            <\/p>\n<p>\u201eA k\u00f6zm\u00e9dia \u00e1talak\u00edt\u00e1s\u00e1nak folyamat\u00e1ba b\u00e1rki bekapcsol\u00f3dhat, amint az \u00e1tmeneti vezet\u00e9s \u00e1tveszi az ir\u00e1ny\u00edt\u00e1st, megind\u00edtj\u00e1k a t\u00e1rsadalmi p\u00e1rbesz\u00e9det\u201d \u2013 mondta Tarr Zolt\u00e1n kedd este Facebook-vide\u00f3j\u00e1ban.<\/p>\n<p>A t\u00e1rsadalmi kapcsolatok\u00e9rt \u00e9s kult\u00far\u00e1\u00e9rt felel\u0151s miniszter felid\u00e9zte, hogy kedden <a href=\"https:\/\/index.hu\/belfold\/2026\/06\/23\/orszaggyules-parlament-kozmedia-mtva\/\" id=\"hyperlink_ca3145a8e5d12662d4adefb1e3c9c670\" target=\"_blank\" title=\"Teljesen \u00e1talakul a k\u00f6zm\u00e9dia, megszavazt\u00e1k a tisz\u00e1s k\u00e9pvisel\u0151k javaslat\u00e1t\" rel=\"nofollow noopener\">az Orsz\u00e1ggy\u0171l\u00e9s meghat\u00e1roz\u00f3 t\u00f6bbs\u00e9ggel elfogadta a m\u00e9diat\u00f6rv\u00e9ny m\u00f3dos\u00edt\u00e1s\u00e1t<\/a>, \u00e9s amint a k\u00f6zt\u00e1rsas\u00e1gi eln\u00f6k al\u00e1\u00edrja a jogszab\u00e1lyt, megkezd\u0151dhet a k\u00f6zm\u00e9dia \u00e1talak\u00edt\u00e1sa.<\/p>\n<p>A k\u00f6zm\u00e9dia \u00e1talak\u00edt\u00e1s\u00e1nak folyamat\u00e1ba b\u00e1rki be fog tudni majd kapcsol\u00f3dni, hiszen abban a pillanatban, amikor le tudjuk v\u00e1ltani a jelenlegi vezet\u0151ket, egy \u00e1tmeneti vezet\u00e9s veszi \u00e1t az ir\u00e1ny\u00edt\u00e1st, akik meg fogj\u00e1k ind\u00edtani azt a t\u00e1rsadalmi p\u00e1rbesz\u00e9det, amelynek sor\u00e1n minden szakmai szervezetet, \u00e9rdekl\u0151d\u0151ket be fogunk vonni abba a besz\u00e9lget\u00e9sbe, amelynek c\u00e9lja annak k\u00f6z\u00f6s elhat\u00e1roz\u00e1sa, meg\u00e1llap\u00edt\u00e1sa, hogy milyen k\u00f6zm\u00e9di\u00e1t szeretn\u00e9nk<\/p>\n<p>\u2013\u00a0k\u00f6z\u00f6lte Tarr.<\/p>\n<p>                        Szakmai fel\u00fclvizsg\u00e1lat indul a kor\u00e1bbi k\u00f6zm\u00e9dia m\u0171k\u00f6d\u00e9se miatt<\/p>\n<p>A vide\u00f3hoz mell\u00e9kelt posztban a miniszter felid\u00e9zte, hogy Gr\u00f3sz Judit miniszteri biztos koordin\u00e1ci\u00f3j\u00e1val a k\u00f6zm\u00e9di\u00e1t ir\u00e1ny\u00edt\u00f3 ideiglenes vezet\u00e9s megkezdi a munk\u00e1j\u00e1t. Szakmai \u00e9s anyagi audit indul, amely \u201efelt\u00e1rja majd a kor\u00e1bbi k\u00f6zm\u00e9dia m\u0171k\u00f6d\u00e9s\u00e9t\u201d.<\/p>\n<p>\u00dagy fogalmazott: a k\u00f6zm\u00e9dia a Fidesz-KDNP alatt rengeteg k\u00f6zp\u00e9nzt haszn\u00e1lt fel, de a k\u00f6zt nem, csak a politikai hatalmat szolg\u00e1lta. \u201eVissza kell ez\u00e9rt adnunk a k\u00f6zm\u00e9di\u00e1t annak, akit megillet: a magyar embereknek\u201d\u00a0\u2013 hangs\u00falyozta.<\/p>\n<p>\u201e\u00c9pp ez\u00e9rt tartjuk fontosnak, hogy p\u00e1rbesz\u00e9det ind\u00edtsunk a szakm\u00e1val \u00e9s a t\u00e1rsadalommal. Mert a k\u00f6zm\u00e9dia a k\u00f6z\u00e9, ez\u00e9rt joga van az embereknek ahhoz, hogy a k\u00f6zm\u00e9dia j\u00f6v\u0151je az akaratuk szerint alakuljon\u201d\u00a0\u2013 \u00edrta Tarr Zolt\u00e1n.<\/p>\n<p>\n                          (Bor\u00edt\u00f3k\u00e9p: Tarr Zolt\u00e1n az Orsz\u00e1ggy\u0171l\u00e9s plen\u00e1ris \u00fcl\u00e9s\u00e9n 2026. j\u00fanius 15-\u00e9n. Fot\u00f3:\u00a0Papajcsik P\u00e9ter \/ Index)\u00a0\n                        <\/p>\n<p><a href=\"https:\/\/dex.hu\/x.php?id=googlepref_desktop&amp;url=https:\/\/google.com\/preferences\/source?q=https:\/\/index.hu\" class=\"google-pref-banner \" id=\"googlePrefBanner\" rel=\"nofollow noopener\" target=\"_blank\"><\/p>\n<p>    Itt \u00e1ll\u00edtsa be, hogy az Index az els\u0151k k\u00f6z\u00f6tt legyen a Google-tal\u00e1latokban!<\/p>\n<p><\/a><\/p>\n<p>    <img decoding=\"async\" src=\"https:\/\/index.hu\/assets\/images\/social-follow\/logo-big.svg\" alt=\"Index.hu logo\"\/><\/p>\n<p>K\u00f6vesse az Indexet Facebookon is!<\/p>\n<p>    <a href=\"https:\/\/facebook.com\/Indexhu\" target=\"_blank\" rel=\"nofollow noopener\"><\/p>\n<p>        K\u00f6vetem!<br \/>\n    <\/a><\/p>\n","protected":false},"excerpt":{"rendered":"\u00c1tmeneti vezet\u00e9s veszi \u00e1t a k\u00f6zm\u00e9di\u00e1t azt k\u00f6vet\u0151en, hogy lev\u00e1ltott\u00e1k a jelenlegi vezet\u0151ket, ez id\u0151 alatt b\u00e1rki be&hellip;\n","protected":false},"author":2,"featured_media":148928,"comment_status":"","ping_status":"","sticky":false,"template":"","format":"standard","meta":{"footnotes":"","_share_on_mastodon":"0"},"categories":[33],"tags":[8269,80,152,38,40928,35,37,44,42,40,6528,43,41,34,10425,13794,36,245,39],"class_list":["post-148927","post","type-post","status-publish","format-standard","has-post-thumbnail","category-hirek","tag-atalakitas","tag-belfold","tag-ce-napi","tag-focimek","tag-grosz-judit","tag-headlines","tag-hirek","tag-hu","tag-hungarian","tag-hungary","tag-kozmedia","tag-magyar","tag-magyarorszag","tag-news","tag-parbeszed","tag-tarr-zoltan","tag-top-stories","tag-vezetes","tag-vezeto-hirek"],"share_on_mastodon":{"url":"https:\/\/pubeurope.com\/@hu\/116803711987578064","error":""},"_links":{"self":[{"href":"https:\/\/www.europesays.com\/hu\/wp-json\/wp\/v2\/posts\/148927","targetHints":{"allow":["GET"]}}],"collection":[{"href":"https:\/\/www.europesays.com\/hu\/wp-json\/wp\/v2\/posts"}],"about":[{"href":"https:\/\/www.europesays.com\/hu\/wp-json\/wp\/v2\/types\/post"}],"author":[{"embeddable":true,"href":"https:\/\/www.europesays.com\/hu\/wp-json\/wp\/v2\/users\/2"}],"replies":[{"embeddable":true,"href":"https:\/\/www.europesays.com\/hu\/wp-json\/wp\/v2\/comments?post=148927"}],"version-history":[{"count":0,"href":"https:\/\/www.europesays.com\/hu\/wp-json\/wp\/v2\/posts\/148927\/revisions"}],"wp:featuredmedia":[{"embeddable":true,"href":"https:\/\/www.europesays.com\/hu\/wp-json\/wp\/v2\/media\/148928"}],"wp:attachment":[{"href":"https:\/\/www.europesays.com\/hu\/wp-json\/wp\/v2\/media?parent=148927"}],"wp:term":[{"taxonomy":"category","embeddable":true,"href":"https:\/\/www.europesays.com\/hu\/wp-json\/wp\/v2\/categories?post=148927"},{"taxonomy":"post_tag","embeddable":true,"href":"https:\/\/www.europesays.com\/hu\/wp-json\/wp\/v2\/tags?post=148927"}],"curies":[{"name":"wp","href":"https:\/\/api.w.org\/{rel}","templated":true}]}}