{"id":149337,"date":"2026-06-24T13:08:08","date_gmt":"2026-06-24T13:08:08","guid":{"rendered":"https:\/\/www.europesays.com\/hu\/149337\/"},"modified":"2026-06-24T13:08:08","modified_gmt":"2026-06-24T13:08:08","slug":"telex-kiemelten-a-parajdi-banyaval-indokoltak-a-romaniai-arvizkarok-enyhiteset-az-ep-ben","status":"publish","type":"post","link":"https:\/\/www.europesays.com\/hu\/149337\/","title":{"rendered":"Telex: Kiemelten a parajdi b\u00e1ny\u00e1val indokolt\u00e1k a rom\u00e1niai \u00e1rv\u00edzk\u00e1rok enyh\u00edt\u00e9s\u00e9t az EP-ben"},"content":{"rendered":"<p><a href=\"https:\/\/telex.hu\/szerzo\/marton-balazs\" class=\"author__avatar\" rel=\"nofollow noopener\" target=\"_blank\"><img decoding=\"async\" src=\"https:\/\/www.europesays.com\/hu\/wp-content\/uploads\/2026\/06\/1782306488_545_1652102421-temp-lGOBMl_avatar@4x.jpg\" alt=\"M\u00e1rton Bal\u00e1zs\" class=\"avatar\" loading=\"lazy\"\/><\/a><\/p>\n<p>\u00c1ll\u00edtsd be a Telexet megb\u00edzhat\u00f3 forr\u00e1snak!<\/p>\n<p>Kedden az Eur\u00f3pai Parlament (EP) k\u00f6lts\u00e9gvet\u00e9si szakbizotts\u00e1ga megszavazta, hogy Rom\u00e1nia 14,3 milli\u00f3 eur\u00f3 t\u00e1mogat\u00e1st kapjon az Eur\u00f3pai Uni\u00f3 Szolidarit\u00e1si Alapj\u00e1b\u00f3l a 2025-\u00f6s \u00e1rv\u00edzk\u00e1rok helyre\u00e1ll\u00edt\u00e1s\u00e1ra, <a href=\"https:\/\/transtelex.ro\/kozelet\/2026\/06\/23\/eu-szolidaritasi-alap-romania-parajd-143-millio-euro\" target=\"_blank\" rel=\"nofollow noopener\">\u00edrta a Transtelex<\/a>. Az RMDSZ EP-k\u00e9pvisel\u0151je, <a href=\"https:\/\/www.facebook.com\/reel\/2086574935623119\/?s=single_unit\" target=\"_blank\" rel=\"nofollow noopener\">Vincze Lor\u00e1nt egy Facebook-vide\u00f3j\u00e1ban kiemelte<\/a>, hogy a hat\u00e1rozat eml\u00edti a parajdi s\u00f3b\u00e1ny\u00e1t \u00e9s a Korond patak \u00e1ltal megrong\u00e1lt v\u00edz\u00fcgyi infrastrukt\u00far\u00e1t is.<\/p>\n<p>A <a href=\"https:\/\/www.europarl.europa.eu\/doceo\/document\/BUDG-PR-789090_HU.pdf\" target=\"_blank\" rel=\"nofollow noopener\">dokumentum<\/a> szerint 2025 m\u00e1jus\u00e1ban \u00e9s j\u00fanius\u00e1ban \u201et\u00f6bb napon \u00e1t tart\u00f3 s\u00falyos es\u0151z\u00e9sek \u00e1rad\u00e1sokhoz vezettek\u201d a k\u00f6z\u00e9p-rom\u00e1niai, d\u00e9l-munt\u00e9niai \u00e9s \u00e9szakkeleti t\u00e9rs\u00e9gekben.<\/p>\n<p>\u201eA legnagyobb k\u00e1rokat a parajdi s\u00f3b\u00e1ny\u00e1ban jegyezt\u00e9k fel,<\/p>\n<p>ahol a meg\u00e1radt Korond patak vize elmosta a foly\u00f3meder egy r\u00e9sz\u00e9t, s\u00falyosan k\u00e1ros\u00edtva a ter\u00fclet hidrotechnikai infrastrukt\u00far\u00e1j\u00e1t, \u00e9s behatolt a s\u00f3b\u00e1ny\u00e1ba. Az \u00e1rv\u00edz k\u00e1rokat okozott a s\u00f3b\u00e1nya tart\u00f3pill\u00e9reinek stabilit\u00e1s\u00e1ban \u00e9s k\u00e1ros\u00edtotta a ter\u00fclet szerkezeti \u00e9ps\u00e9g\u00e9t.\u201d<\/p>\n<p>A dokumentum indokl\u00e1sa is kiemelte, hogy \u201eaz \u00e1rad\u00e1sok jelent\u0151s k\u00e1rokat okoztak a parajdi s\u00f3b\u00e1ny\u00e1ban \u00e9s a kapcsol\u00f3d\u00f3 hidrotechnikai infrastrukt\u00far\u00e1ban\u201d.<\/p>\n<p>Az <a href=\"https:\/\/www.europarl.europa.eu\/news\/en\/press-room\/20260622IPR45907\/meps-back-eu-support-for-cyprus-romania-and-spain-after-natural-disasters\" target=\"_blank\" rel=\"nofollow noopener\">EP k\u00f6zlem\u00e9nye<\/a> alapj\u00e1n a hat\u00e1rozatot egyhang\u00falag, tart\u00f3zkod\u00e1s vagy ellenz\u00e9s n\u00e9lk\u00fcl szavazt\u00e1k meg a szakbizotts\u00e1g jelen l\u00e9v\u0151 k\u00e9pvisel\u0151i.<\/p>\n<p>Ahogy azt a Transtelex \u00edrta, arr\u00f3l egyel\u0151re nincs hivatalos d\u00f6nt\u00e9s, hogy a t\u00e1mogat\u00e1sb\u00f3l mekkora \u00f6sszeg jut majd Parajdra. A p\u00e9nz felhaszn\u00e1l\u00e1s\u00e1r\u00f3l \u00e9s eloszt\u00e1s\u00e1r\u00f3l Rom\u00e1nia hat\u00f3s\u00e1gai d\u00f6ntenek, miut\u00e1n az EP plen\u00e1ris \u00fcl\u00e9se \u00e9s az EU miniszteri test\u00fclete is j\u00f3v\u00e1hagyja a t\u00e1mogat\u00e1s foly\u00f3s\u00edt\u00e1s\u00e1t.<\/p>\n<p>Partnereinkt\u0151l<\/p>\n<p>\u00c1ll\u00edtsd be a Telexet megb\u00edzhat\u00f3 forr\u00e1snak!<\/p>\n<p>K\u00f6vess minket Facebookon is!<\/p>\n<p> Tov\u00e1bbi \u00e9l\u0151 \u00e1rfolyamok! <\/p>\n","protected":false},"excerpt":{"rendered":"\u00c1ll\u00edtsd be a Telexet megb\u00edzhat\u00f3 forr\u00e1snak! Kedden az Eur\u00f3pai Parlament (EP) k\u00f6lts\u00e9gvet\u00e9si szakbizotts\u00e1ga megszavazta, hogy Rom\u00e1nia 14,3 milli\u00f3&hellip;\n","protected":false},"author":2,"featured_media":149338,"comment_status":"","ping_status":"","sticky":false,"template":"","format":"standard","meta":{"footnotes":"","_share_on_mastodon":"0"},"categories":[8],"tags":[3060,2347,2710,429,63,42,45461,64,43,34,21366,94,93,92],"class_list":["post-149337","post","type-post","status-publish","format-standard","has-post-thumbnail","category-vilag","tag-arviz","tag-ep-2026","tag-erdely","tag-europai-unio","tag-gazdasag","tag-hungarian","tag-karenyhites","tag-kulfold","tag-magyar","tag-news","tag-parajdi-sobanya","tag-vilag","tag-world","tag-world-news"],"share_on_mastodon":{"url":"https:\/\/pubeurope.com\/@hu\/116805245656789890","error":""},"_links":{"self":[{"href":"https:\/\/www.europesays.com\/hu\/wp-json\/wp\/v2\/posts\/149337","targetHints":{"allow":["GET"]}}],"collection":[{"href":"https:\/\/www.europesays.com\/hu\/wp-json\/wp\/v2\/posts"}],"about":[{"href":"https:\/\/www.europesays.com\/hu\/wp-json\/wp\/v2\/types\/post"}],"author":[{"embeddable":true,"href":"https:\/\/www.europesays.com\/hu\/wp-json\/wp\/v2\/users\/2"}],"replies":[{"embeddable":true,"href":"https:\/\/www.europesays.com\/hu\/wp-json\/wp\/v2\/comments?post=149337"}],"version-history":[{"count":0,"href":"https:\/\/www.europesays.com\/hu\/wp-json\/wp\/v2\/posts\/149337\/revisions"}],"wp:featuredmedia":[{"embeddable":true,"href":"https:\/\/www.europesays.com\/hu\/wp-json\/wp\/v2\/media\/149338"}],"wp:attachment":[{"href":"https:\/\/www.europesays.com\/hu\/wp-json\/wp\/v2\/media?parent=149337"}],"wp:term":[{"taxonomy":"category","embeddable":true,"href":"https:\/\/www.europesays.com\/hu\/wp-json\/wp\/v2\/categories?post=149337"},{"taxonomy":"post_tag","embeddable":true,"href":"https:\/\/www.europesays.com\/hu\/wp-json\/wp\/v2\/tags?post=149337"}],"curies":[{"name":"wp","href":"https:\/\/api.w.org\/{rel}","templated":true}]}}